{"id":539,"date":"2021-02-25T13:23:38","date_gmt":"2021-02-25T18:23:38","guid":{"rendered":"https:\/\/fmahaiti.org\/site\/?p=539"},"modified":"2021-04-07T11:06:23","modified_gmt":"2021-04-07T15:06:23","slug":"soeur-marie-annonce-de-deces","status":"publish","type":"post","link":"https:\/\/fmahaiti.org\/site\/2021\/02\/25\/soeur-marie-annonce-de-deces\/","title":{"rendered":"S\u0153ur Marie Th\u00e9r\u00e8se Lamaute: Annonce de D\u00e9c\u00e8s"},"content":{"rendered":"<h4 style=\"text-align: center; font-family: comic sans ms,cursive; color: #ff0000;\">\u2021 25 F\u00e9vrier 2021<\/h4>\n<div class=\"texte\" style=\"margin: 5px 30px;\">\n<p style=\"text-align: justify; font-size: 13pt;\"><img data-recalc-dims=\"1\" loading=\"lazy\" decoding=\"async\" class=\"size-medium wp-image-40 alignleft\" src=\"https:\/\/i0.wp.com\/fmahaiti.org\/site\/wp-content\/uploads\/2021\/02\/mtlamaute2-242x300.jpeg?resize=242%2C300\" alt=\"\" width=\"242\" height=\"300\" srcset=\"https:\/\/i0.wp.com\/fmahaiti.org\/site\/wp-content\/uploads\/2021\/02\/mtlamaute2.jpeg?resize=242%2C300&amp;ssl=1 242w, https:\/\/i0.wp.com\/fmahaiti.org\/site\/wp-content\/uploads\/2021\/02\/mtlamaute2.jpeg?w=573&amp;ssl=1 573w\" sizes=\"auto, (max-width: 242px) 100vw, 242px\" \/>Les Filles de Marie Auxiliatrice, Sal\u00e9siennes de Don Bosco vous font part, dans la foi, du d\u00e9part vers la Maison du P\u00e8re de leur ch\u00e8re: Soeur Lamercie Marie Th\u00e9r\u00e8se Lamaute survenu le 25 f\u00e9vrier 2021, vers 1h 40 PM.<\/p>\n<p style=\"text-align: justify; font-size: 13pt;\">Soeur Lamercie Marie Th\u00e9r\u00e8se Lamaute, premi\u00e8re Fille de Marie Auxiliatrice d&rsquo;HaIti, est n\u00e9e le 24 mai 1919 \u00e0 Port-au-Prince. Elle \u00e9tait dans sa 71\u00e8me ann\u00e9e de profession religieuse. Elle avait 101 ans et 9 mois. Elle a travaill\u00e9 dans plusieurs de nos communaut\u00e9s, pr\u00eatant son service comme organiste, enseignante, peintre, responsable de la chapelle, du r\u00e9fectoire, du th\u00e9\u00e2tre, responsable de Chronique, professeur de piano, de fran\u00e7ais, assistante d&rsquo;\u00e9tudes et des internes, cat\u00e9ch\u00e8te, animatrice du patronage et dans diverses autres responsabilit\u00e9s avec grande disponibilit\u00e9, humilit\u00e9, joie et amour.<\/p>\n<figure style=\"width: 300px\" class=\"wp-caption alignright\"><a href=\"http:\/\/fmahaiti.org\/site\/2021\/02\/28\/soeur-marie-therese-lamaute-livre-dor\/\"><img data-recalc-dims=\"1\" loading=\"lazy\" decoding=\"async\" title=\"Livre d'or: Partagez vos souvenirs\" src=\"https:\/\/i0.wp.com\/fmahaiti.org\/site\/wp-content\/uploads\/2021\/02\/livre_or-300x180.jpg?resize=300%2C180\" alt=\"Livre d'or\" width=\"300\" height=\"180\" \/><\/a><figcaption class=\"wp-caption-text\">Livre d&rsquo;or: Partagez vos souvenirs<\/figcaption><\/figure>\n<p style=\"text-align: justify; font-size: 13pt;\">Que son \u00e2me repose aupr\u00e8s du P\u00e8re et qu&rsquo;elle soit intercession pour la paix dans le monde et sp\u00e9cialement en Haiti. Elle nous aimait toutes&#8230; Elle aimait tellement les vocations&#8230;<\/p>\n<p style=\"text-align: justify; font-size: 13pt;\">La veill\u00e9e de pri\u00e8re se fera \u00e0 la Maison Provinciale, Avenue du Chili, le vendredi 5 mars 2021 de 4h PM \u00e0 5h PM<\/p>\n<p style=\"text-align: justify; font-size: 13pt;\">Les fun\u00e9railles seront chant\u00e9es sur le campus des Sal\u00e9siennes \u00e0 Thorland le 6 mars 2021, avec l&rsquo;exposition du Corps \u00e0 7h AM, et C\u00e9l\u00e9bration Eucharistique \u00e0 8h AM.<\/p>\n<p style=\"margin-left: 5px; border-left: 2px solid #996633; padding-left: 15px;\">En lieu et place de fleurs, un don peut \u00eatre adress\u00e9 \u00e0 la Province; ce, en vue de l&rsquo;ouverture d&rsquo;un internat dans la nouvelle maison \u00ab Marie Auxiliatrice \u00bb de Gommier \u00e0 J\u00e9r\u00e9mie, dans la Grande Anse. L&rsquo;internat portera le nom de \u00ab Soeur Marie Th\u00e9r\u00e8se Lamaute \u00bb.<\/p>\n<\/div>\n","protected":false},"excerpt":{"rendered":"<p>Sr Marie Th\u00e9r\u00e8se Lamaute, une Fille de Marie Auxiliatrice (fma), qui a d\u00e9di\u00e9 plus de 70 ans de sa vie au service des jeunes d\u2019Haiti \u00e0 la suite de Sainte Marie Dominique Mazzarello (1837-1881) et sur le parcours de Don Bosco, a \u00e9t\u00e9 rappel\u00e9e par Son P\u00e8re le 25 f\u00e9vrier, \u00e0 l\u2019\u00e2ge de 101. Ci-apr\u00e8s, l\u2019annonce de d\u00e9c\u00e8s publi\u00e9e par les S\u0153urs Sal\u00e9siennes d\u2019Haiti\u2026<\/p>\n","protected":false},"author":1,"featured_media":0,"comment_status":"closed","ping_status":"closed","sticky":false,"template":"","format":"standard","meta":{"_jetpack_memberships_contains_paid_content":false,"footnotes":"","jetpack_publicize_message":"","jetpack_publicize_feature_enabled":true,"jetpack_social_post_already_shared":true,"jetpack_social_options":{"image_generator_settings":{"template":"highway","default_image_id":0,"font":"","enabled":false},"version":2}},"categories":[3],"tags":[],"class_list":["post-539","post","type-post","status-publish","format-standard","hentry","category-annonces"],"jetpack_publicize_connections":[],"jetpack_featured_media_url":"","jetpack_sharing_enabled":true,"jetpack_shortlink":"https:\/\/wp.me\/pcR5kd-8H","jetpack-related-posts":[{"id":3414,"url":"https:\/\/fmahaiti.org\/site\/2022\/05\/23\/celebration-des-150-ans-de-la-congregation-des-filles-de-marie-auxiliatrice-en-haiti\/","url_meta":{"origin":539,"position":0},"title":"C\u00e9l\u00e9bration des 150 ans de la Congr\u00e9gation des Filles de Marie Auxiliatrice en Ha\u00efti","author":"Sr Monette Octave","date":"23 mai 2022","format":false,"excerpt":"\u00a0 Grande foire baptis\u00e9\u00a0: \u00ab\u00a0Foire \u00c9cologique et scientifique du Cent cinquantenaire\u00a0\u00bb Toute la famille Sal\u00e9sienne s\u2019\u00e9tait donn\u00e9e rendez-vous en un lieu, un espace, une date pour c\u00e9l\u00e9brer les 150 ans de la Fondation de l\u2019Institut. La Communaut\u00e9 Marie Dominique Mazzarello s\u2019est agrandie pour recevoir des d\u00e9l\u00e9gations de toutes les communaut\u00e9s\u2026","rel":"","context":"Dans &quot;C\u00e9l\u00e9bration 150 ans FMA&quot;","block_context":{"text":"C\u00e9l\u00e9bration 150 ans FMA","link":"https:\/\/fmahaiti.org\/site\/category\/celebration-150-ans-fma\/"},"img":{"alt_text":"","src":"https:\/\/i0.wp.com\/fmahaiti.org\/site\/wp-content\/uploads\/2022\/05\/DSC09708-scaled.jpg?fit=1200%2C900&ssl=1&resize=350%2C200","width":350,"height":200,"srcset":"https:\/\/i0.wp.com\/fmahaiti.org\/site\/wp-content\/uploads\/2022\/05\/DSC09708-scaled.jpg?fit=1200%2C900&ssl=1&resize=350%2C200 1x, https:\/\/i0.wp.com\/fmahaiti.org\/site\/wp-content\/uploads\/2022\/05\/DSC09708-scaled.jpg?fit=1200%2C900&ssl=1&resize=525%2C300 1.5x, https:\/\/i0.wp.com\/fmahaiti.org\/site\/wp-content\/uploads\/2022\/05\/DSC09708-scaled.jpg?fit=1200%2C900&ssl=1&resize=700%2C400 2x, https:\/\/i0.wp.com\/fmahaiti.org\/site\/wp-content\/uploads\/2022\/05\/DSC09708-scaled.jpg?fit=1200%2C900&ssl=1&resize=1050%2C600 3x"},"classes":[]},{"id":8687,"url":"https:\/\/fmahaiti.org\/site\/2024\/05\/30\/un-merci-prolonge-dans-le-temps\/","url_meta":{"origin":539,"position":1},"title":"Un Merci prolong\u00e9 dans le temps","author":"Therese Davila Kenscoff","date":"30 mai 2024","format":false,"excerpt":"Nous, Filles de Marie Auxiliatrice - comme l\u2019avait d\u00e9clar\u00e9 Don Bosco - sommes \u00ab Monument Vivant \u00bb de la Reconnaissance de Don Bosco \u00e0 Marie Auxiliatrice. En cette solennit\u00e9 du 24 mai 2024, f\u00eate de notre ch\u00e8re maman du ciel : Marie Auxiliatrice, la communaut\u00e9 Sainte Th\u00e9r\u00e8se d\u2019Avila de Kenscoff\u2026","rel":"","context":"Dans &quot;F\u00eate de la reconnaissance&quot;","block_context":{"text":"F\u00eate de la reconnaissance","link":"https:\/\/fmahaiti.org\/site\/category\/fete-de-la-reconnaissance\/"},"img":{"alt_text":"","src":"https:\/\/i0.wp.com\/fmahaiti.org\/site\/wp-content\/uploads\/2024\/05\/20240524_155932-scaled.jpg?fit=1200%2C675&ssl=1&resize=350%2C200","width":350,"height":200,"srcset":"https:\/\/i0.wp.com\/fmahaiti.org\/site\/wp-content\/uploads\/2024\/05\/20240524_155932-scaled.jpg?fit=1200%2C675&ssl=1&resize=350%2C200 1x, https:\/\/i0.wp.com\/fmahaiti.org\/site\/wp-content\/uploads\/2024\/05\/20240524_155932-scaled.jpg?fit=1200%2C675&ssl=1&resize=525%2C300 1.5x, https:\/\/i0.wp.com\/fmahaiti.org\/site\/wp-content\/uploads\/2024\/05\/20240524_155932-scaled.jpg?fit=1200%2C675&ssl=1&resize=700%2C400 2x, https:\/\/i0.wp.com\/fmahaiti.org\/site\/wp-content\/uploads\/2024\/05\/20240524_155932-scaled.jpg?fit=1200%2C675&ssl=1&resize=1050%2C600 3x"},"classes":[]},{"id":3733,"url":"https:\/\/fmahaiti.org\/site\/2022\/08\/27\/une-salesienne-en-plus-au-paradis\/","url_meta":{"origin":539,"position":2},"title":"Une Sal\u00e9sienne en plus au paradis","author":"Sr. Marie Pierrette Louijuste","date":"27 ao\u00fbt 2022","format":false,"excerpt":"\u2021 La famille sal\u00e9sienne en Haiti est en deuil! Suivre en direct les fun\u00e9railles https:\/\/youtube.com\/channel\/UCgMBVBmwMjyxtM3yttRMNvA Annonce Mortuaire Les Filles de Marie Auxiliatrice ou S\u0153urs Sal\u00e9siennes de Don Bosco, \u00a0les familles Jean Charles, Victor, Bowman, Joseph, Jean Fran\u00e7ois et l\u2019Entreprise Celcis annoncent\u00a0le d\u00e9part\u00a0pour la Maison du P\u00e8re,\u00a0de leur regrett\u00e9e\u00a0S\u0153ur\u00a0Marie Lourdes Bernadette\u2026","rel":"","context":"Dans &quot;Annonces&quot;","block_context":{"text":"Annonces","link":"https:\/\/fmahaiti.org\/site\/category\/annonces\/"},"img":{"alt_text":"","src":"https:\/\/i0.wp.com\/fmahaiti.org\/site\/wp-content\/uploads\/2022\/08\/Sr-Bernad-4.jpg?fit=768%2C382&ssl=1&resize=350%2C200","width":350,"height":200,"srcset":"https:\/\/i0.wp.com\/fmahaiti.org\/site\/wp-content\/uploads\/2022\/08\/Sr-Bernad-4.jpg?fit=768%2C382&ssl=1&resize=350%2C200 1x, https:\/\/i0.wp.com\/fmahaiti.org\/site\/wp-content\/uploads\/2022\/08\/Sr-Bernad-4.jpg?fit=768%2C382&ssl=1&resize=525%2C300 1.5x, https:\/\/i0.wp.com\/fmahaiti.org\/site\/wp-content\/uploads\/2022\/08\/Sr-Bernad-4.jpg?fit=768%2C382&ssl=1&resize=700%2C400 2x"},"classes":[]},{"id":3116,"url":"https:\/\/fmahaiti.org\/site\/2022\/03\/10\/sr-nicole-gaillard-1926-2022\/","url_meta":{"origin":539,"position":3},"title":"Sr Nicole Gaillard (1926-2022)","author":"fmahaiti","date":"10 mars 2022","format":false,"excerpt":"Nous vous annon\u00e7ons le retour vers le P\u00e8re de Sr Anne-Marie Nicole Gaillard, ce jeudi 10 Mars 2022 \u00e0 8h40 AM \u00e0 la Maison Provinciale. Elle \u00e9tait \u00e0 sa 72\u00e8 ann\u00e9e de vie religieuse. N\u00e9e le 12 D\u00e9cembre 1926 \u00e0 Port-au-Prince, elle entra au noviciat des Filles de Marie Auxiliatrice\u2026","rel":"","context":"Dans &quot;Annonces&quot;","block_context":{"text":"Annonces","link":"https:\/\/fmahaiti.org\/site\/category\/annonces\/"},"img":{"alt_text":"","src":"https:\/\/i0.wp.com\/fmahaiti.org\/site\/wp-content\/uploads\/2021\/03\/DSC03150.jpg?fit=658%2C500&ssl=1&resize=350%2C200","width":350,"height":200,"srcset":"https:\/\/i0.wp.com\/fmahaiti.org\/site\/wp-content\/uploads\/2021\/03\/DSC03150.jpg?fit=658%2C500&ssl=1&resize=350%2C200 1x, https:\/\/i0.wp.com\/fmahaiti.org\/site\/wp-content\/uploads\/2021\/03\/DSC03150.jpg?fit=658%2C500&ssl=1&resize=525%2C300 1.5x"},"classes":[]},{"id":11288,"url":"https:\/\/fmahaiti.org\/site\/2025\/01\/25\/flash-deuil-dans-la-famille\/","url_meta":{"origin":539,"position":4},"title":"Deuil dans la famille: Sr Marie Carmel Mathieu nous a laiss\u00e9s","author":"Sr Martha Seide","date":"25 janvier 2025","format":false,"excerpt":"Annonce Mortuaire Les Filles de Marie Auxiliatrice ou S\u0153urs Sal\u00e9siennes de Don Bosco, \u00a0les familles Mathieu et Midy et l\u2019Entreprise Celcis annoncent\u00a0le d\u00e9part\u00a0pour la Maison du P\u00e8re,\u00a0de leur Bien-Aim\u00e9e S\u0153ur Marie Carmel Mathieu, survenu \u00e0 Port-au-Prince, le Jeudi 23 Janvier 2025, \u00e0 6hres 28 PM. \u00e0 l\u2019h\u00f4pital du Canap\u00e9-Vert, \u00e0\u00a0\u00a0l\u2019\u00e2ge\u2026","rel":"","context":"Dans &quot;Annonces&quot;","block_context":{"text":"Annonces","link":"https:\/\/fmahaiti.org\/site\/category\/annonces\/"},"img":{"alt_text":"","src":"https:\/\/i0.wp.com\/fmahaiti.org\/site\/wp-content\/uploads\/2025\/01\/7f300686-a521-485e-b91a-05cfbe2cc090.jpg?fit=1200%2C719&ssl=1&resize=350%2C200","width":350,"height":200,"srcset":"https:\/\/i0.wp.com\/fmahaiti.org\/site\/wp-content\/uploads\/2025\/01\/7f300686-a521-485e-b91a-05cfbe2cc090.jpg?fit=1200%2C719&ssl=1&resize=350%2C200 1x, https:\/\/i0.wp.com\/fmahaiti.org\/site\/wp-content\/uploads\/2025\/01\/7f300686-a521-485e-b91a-05cfbe2cc090.jpg?fit=1200%2C719&ssl=1&resize=525%2C300 1.5x, https:\/\/i0.wp.com\/fmahaiti.org\/site\/wp-content\/uploads\/2025\/01\/7f300686-a521-485e-b91a-05cfbe2cc090.jpg?fit=1200%2C719&ssl=1&resize=700%2C400 2x, https:\/\/i0.wp.com\/fmahaiti.org\/site\/wp-content\/uploads\/2025\/01\/7f300686-a521-485e-b91a-05cfbe2cc090.jpg?fit=1200%2C719&ssl=1&resize=1050%2C600 3x"},"classes":[]},{"id":1822,"url":"https:\/\/fmahaiti.org\/site\/2021\/06\/14\/funerailles-de-mgr-ducange\/","url_meta":{"origin":539,"position":5},"title":"Veill\u00e9e et Fun\u00e9railles de Mgr Ducange","author":"Sr Martha Seide","date":"14 juin 2021","format":false,"excerpt":"15 juin 2021: Veill\u00e9e de pri\u00e8re \u00a0 \u00a0 Protocole des fun\u00e9railles de Mgr Ducange Les fun\u00e9railles seront chant\u00e9es en l\u2019\u00c9glise Saint Pierre de P\u00e9tion-Ville le mercredi 16 juin \u00e0 8h30 Am et non \u00e0 9h30. La veill\u00e9e sera anim\u00e9e par les Sal\u00e9siens; Les places seront marqu\u00e9es par cons\u00e9quent, limit\u00e9es Ne\u2026","rel":"","context":"Dans &quot;Annonces&quot;","block_context":{"text":"Annonces","link":"https:\/\/fmahaiti.org\/site\/category\/annonces\/"},"img":{"alt_text":"","src":"https:\/\/i0.wp.com\/fmahaiti.org\/site\/wp-content\/uploads\/2021\/06\/Ducange5.jpg?fit=696%2C437&ssl=1&resize=350%2C200","width":350,"height":200,"srcset":"https:\/\/i0.wp.com\/fmahaiti.org\/site\/wp-content\/uploads\/2021\/06\/Ducange5.jpg?fit=696%2C437&ssl=1&resize=350%2C200 1x, https:\/\/i0.wp.com\/fmahaiti.org\/site\/wp-content\/uploads\/2021\/06\/Ducange5.jpg?fit=696%2C437&ssl=1&resize=525%2C300 1.5x"},"classes":[]}],"_links":{"self":[{"href":"https:\/\/fmahaiti.org\/site\/wp-json\/wp\/v2\/posts\/539","targetHints":{"allow":["GET"]}}],"collection":[{"href":"https:\/\/fmahaiti.org\/site\/wp-json\/wp\/v2\/posts"}],"about":[{"href":"https:\/\/fmahaiti.org\/site\/wp-json\/wp\/v2\/types\/post"}],"author":[{"embeddable":true,"href":"https:\/\/fmahaiti.org\/site\/wp-json\/wp\/v2\/users\/1"}],"replies":[{"embeddable":true,"href":"https:\/\/fmahaiti.org\/site\/wp-json\/wp\/v2\/comments?post=539"}],"version-history":[{"count":3,"href":"https:\/\/fmahaiti.org\/site\/wp-json\/wp\/v2\/posts\/539\/revisions"}],"predecessor-version":[{"id":1294,"href":"https:\/\/fmahaiti.org\/site\/wp-json\/wp\/v2\/posts\/539\/revisions\/1294"}],"wp:attachment":[{"href":"https:\/\/fmahaiti.org\/site\/wp-json\/wp\/v2\/media?parent=539"}],"wp:term":[{"taxonomy":"category","embeddable":true,"href":"https:\/\/fmahaiti.org\/site\/wp-json\/wp\/v2\/categories?post=539"},{"taxonomy":"post_tag","embeddable":true,"href":"https:\/\/fmahaiti.org\/site\/wp-json\/wp\/v2\/tags?post=539"}],"curies":[{"name":"wp","href":"https:\/\/api.w.org\/{rel}","templated":true}]}}