{"id":15125,"date":"2026-04-30T11:53:22","date_gmt":"2026-04-30T15:53:22","guid":{"rendered":"https:\/\/fmahaiti.org\/site\/?p=15125"},"modified":"2026-04-30T11:53:22","modified_gmt":"2026-04-30T15:53:22","slug":"lire-penser-agir-la-jeunesse-face-a-sa-mission","status":"publish","type":"post","link":"https:\/\/fmahaiti.org\/site\/2026\/04\/30\/lire-penser-agir-la-jeunesse-face-a-sa-mission\/","title":{"rendered":"Lire, penser, agir : la jeunesse face \u00e0 sa mission !"},"content":{"rendered":"<p><img data-recalc-dims=\"1\" loading=\"lazy\" decoding=\"async\" class=\"aligncenter wp-image-15126 size-full\" src=\"https:\/\/i0.wp.com\/fmahaiti.org\/site\/wp-content\/uploads\/2026\/04\/IMG-20260419-WA0037-1.jpg?resize=843%2C286&#038;ssl=1\" alt=\"\" width=\"843\" height=\"286\" srcset=\"https:\/\/i0.wp.com\/fmahaiti.org\/site\/wp-content\/uploads\/2026\/04\/IMG-20260419-WA0037-1.jpg?w=2216&amp;ssl=1 2216w, https:\/\/i0.wp.com\/fmahaiti.org\/site\/wp-content\/uploads\/2026\/04\/IMG-20260419-WA0037-1.jpg?resize=300%2C102&amp;ssl=1 300w, https:\/\/i0.wp.com\/fmahaiti.org\/site\/wp-content\/uploads\/2026\/04\/IMG-20260419-WA0037-1.jpg?resize=1024%2C347&amp;ssl=1 1024w, https:\/\/i0.wp.com\/fmahaiti.org\/site\/wp-content\/uploads\/2026\/04\/IMG-20260419-WA0037-1.jpg?resize=768%2C260&amp;ssl=1 768w, https:\/\/i0.wp.com\/fmahaiti.org\/site\/wp-content\/uploads\/2026\/04\/IMG-20260419-WA0037-1.jpg?resize=1536%2C521&amp;ssl=1 1536w, https:\/\/i0.wp.com\/fmahaiti.org\/site\/wp-content\/uploads\/2026\/04\/IMG-20260419-WA0037-1.jpg?resize=2048%2C694&amp;ssl=1 2048w, https:\/\/i0.wp.com\/fmahaiti.org\/site\/wp-content\/uploads\/2026\/04\/IMG-20260419-WA0037-1.jpg?w=1686&amp;ssl=1 1686w\" sizes=\"auto, (max-width: 843px) 100vw, 843px\" \/><\/p>\n<p>Le club litt\u00e9raire Fen\u00eatre de Ma\u00efn du Coll\u00e8ge Marie Dominique Mazzarello, fond\u00e9 dans le but d\u2019encourager les jeunes \u00e0 aimer la lecture, l\u2019\u00e9criture, a lanc\u00e9 son projet de concours de d\u00e9bat intitul\u00e9 \u00ab Resonantia \u00bb. Dans le cadre de cette comp\u00e9tition, plusieurs \u00e9coles s\u2019affronteront chaque samedi du mois autour du th\u00e8me : \u00ab Lire, penser, agir : la jeunesse face \u00e0 sa mission \u00bb. Pour chaque rencontre, les \u00e9quipes doivent d\u00e9fendre une position (pour ou contre) sur un sujet sp\u00e9cifique<img data-recalc-dims=\"1\" loading=\"lazy\" decoding=\"async\" class=\"alignright wp-image-15127 size-medium\" src=\"https:\/\/i0.wp.com\/fmahaiti.org\/site\/wp-content\/uploads\/2026\/04\/thumbnail-5-1.jpeg?resize=300%2C209&#038;ssl=1\" alt=\"\" width=\"300\" height=\"209\" srcset=\"https:\/\/i0.wp.com\/fmahaiti.org\/site\/wp-content\/uploads\/2026\/04\/thumbnail-5-1.jpeg?resize=300%2C209&amp;ssl=1 300w, https:\/\/i0.wp.com\/fmahaiti.org\/site\/wp-content\/uploads\/2026\/04\/thumbnail-5-1.jpeg?resize=768%2C535&amp;ssl=1 768w, https:\/\/i0.wp.com\/fmahaiti.org\/site\/wp-content\/uploads\/2026\/04\/thumbnail-5-1.jpeg?w=771&amp;ssl=1 771w\" sizes=\"auto, (max-width: 300px) 100vw, 300px\" \/><\/p>\n<p>Le samedi 18 avril a marqu\u00e9 le lancement officiel du concours. Cet \u00e9v\u00e9nement a r\u00e9uni deux \u00e9tablissements : le Coll\u00e8ge Marie Dominique Mazzarello (CMDM) et le Lyc\u00e9e National de P\u00e9tion-Ville (LNP). Les participants ont d\u00e9battu sur la probl\u00e9matique suivante : <em>\u00ab L\u2019usage de l\u2019intelligence artificielle d\u00e9veloppe-t-il l\u2019intelligence humaine ou encourage-t-il la paresse intellectuelle ? \u00bb<\/em>. Le CMDM soutenait la th\u00e8se du d\u00e9veloppement, tandis que le LNP d\u00e9fendait celle de la paresse intellectuelle.<\/p>\n<p>La s\u00e9ance a d\u00e9but\u00e9 par une s\u00e9rie d&rsquo;allocutions, notamment celle de la vice-pr\u00e9sidente du club, Shedna\u00eblle Pierre, Monsieur Dhaly Bejin, cofondateur du club, a ensuite pris la parole pour interpeller l&rsquo;auditoire sur l&rsquo;essence m\u00eame du projet : <em>Pourquoi faut-il lire ? Pourquoi faut-il penser ? Pourquoi faut-il agir ?<\/em> Parmi les r\u00e9actions de l&rsquo;assistance, une \u00e9l\u00e8ve de l\u2019\u00e9cole Saint-\u00c9tienne a soulign\u00e9 : \u00ab Il faut lire pour \u00e9largir ses pens\u00e9es et s&rsquo;orienter dans la soci\u00e9t\u00e9. \u00bb<\/p>\n<p><img data-recalc-dims=\"1\" loading=\"lazy\" decoding=\"async\" class=\"aligncenter wp-image-15131 size-large\" src=\"https:\/\/i0.wp.com\/fmahaiti.org\/site\/wp-content\/uploads\/2026\/04\/f9a5062f-a329-4fb3-aef5-a0355f740249.jpeg?resize=843%2C287&#038;ssl=1\" alt=\"\" width=\"843\" height=\"287\" srcset=\"https:\/\/i0.wp.com\/fmahaiti.org\/site\/wp-content\/uploads\/2026\/04\/f9a5062f-a329-4fb3-aef5-a0355f740249.jpeg?resize=1024%2C349&amp;ssl=1 1024w, https:\/\/i0.wp.com\/fmahaiti.org\/site\/wp-content\/uploads\/2026\/04\/f9a5062f-a329-4fb3-aef5-a0355f740249.jpeg?resize=300%2C102&amp;ssl=1 300w, https:\/\/i0.wp.com\/fmahaiti.org\/site\/wp-content\/uploads\/2026\/04\/f9a5062f-a329-4fb3-aef5-a0355f740249.jpeg?resize=768%2C261&amp;ssl=1 768w, https:\/\/i0.wp.com\/fmahaiti.org\/site\/wp-content\/uploads\/2026\/04\/f9a5062f-a329-4fb3-aef5-a0355f740249.jpeg?resize=1536%2C523&amp;ssl=1 1536w, https:\/\/i0.wp.com\/fmahaiti.org\/site\/wp-content\/uploads\/2026\/04\/f9a5062f-a329-4fb3-aef5-a0355f740249.jpeg?resize=2048%2C697&amp;ssl=1 2048w, https:\/\/i0.wp.com\/fmahaiti.org\/site\/wp-content\/uploads\/2026\/04\/f9a5062f-a329-4fb3-aef5-a0355f740249.jpeg?w=1686&amp;ssl=1 1686w\" sizes=\"auto, (max-width: 843px) 100vw, 843px\" \/><\/p>\n<p>&nbsp;<\/p>\n<p>La Directrice de l\u2019\u0153uvre, S\u0153ur Marie-Claire Jean, a \u00e9galement prononc\u00e9 un discours marquant pour ce nouveau d\u00e9part du coll\u00e8ge et du club. Elle a retrac\u00e9 l\u2019historicit\u00e9 de l\u2019\u0153uvre, de ses d\u00e9buts \u00e0 nos jours, avant d&rsquo;exprimer sa joie et celle de la communaut\u00e9 d&rsquo;accueillir une telle activit\u00e9 culturelle.<\/p>\n<p>Par la suite, S\u0153ur Wilda Bien-Aim\u00e9, directrice de l\u2019\u00e9tablissement, a soulign\u00e9 que l\u2019objectif de ce concours est de former une jeunesse capable de r\u00e9flexion critique, d\u2019expression structur\u00e9e et d\u2019engagement responsable. Elle a form\u00e9 le v\u0153u que concours soit un lieu o\u00f9 naissent les id\u00e9es, o\u00f9 grandissent les talents et o\u00f9 se forge une g\u00e9n\u00e9ration consciente de sa mission : une g\u00e9n\u00e9ration qui lit pour comprendre, qui pense pour construire et qui agit pour transformer la soci\u00e9t\u00e9. \u00c0 l&rsquo;issue de ses mots, elle a officiellement d\u00e9clar\u00e9 le concours ouvert.<\/p>\n<p><img data-recalc-dims=\"1\" loading=\"lazy\" decoding=\"async\" class=\"aligncenter wp-image-15128 size-large\" src=\"https:\/\/i0.wp.com\/fmahaiti.org\/site\/wp-content\/uploads\/2026\/04\/IMG-20260419-WA0024-1.jpg?resize=843%2C328&#038;ssl=1\" alt=\"\" width=\"843\" height=\"328\" srcset=\"https:\/\/i0.wp.com\/fmahaiti.org\/site\/wp-content\/uploads\/2026\/04\/IMG-20260419-WA0024-1.jpg?resize=1024%2C399&amp;ssl=1 1024w, https:\/\/i0.wp.com\/fmahaiti.org\/site\/wp-content\/uploads\/2026\/04\/IMG-20260419-WA0024-1.jpg?resize=300%2C117&amp;ssl=1 300w, https:\/\/i0.wp.com\/fmahaiti.org\/site\/wp-content\/uploads\/2026\/04\/IMG-20260419-WA0024-1.jpg?resize=768%2C299&amp;ssl=1 768w, https:\/\/i0.wp.com\/fmahaiti.org\/site\/wp-content\/uploads\/2026\/04\/IMG-20260419-WA0024-1.jpg?resize=1536%2C598&amp;ssl=1 1536w, https:\/\/i0.wp.com\/fmahaiti.org\/site\/wp-content\/uploads\/2026\/04\/IMG-20260419-WA0024-1.jpg?resize=2048%2C797&amp;ssl=1 2048w, https:\/\/i0.wp.com\/fmahaiti.org\/site\/wp-content\/uploads\/2026\/04\/IMG-20260419-WA0024-1.jpg?w=1686&amp;ssl=1 1686w\" sizes=\"auto, (max-width: 843px) 100vw, 843px\" \/><\/p>\n<p>Les joueurs du jour \u00e9taient :<\/p>\n<ul>\n<li>Pour le CMDM : Eliasm\u00e9 Nissa Victoria, Destin\u00e9 Blesshynn, Salomon Victoria Christ\u00e9la, Jean-Marc Le\u00efsha Adjenka, Tarasowa Tibert et Duval Ta\u00efsha.<\/li>\n<li>Pour le LNP : Jean Nuntchie, Fran\u00e7ois Djenne Marie Lissa, Bazile Mike Wensley, M\u00e9rilus Loudjina, Dolbrun Christopher et Deristil Shaima.<\/li>\n<\/ul>\n<p>Durant le d\u00e9bat, chaque \u00e9quipe a d\u00e9fendu ses arguments avec conviction. L\u2019\u00e9quipe du CMDM a propos\u00e9 une d\u00e9finition de l\u2019IA bas\u00e9e sur les travaux de l\u2019Acad\u00e9mie fran\u00e7aise, tandis que celle du LNP s&rsquo;est appuy\u00e9e sur une r\u00e9flexion attribu\u00e9e \u00e0 Albert Einstein.<\/p>\n<p>Plusieurs phrases fortes ont marqu\u00e9 les esprits :<\/p>\n<ul>\n<li>CMDM : <em>\u00ab Ils parlent de d\u00e9clin l\u00e0 o\u00f9 il y a mutation \u00bb<\/em> ; <em>\u00ab Je ne d\u00e9fends pas la facilit\u00e9, mais l\u2019intelligence souveraine. \u00bb<\/em><\/li>\n<li>LNP : <em>\u00ab Si une machine pense \u00e0 notre place, que reste-t-il de notre pens\u00e9e ? \u00bb<\/em> ; <em>\u00ab Un outil qui rend tout plus facile favorise-t-il vraiment l\u2019effort humain ? \u00bb<\/em><\/li>\n<\/ul>\n<p><img data-recalc-dims=\"1\" loading=\"lazy\" decoding=\"async\" class=\"alignleft wp-image-15129 size-medium\" src=\"https:\/\/i0.wp.com\/fmahaiti.org\/site\/wp-content\/uploads\/2026\/04\/IMG-20260419-WA0048-1.jpg?resize=300%2C225&#038;ssl=1\" alt=\"\" width=\"300\" height=\"225\" srcset=\"https:\/\/i0.wp.com\/fmahaiti.org\/site\/wp-content\/uploads\/2026\/04\/IMG-20260419-WA0048-1.jpg?resize=300%2C225&amp;ssl=1 300w, https:\/\/i0.wp.com\/fmahaiti.org\/site\/wp-content\/uploads\/2026\/04\/IMG-20260419-WA0048-1.jpg?resize=1024%2C768&amp;ssl=1 1024w, https:\/\/i0.wp.com\/fmahaiti.org\/site\/wp-content\/uploads\/2026\/04\/IMG-20260419-WA0048-1.jpg?resize=768%2C576&amp;ssl=1 768w, https:\/\/i0.wp.com\/fmahaiti.org\/site\/wp-content\/uploads\/2026\/04\/IMG-20260419-WA0048-1.jpg?resize=1536%2C1152&amp;ssl=1 1536w, https:\/\/i0.wp.com\/fmahaiti.org\/site\/wp-content\/uploads\/2026\/04\/IMG-20260419-WA0048-1.jpg?resize=2048%2C1536&amp;ssl=1 2048w, https:\/\/i0.wp.com\/fmahaiti.org\/site\/wp-content\/uploads\/2026\/04\/IMG-20260419-WA0048-1.jpg?w=1686&amp;ssl=1 1686w, https:\/\/i0.wp.com\/fmahaiti.org\/site\/wp-content\/uploads\/2026\/04\/IMG-20260419-WA0048-1.jpg?w=2529&amp;ssl=1 2529w\" sizes=\"auto, (max-width: 300px) 100vw, 300px\" \/>\u00c0 l&rsquo;issue des d\u00e9lib\u00e9rations, le prix d\u2019\u00e9loquence a \u00e9t\u00e9 d\u00e9cern\u00e9 \u00e0 Tibert Tarasowa (CMDM) et celui de la meilleure d\u00e9batteuse \u00e0 Jean Nuntchie (LNP).<\/p>\n<p>Le concours s\u2019est conclu par la victoire du Coll\u00e8ge Marie Dominique Mazzarello (CMDM). Enfin, la journ\u00e9e a pris fin avec l&rsquo;intervention de la ministre de l\u2019\u00c9ducation du club, Lafalaise Ruth. Elle a f\u00e9licit\u00e9 les deux \u00e9quipes en pr\u00e9cisant qu&rsquo;au-del\u00e0 du score, tous les participants \u00e9taient gagnants car la richesse des arguments a permis \u00e0 l\u2019assistance de s&rsquo;\u00e9lever intellectuellement. C&rsquo;est sur ces notes encourageantes que s&rsquo;est achev\u00e9e cette premi\u00e8re journ\u00e9e.<\/p>\n<p>&nbsp;<\/p>\n","protected":false},"excerpt":{"rendered":"<p>Le club litt\u00e9raire Fen\u00eatre de Ma\u00efn du Coll\u00e8ge Marie Dominique Mazzarello, fond\u00e9 dans le but d\u2019encourager les jeunes \u00e0 aimer la lecture, l\u2019\u00e9criture, a lanc\u00e9&hellip;<\/p>\n","protected":false},"author":4,"featured_media":15128,"comment_status":"open","ping_status":"open","sticky":false,"template":"","format":"standard","meta":{"_jetpack_memberships_contains_paid_content":false,"footnotes":"","jetpack_publicize_message":"","jetpack_publicize_feature_enabled":true,"jetpack_social_post_already_shared":true,"jetpack_social_options":{"image_generator_settings":{"template":"highway","default_image_id":0,"font":"","enabled":false},"version":2}},"categories":[13,7],"tags":[],"class_list":["post-15125","post","type-post","status-publish","format-standard","has-post-thumbnail","hentry","category-activites","category-education"],"jetpack_publicize_connections":[],"jetpack_featured_media_url":"https:\/\/i0.wp.com\/fmahaiti.org\/site\/wp-content\/uploads\/2026\/04\/IMG-20260419-WA0024-1.jpg?fit=2355%2C917&ssl=1","jetpack_sharing_enabled":true,"jetpack_shortlink":"https:\/\/wp.me\/pcR5kd-3VX","jetpack-related-posts":[{"id":11512,"url":"https:\/\/fmahaiti.org\/site\/2025\/02\/10\/la-fete-de-saint-jean-bosco-au-college-marie-dominique-mazzarello\/","url_meta":{"origin":15125,"position":0},"title":"\u00ab\u00a0La f\u00eate de Saint Jean Bosco au Coll\u00e8ge Marie Dominique Mazzarello\u00a0\u00bb","author":"Dominique Mazzarello Petion-Ville","date":"10 f\u00e9vrier 2025","format":false,"excerpt":"Du 29 au 31 janvier 2025, le Coll\u00e8ge Marie Dominique Mazzarello a v\u00e9cu trois jours de festivit\u00e9s d\u00e9di\u00e9s \u00e0 Saint Jean Bosco, une occasion de rendre gr\u00e2ce pour son h\u00e9ritage spirituel et \u00e9ducatif. Chaque journ\u00e9e a \u00e9t\u00e9 marqu\u00e9e par des moments forts, m\u00ealant pri\u00e8re, culture et solidarit\u00e9, dans une ambiance\u2026","rel":"","context":"Dans &quot;Espace Jeunes&quot;","block_context":{"text":"Espace Jeunes","link":"https:\/\/fmahaiti.org\/site\/category\/jeunes\/"},"img":{"alt_text":"","src":"https:\/\/i0.wp.com\/fmahaiti.org\/site\/wp-content\/uploads\/2025\/02\/WhatsApp-Image-2025-02-07-at-14.48.15-2.jpeg?fit=1190%2C597&ssl=1&resize=350%2C200","width":350,"height":200,"srcset":"https:\/\/i0.wp.com\/fmahaiti.org\/site\/wp-content\/uploads\/2025\/02\/WhatsApp-Image-2025-02-07-at-14.48.15-2.jpeg?fit=1190%2C597&ssl=1&resize=350%2C200 1x, https:\/\/i0.wp.com\/fmahaiti.org\/site\/wp-content\/uploads\/2025\/02\/WhatsApp-Image-2025-02-07-at-14.48.15-2.jpeg?fit=1190%2C597&ssl=1&resize=525%2C300 1.5x, https:\/\/i0.wp.com\/fmahaiti.org\/site\/wp-content\/uploads\/2025\/02\/WhatsApp-Image-2025-02-07-at-14.48.15-2.jpeg?fit=1190%2C597&ssl=1&resize=700%2C400 2x, https:\/\/i0.wp.com\/fmahaiti.org\/site\/wp-content\/uploads\/2025\/02\/WhatsApp-Image-2025-02-07-at-14.48.15-2.jpeg?fit=1190%2C597&ssl=1&resize=1050%2C600 3x"},"classes":[]},{"id":11516,"url":"https:\/\/fmahaiti.org\/site\/2025\/02\/10\/fete-des-philosophes-au-college-marie-dominique-mazzarello\/","url_meta":{"origin":15125,"position":1},"title":"F\u00eate des philosophes au coll\u00e8ge Marie Dominique Mazzarello!","author":"Dominique Mazzarello Petion-Ville","date":"10 f\u00e9vrier 2025","format":false,"excerpt":"Le 28 janvier 2025, le Coll\u00e8ge Marie Dominique Mazzarello a c\u00e9l\u00e9br\u00e9 la f\u00eate de Saint Thomas d'Aquin, patron des philosophes, une journ\u00e9e marqu\u00e9e par la r\u00e9flexion, l\u2019\u00e9tude et la foi. La journ\u00e9e a commenc\u00e9 par une messe c\u00e9l\u00e9br\u00e9e par Son Excellence Monseigneur Jean Th\u00e9odule Domond. Cette messe, a rassembl\u00e9 les\u2026","rel":"","context":"Dans &quot;Eglise&quot;","block_context":{"text":"Eglise","link":"https:\/\/fmahaiti.org\/site\/category\/eglise\/"},"img":{"alt_text":"","src":"https:\/\/i0.wp.com\/fmahaiti.org\/site\/wp-content\/uploads\/2025\/02\/WhatsApp-Image-2025-02-07-at-15.34.00-2.jpeg?fit=1200%2C470&ssl=1&resize=350%2C200","width":350,"height":200,"srcset":"https:\/\/i0.wp.com\/fmahaiti.org\/site\/wp-content\/uploads\/2025\/02\/WhatsApp-Image-2025-02-07-at-15.34.00-2.jpeg?fit=1200%2C470&ssl=1&resize=350%2C200 1x, https:\/\/i0.wp.com\/fmahaiti.org\/site\/wp-content\/uploads\/2025\/02\/WhatsApp-Image-2025-02-07-at-15.34.00-2.jpeg?fit=1200%2C470&ssl=1&resize=525%2C300 1.5x, https:\/\/i0.wp.com\/fmahaiti.org\/site\/wp-content\/uploads\/2025\/02\/WhatsApp-Image-2025-02-07-at-15.34.00-2.jpeg?fit=1200%2C470&ssl=1&resize=700%2C400 2x, https:\/\/i0.wp.com\/fmahaiti.org\/site\/wp-content\/uploads\/2025\/02\/WhatsApp-Image-2025-02-07-at-15.34.00-2.jpeg?fit=1200%2C470&ssl=1&resize=1050%2C600 3x"},"classes":[]},{"id":3503,"url":"https:\/\/fmahaiti.org\/site\/2022\/06\/08\/150-ans-les-filles-de-marie-auxiliatrice-college-marie-dominique-mazzarello\/","url_meta":{"origin":15125,"position":2},"title":"150 Ans les Filles de Marie Auxiliatrice &#8211; Coll\u00e8ge Marie Dominique Mazzarello","author":"Sr Martha Seide","date":"8 juin 2022","format":false,"excerpt":"","rel":"","context":"Dans &quot;C\u00e9l\u00e9bration 150 ans FMA&quot;","block_context":{"text":"C\u00e9l\u00e9bration 150 ans FMA","link":"https:\/\/fmahaiti.org\/site\/category\/celebration-150-ans-fma\/"},"img":{"alt_text":"","src":"https:\/\/i0.wp.com\/fmahaiti.org\/site\/wp-content\/uploads\/2022\/05\/DSC09708-scaled.jpg?fit=1200%2C900&ssl=1&resize=350%2C200","width":350,"height":200,"srcset":"https:\/\/i0.wp.com\/fmahaiti.org\/site\/wp-content\/uploads\/2022\/05\/DSC09708-scaled.jpg?fit=1200%2C900&ssl=1&resize=350%2C200 1x, https:\/\/i0.wp.com\/fmahaiti.org\/site\/wp-content\/uploads\/2022\/05\/DSC09708-scaled.jpg?fit=1200%2C900&ssl=1&resize=525%2C300 1.5x, https:\/\/i0.wp.com\/fmahaiti.org\/site\/wp-content\/uploads\/2022\/05\/DSC09708-scaled.jpg?fit=1200%2C900&ssl=1&resize=700%2C400 2x, https:\/\/i0.wp.com\/fmahaiti.org\/site\/wp-content\/uploads\/2022\/05\/DSC09708-scaled.jpg?fit=1200%2C900&ssl=1&resize=1050%2C600 3x"},"classes":[]},{"id":2893,"url":"https:\/\/fmahaiti.org\/site\/2022\/01\/12\/festi-noel-au-college-marie-dominique-mazzarello\/","url_meta":{"origin":15125,"position":3},"title":"Festi No\u00ebl au Coll\u00e8ge Marie Dominique Mazzarello","author":"Sr Monette Octave","date":"12 janvier 2022","format":false,"excerpt":"\u00ab\u00a0Unissons-nous pour c\u00e9l\u00e9brer la Noel dans un environnement de z\u00e9ro d\u00e9chets.\u00a0\u00bb Tel est le th\u00e8me autour duquel, les \u00e9l\u00e8ves du Coll\u00e8ge Marie Dominique MAZZARELLO ont c\u00e9l\u00e9br\u00e9 la No\u00ebl 2021. C\u2019est No\u00ebl chaque fois qu\u2019on se donne la main, C\u2019est No\u00ebl chaque fois que l\u2019on partage\u2026 Bref, c\u2019est No\u00ebl sur la\u2026","rel":"","context":"Dans &quot;Noel&quot;","block_context":{"text":"Noel","link":"https:\/\/fmahaiti.org\/site\/category\/noel\/"},"img":{"alt_text":"","src":"https:\/\/i0.wp.com\/fmahaiti.org\/site\/wp-content\/uploads\/2022\/01\/IMG-20220114-WA0009.jpg?fit=1200%2C898&ssl=1&resize=350%2C200","width":350,"height":200,"srcset":"https:\/\/i0.wp.com\/fmahaiti.org\/site\/wp-content\/uploads\/2022\/01\/IMG-20220114-WA0009.jpg?fit=1200%2C898&ssl=1&resize=350%2C200 1x, https:\/\/i0.wp.com\/fmahaiti.org\/site\/wp-content\/uploads\/2022\/01\/IMG-20220114-WA0009.jpg?fit=1200%2C898&ssl=1&resize=525%2C300 1.5x, https:\/\/i0.wp.com\/fmahaiti.org\/site\/wp-content\/uploads\/2022\/01\/IMG-20220114-WA0009.jpg?fit=1200%2C898&ssl=1&resize=700%2C400 2x, https:\/\/i0.wp.com\/fmahaiti.org\/site\/wp-content\/uploads\/2022\/01\/IMG-20220114-WA0009.jpg?fit=1200%2C898&ssl=1&resize=1050%2C600 3x"},"classes":[]},{"id":10805,"url":"https:\/\/fmahaiti.org\/site\/2024\/12\/28\/un-noel-convivial-au-coeur-du-cmdm\/","url_meta":{"origin":15125,"position":4},"title":"Un No\u00ebl convivial au c\u0153ur du CMDM!","author":"Dominique Mazzarello Petion-Ville","date":"28 d\u00e9cembre 2024","format":false,"excerpt":"\u00c0 l\u2019approche des f\u00eates de No\u00ebl, le samedi 21 d\u00e9cembre la communaut\u00e9 Marie Dominique Mazzarello a c\u00e9l\u00e9br\u00e9 la No\u00ebl avec le personnel de soutien, les enseignants, le staff administratif du Coll\u00e8ge Marie Dominique Mazzarello et du Centre Juv\u00e9nile Marie Dominique Mazzarello. Cette journ\u00e9e de f\u00eate a d\u00e9but\u00e9 vers 10 heures\u2026","rel":"","context":"Dans &quot;Activit\u00e9s&quot;","block_context":{"text":"Activit\u00e9s","link":"https:\/\/fmahaiti.org\/site\/category\/activites\/"},"img":{"alt_text":"","src":"https:\/\/i0.wp.com\/fmahaiti.org\/site\/wp-content\/uploads\/2024\/12\/IMG-20241221-WA0050.jpg?fit=1084%2C1200&ssl=1&resize=350%2C200","width":350,"height":200,"srcset":"https:\/\/i0.wp.com\/fmahaiti.org\/site\/wp-content\/uploads\/2024\/12\/IMG-20241221-WA0050.jpg?fit=1084%2C1200&ssl=1&resize=350%2C200 1x, https:\/\/i0.wp.com\/fmahaiti.org\/site\/wp-content\/uploads\/2024\/12\/IMG-20241221-WA0050.jpg?fit=1084%2C1200&ssl=1&resize=525%2C300 1.5x, https:\/\/i0.wp.com\/fmahaiti.org\/site\/wp-content\/uploads\/2024\/12\/IMG-20241221-WA0050.jpg?fit=1084%2C1200&ssl=1&resize=700%2C400 2x, https:\/\/i0.wp.com\/fmahaiti.org\/site\/wp-content\/uploads\/2024\/12\/IMG-20241221-WA0050.jpg?fit=1084%2C1200&ssl=1&resize=1050%2C600 3x"},"classes":[]},{"id":12098,"url":"https:\/\/fmahaiti.org\/site\/2025\/05\/08\/entre-celebration-et-recueillement-la-journee-des-garcons-au-cmdm\/","url_meta":{"origin":15125,"position":5},"title":"\u00ab\u00a0Entre c\u00e9l\u00e9bration et recueillement: la journ\u00e9e des gar\u00e7ons au CMDM\u00a0\u00bb","author":"Dominique Mazzarello Petion-Ville","date":"8 mai 2025","format":false,"excerpt":"Aujourd\u2019hui, 6 mai 2025, Au son de la cloche, les \u00e9l\u00e8ves du Coll\u00e8ge Marie Dominique Mazzarello (CMDM) se sont rassembl\u00e9s pour comm\u00e9morer Saint Dominique Savio, le jeune saint patron des adolescents. Cependant, en raison du d\u00e9c\u00e8s de Monsieur Frantz Magnard Dominique, professeur de math\u00e9matiques d\u00e9vou\u00e9 des classes du Nouveau Secondaire\u2026","rel":"","context":"Dans &quot;Activit\u00e9s&quot;","block_context":{"text":"Activit\u00e9s","link":"https:\/\/fmahaiti.org\/site\/category\/activites\/"},"img":{"alt_text":"","src":"https:\/\/i0.wp.com\/fmahaiti.org\/site\/wp-content\/uploads\/2025\/05\/WhatsApp-Image-2025-05-06-at-10.06.54.jpeg?fit=961%2C484&ssl=1&resize=350%2C200","width":350,"height":200,"srcset":"https:\/\/i0.wp.com\/fmahaiti.org\/site\/wp-content\/uploads\/2025\/05\/WhatsApp-Image-2025-05-06-at-10.06.54.jpeg?fit=961%2C484&ssl=1&resize=350%2C200 1x, https:\/\/i0.wp.com\/fmahaiti.org\/site\/wp-content\/uploads\/2025\/05\/WhatsApp-Image-2025-05-06-at-10.06.54.jpeg?fit=961%2C484&ssl=1&resize=525%2C300 1.5x, https:\/\/i0.wp.com\/fmahaiti.org\/site\/wp-content\/uploads\/2025\/05\/WhatsApp-Image-2025-05-06-at-10.06.54.jpeg?fit=961%2C484&ssl=1&resize=700%2C400 2x"},"classes":[]}],"_links":{"self":[{"href":"https:\/\/fmahaiti.org\/site\/wp-json\/wp\/v2\/posts\/15125","targetHints":{"allow":["GET"]}}],"collection":[{"href":"https:\/\/fmahaiti.org\/site\/wp-json\/wp\/v2\/posts"}],"about":[{"href":"https:\/\/fmahaiti.org\/site\/wp-json\/wp\/v2\/types\/post"}],"author":[{"embeddable":true,"href":"https:\/\/fmahaiti.org\/site\/wp-json\/wp\/v2\/users\/4"}],"replies":[{"embeddable":true,"href":"https:\/\/fmahaiti.org\/site\/wp-json\/wp\/v2\/comments?post=15125"}],"version-history":[{"count":1,"href":"https:\/\/fmahaiti.org\/site\/wp-json\/wp\/v2\/posts\/15125\/revisions"}],"predecessor-version":[{"id":15132,"href":"https:\/\/fmahaiti.org\/site\/wp-json\/wp\/v2\/posts\/15125\/revisions\/15132"}],"wp:featuredmedia":[{"embeddable":true,"href":"https:\/\/fmahaiti.org\/site\/wp-json\/wp\/v2\/media\/15128"}],"wp:attachment":[{"href":"https:\/\/fmahaiti.org\/site\/wp-json\/wp\/v2\/media?parent=15125"}],"wp:term":[{"taxonomy":"category","embeddable":true,"href":"https:\/\/fmahaiti.org\/site\/wp-json\/wp\/v2\/categories?post=15125"},{"taxonomy":"post_tag","embeddable":true,"href":"https:\/\/fmahaiti.org\/site\/wp-json\/wp\/v2\/tags?post=15125"}],"curies":[{"name":"wp","href":"https:\/\/api.w.org\/{rel}","templated":true}]}}