{"id":15104,"date":"2026-04-30T11:08:16","date_gmt":"2026-04-30T15:08:16","guid":{"rendered":"https:\/\/fmahaiti.org\/site\/?p=15104"},"modified":"2026-04-30T11:08:16","modified_gmt":"2026-04-30T15:08:16","slug":"la-gratitude-signe-de-lamour-qui-rejoint-tout-le-monde","status":"publish","type":"post","link":"https:\/\/fmahaiti.org\/site\/2026\/04\/30\/la-gratitude-signe-de-lamour-qui-rejoint-tout-le-monde\/","title":{"rendered":"La gratitude, signe de l\u2019amour qui rejoint tout le monde!"},"content":{"rendered":"<p><img data-recalc-dims=\"1\" loading=\"lazy\" decoding=\"async\" class=\"aligncenter wp-image-15100 size-full\" src=\"https:\/\/i0.wp.com\/fmahaiti.org\/site\/wp-content\/uploads\/2026\/04\/IMG-20260418-WA0081.jpg?resize=843%2C388&#038;ssl=1\" alt=\"\" width=\"843\" height=\"388\" srcset=\"https:\/\/i0.wp.com\/fmahaiti.org\/site\/wp-content\/uploads\/2026\/04\/IMG-20260418-WA0081.jpg?w=2331&amp;ssl=1 2331w, https:\/\/i0.wp.com\/fmahaiti.org\/site\/wp-content\/uploads\/2026\/04\/IMG-20260418-WA0081.jpg?resize=300%2C138&amp;ssl=1 300w, https:\/\/i0.wp.com\/fmahaiti.org\/site\/wp-content\/uploads\/2026\/04\/IMG-20260418-WA0081.jpg?resize=1024%2C471&amp;ssl=1 1024w, https:\/\/i0.wp.com\/fmahaiti.org\/site\/wp-content\/uploads\/2026\/04\/IMG-20260418-WA0081.jpg?resize=768%2C353&amp;ssl=1 768w, https:\/\/i0.wp.com\/fmahaiti.org\/site\/wp-content\/uploads\/2026\/04\/IMG-20260418-WA0081.jpg?resize=1536%2C706&amp;ssl=1 1536w, https:\/\/i0.wp.com\/fmahaiti.org\/site\/wp-content\/uploads\/2026\/04\/IMG-20260418-WA0081.jpg?resize=2048%2C942&amp;ssl=1 2048w, https:\/\/i0.wp.com\/fmahaiti.org\/site\/wp-content\/uploads\/2026\/04\/IMG-20260418-WA0081.jpg?w=1686&amp;ssl=1 1686w\" sizes=\"auto, (max-width: 843px) 100vw, 843px\" \/><\/p>\n<p>La reconnaissance est un don pr\u00e9cieux que nous pouvons donner et recevoir l\u00e0 o\u00f9 nous sommes. En effet, elle a le pouvoir d\u2019encourager, de motiver, elle ouvre les portes du c\u0153ur et contribue \u00e0 cr\u00e9er un climat de confiance. S\u00fbre de cette affirmation, la communaut\u00e9 Marie Dominique Mazzarello a c\u00e9l\u00e9br\u00e9 la f\u00eate de la gratitude pendant 4 jours, autour du th\u00e8me : \u00ab Enracin\u00e9s en J\u00e9sus, fermes dans la foi et la reconnaissance, cultivons l&rsquo;amour autour de nous. \u00bb<\/p>\n<p><img data-recalc-dims=\"1\" loading=\"lazy\" decoding=\"async\" class=\"alignleft wp-image-15101 size-medium\" src=\"https:\/\/i0.wp.com\/fmahaiti.org\/site\/wp-content\/uploads\/2026\/04\/20260415_113612.jpg?resize=300%2C157&#038;ssl=1\" alt=\"\" width=\"300\" height=\"157\" srcset=\"https:\/\/i0.wp.com\/fmahaiti.org\/site\/wp-content\/uploads\/2026\/04\/20260415_113612-scaled.jpg?resize=300%2C157&amp;ssl=1 300w, https:\/\/i0.wp.com\/fmahaiti.org\/site\/wp-content\/uploads\/2026\/04\/20260415_113612-scaled.jpg?resize=1024%2C536&amp;ssl=1 1024w, https:\/\/i0.wp.com\/fmahaiti.org\/site\/wp-content\/uploads\/2026\/04\/20260415_113612-scaled.jpg?resize=768%2C402&amp;ssl=1 768w, https:\/\/i0.wp.com\/fmahaiti.org\/site\/wp-content\/uploads\/2026\/04\/20260415_113612-scaled.jpg?resize=1536%2C804&amp;ssl=1 1536w, https:\/\/i0.wp.com\/fmahaiti.org\/site\/wp-content\/uploads\/2026\/04\/20260415_113612-scaled.jpg?resize=2048%2C1072&amp;ssl=1 2048w, https:\/\/i0.wp.com\/fmahaiti.org\/site\/wp-content\/uploads\/2026\/04\/20260415_113612-scaled.jpg?w=1686&amp;ssl=1 1686w, https:\/\/i0.wp.com\/fmahaiti.org\/site\/wp-content\/uploads\/2026\/04\/20260415_113612-scaled.jpg?w=2529&amp;ssl=1 2529w\" sizes=\"auto, (max-width: 300px) 100vw, 300px\" \/>Cette f\u00eate a \u00e9t\u00e9 un moment cl\u00e9 pour qu\u2019on puisse rendre gr\u00e2ce au Seigneur pour ses merveilles dans la vie de S\u0153ur Marie Claire Jean, qui anime cette communaut\u00e9 avec tant de z\u00e8le, de chaque s\u0153ur, des destinataires et aussi de tous ceux qui collaborent avec nous pour le bon d\u00e9roulement de la mission.<\/p>\n<p>Le <strong>mercredi 15 avril<\/strong>, les \u00e9l\u00e8ves du troisi\u00e8me cycle ont exprim\u00e9 leur merci \u00e0 tous ceux qui, de pr\u00e8s ou de loin, contribuent \u00e0 leur plein \u00e9panouissement. La f\u00eate a d\u00e9but\u00e9 par la c\u00e9l\u00e9bration eucharistique c\u00e9l\u00e9br\u00e9e par le R\u00e9v\u00e9rend P\u00e8re Sonel Romain sdb. La messe a commenc\u00e9 \u00e0 9 heures.<\/p>\n<p>Le pr\u00eatre, dans son hom\u00e9lie courte et enrichissante, a parl\u00e9 aux enfants de l\u2019origine de cette f\u00eate dans la famille sal\u00e9sienne o\u00f9 les jeunes, \u00e0 l\u2019\u00e9poque de Saint Jean Bosco, organisaient cette f\u00eate pour remercier Don Bosco, et que les s\u0153urs gardent cette tradition jusqu\u2019\u00e0 pr\u00e9sent. Il a aussi soulign\u00e9 l\u2019histoire des dix l\u00e9preux de l\u2019\u00c9vangile qui, apr\u00e8s avoir \u00e9t\u00e9 gu\u00e9ris, un seul est retourn\u00e9 remercier J\u00e9sus pour sa gu\u00e9rison. Et il a demand\u00e9 aux enfants de toujours \u00eatre reconnaissants envers ceux qui leur font du bien, m\u00eame si c\u2019est un simple geste.<img data-recalc-dims=\"1\" loading=\"lazy\" decoding=\"async\" class=\"alignright wp-image-15116 size-medium\" src=\"https:\/\/i0.wp.com\/fmahaiti.org\/site\/wp-content\/uploads\/2026\/04\/72e0ed5d-5c78-4718-b0c3-f498becd8bd2.jpeg?resize=300%2C206&#038;ssl=1\" alt=\"\" width=\"300\" height=\"206\" srcset=\"https:\/\/i0.wp.com\/fmahaiti.org\/site\/wp-content\/uploads\/2026\/04\/72e0ed5d-5c78-4718-b0c3-f498becd8bd2.jpeg?resize=300%2C206&amp;ssl=1 300w, https:\/\/i0.wp.com\/fmahaiti.org\/site\/wp-content\/uploads\/2026\/04\/72e0ed5d-5c78-4718-b0c3-f498becd8bd2.jpeg?resize=768%2C528&amp;ssl=1 768w, https:\/\/i0.wp.com\/fmahaiti.org\/site\/wp-content\/uploads\/2026\/04\/72e0ed5d-5c78-4718-b0c3-f498becd8bd2.jpeg?w=831&amp;ssl=1 831w\" sizes=\"auto, (max-width: 300px) 100vw, 300px\" \/><\/p>\n<p>Apr\u00e8s la messe, tous en r\u00e9cr\u00e9ation ils ont profit\u00e9 pour jouer et manger afin de revenir en forme pour la deuxi\u00e8me partie de la f\u00eate. Apr\u00e8s la r\u00e9cr\u00e9ation, ils ont eu \u00e0 l\u2019auditorium la partie culturelle qui mettait en sc\u00e8ne les dix femmes de la Bible : \u00c8ve, Sara, D\u00e9borah, Ruth, Esther, Marie, \u00c9lisabeth, Marie-Madeleine, Marie de Magdala, Marthe. Des filles tr\u00e8s \u00e9l\u00e9gantes ont jou\u00e9 les r\u00f4les de ces femmes et chacune s\u2019est pr\u00e9sent\u00e9e et a expliqu\u00e9 elle-m\u00eame son r\u00f4le dans la Bible.<\/p>\n<p>Ensuite, elles ont dans\u00e9 sur la musique de R\u00e9ginald Cang\u00e9 titr\u00e9e \u00ab\u00a0<em>Pa Tann Demen\u00a0\u00bb<\/em> pour montrer que ces femmes savaient aussi danser. D\u2019autres danses et chants ont donn\u00e9 du go\u00fbt \u00e0 cette belle f\u00eate. Mais les danses de tambour ont donn\u00e9 une ambiance plus joviale \u00e0 la f\u00eate et les enfants ont fait beaucoup de bruit tellement ils aimaient les danses de tambour.<\/p>\n<p><img data-recalc-dims=\"1\" loading=\"lazy\" decoding=\"async\" class=\"alignleft wp-image-15102 size-medium\" src=\"https:\/\/i0.wp.com\/fmahaiti.org\/site\/wp-content\/uploads\/2026\/04\/20260417_123408.jpg?resize=300%2C133&#038;ssl=1\" alt=\"\" width=\"300\" height=\"133\" srcset=\"https:\/\/i0.wp.com\/fmahaiti.org\/site\/wp-content\/uploads\/2026\/04\/20260417_123408-scaled.jpg?resize=300%2C133&amp;ssl=1 300w, https:\/\/i0.wp.com\/fmahaiti.org\/site\/wp-content\/uploads\/2026\/04\/20260417_123408-scaled.jpg?resize=1024%2C453&amp;ssl=1 1024w, https:\/\/i0.wp.com\/fmahaiti.org\/site\/wp-content\/uploads\/2026\/04\/20260417_123408-scaled.jpg?resize=768%2C340&amp;ssl=1 768w, https:\/\/i0.wp.com\/fmahaiti.org\/site\/wp-content\/uploads\/2026\/04\/20260417_123408-scaled.jpg?resize=1536%2C680&amp;ssl=1 1536w, https:\/\/i0.wp.com\/fmahaiti.org\/site\/wp-content\/uploads\/2026\/04\/20260417_123408-scaled.jpg?resize=2048%2C906&amp;ssl=1 2048w, https:\/\/i0.wp.com\/fmahaiti.org\/site\/wp-content\/uploads\/2026\/04\/20260417_123408-scaled.jpg?w=1686&amp;ssl=1 1686w, https:\/\/i0.wp.com\/fmahaiti.org\/site\/wp-content\/uploads\/2026\/04\/20260417_123408-scaled.jpg?w=2529&amp;ssl=1 2529w\" sizes=\"auto, (max-width: 300px) 100vw, 300px\" \/>Apr\u00e8s, ils ont exprim\u00e9 leurs mots de remerciement \u00e0 S\u0153ur Marie Claire et \u00e0 toutes les s\u0153urs par une belle carte \u00e9crite avec amour. Apr\u00e8s les mots des enfants et la surprise des cadeaux, S\u0153ur Marie Claire Jean a pris la parole, elle exhortait les enfants sur le sens du \u00ab merci \u00bb et elle leur a demand\u00e9 \u00e0 chacun de dire merci \u00e0 la personne qui se trouvait \u00e0 c\u00f4t\u00e9 d\u2019eux. Cet exercice a mis une tr\u00e8s belle ambiance entre les enfants.<\/p>\n<p><strong>Le jeudi 16<\/strong>, les \u00e9l\u00e8ves du cours secondaire ont eu l\u2019occasion eux aussi d\u2019exprimer leur merci. La c\u00e9l\u00e9bration eucharistique qui a d\u00e9but\u00e9 cette f\u00eate a \u00e9t\u00e9 c\u00e9l\u00e9br\u00e9e par le R\u00e9v\u00e9rend P\u00e8re Fritz G\u00e9rald Antoine \u00e0 8 heures. Chant\u00e9e par la grande chorale de l\u2019\u00e9cole, toute la messe a \u00e9t\u00e9 faite aux intentions de la communaut\u00e9 et surtout de S\u0153ur Marie Claire. Le pr\u00eatre a donn\u00e9 une hom\u00e9lie tr\u00e8s enrichissante dans laquelle il a expliqu\u00e9 aux jeunes la mort de tous les ap\u00f4tres, chacun a eu une mort tragique et a \u00e9t\u00e9 martyris\u00e9, sauf Jean qui est mort dans sa vieillesse. Il leur dit combien le fait de suivre J\u00e9sus ne veut pas dire que nous n\u2019aurons que des roses, mais que les \u00e9pines sont partie prenante de la vie des chr\u00e9tiens. Il leur a demand\u00e9 aussi de vivre leur vie pleinement, non pas pour vivoter, mais surtout dans l\u2019amour et la sagesse. Et que, comme les ap\u00f4tres, il faut aller jusqu\u2019au bout pour donner un bon t\u00e9moignage.<img data-recalc-dims=\"1\" loading=\"lazy\" decoding=\"async\" class=\"alignright wp-image-15106 size-medium\" src=\"https:\/\/i0.wp.com\/fmahaiti.org\/site\/wp-content\/uploads\/2026\/04\/IMG-20260418-WA0051.jpg?resize=223%2C300&#038;ssl=1\" alt=\"\" width=\"223\" height=\"300\" srcset=\"https:\/\/i0.wp.com\/fmahaiti.org\/site\/wp-content\/uploads\/2026\/04\/IMG-20260418-WA0051.jpg?resize=223%2C300&amp;ssl=1 223w, https:\/\/i0.wp.com\/fmahaiti.org\/site\/wp-content\/uploads\/2026\/04\/IMG-20260418-WA0051.jpg?resize=762%2C1024&amp;ssl=1 762w, https:\/\/i0.wp.com\/fmahaiti.org\/site\/wp-content\/uploads\/2026\/04\/IMG-20260418-WA0051.jpg?resize=768%2C1032&amp;ssl=1 768w, https:\/\/i0.wp.com\/fmahaiti.org\/site\/wp-content\/uploads\/2026\/04\/IMG-20260418-WA0051.jpg?resize=1143%2C1536&amp;ssl=1 1143w, https:\/\/i0.wp.com\/fmahaiti.org\/site\/wp-content\/uploads\/2026\/04\/IMG-20260418-WA0051.jpg?w=1287&amp;ssl=1 1287w\" sizes=\"auto, (max-width: 223px) 100vw, 223px\" \/><\/p>\n<p>Ils ont eu aussi une procession d\u2019offrandes o\u00f9 4 \u00e9l\u00e8ves ont repr\u00e9sent\u00e9 chaque classe du secondaire et chacun a apport\u00e9 quelque chose qui repr\u00e9sentait leur pas dans la classe o\u00f9 ils sont. Deux collaborateurs ont apport\u00e9 le pain et le vin. \u00c0 la fin de la messe, deux \u00e9l\u00e8ves ont exprim\u00e9 leur remerciement au P\u00e8re Antoine. Tout de suite, ils sont all\u00e9s \u00e0 la r\u00e9cr\u00e9ation suivie de la partie culturelle. Ce moment a \u00e9t\u00e9 extraordinaire, attrayant et surtout jovial. Pour commencer cette partie festive, un beau commentaire a \u00e9t\u00e9 fait par Ruth Lafalaise Ministre de l\u2019\u00c9ducation, qui a anim\u00e9 toute la f\u00eate. Tout de suite, les rideaux se sont ouverts comme l\u2019a annonc\u00e9 Ruth et un beau chant a \u00e9t\u00e9 chant\u00e9 par deux \u00e9l\u00e8ves du nouveau secondaire 4. Et tout de suite, le th\u00e9\u00e2tre a d\u00e9but\u00e9, parlant de la vie comme \u00e9tant signe de gratitude qui rejoint tout le monde. Avec une jeune fille qui, apr\u00e8s avoir su que la vie est don et cadeau inestimable, a partag\u00e9 sa d\u00e9couverte avec tous ceux qu\u2019elle rencontre dans sa vie, qui ont perdu le go\u00fbt de vivre ou qui croient que le bonheur se r\u00e9sume dans la fortune. Des danses comme la musique de Robert Lebel <em>Oui, la bont\u00e9 existe<\/em>, et la musique de Soprano <em>Merci \u00e0 nos h\u00e9ros du quotidien<\/em>, ont donn\u00e9 de la saveur \u00e0 la f\u00eate. Mais ce qui \u00e9tait plus \u00e9mouvant, ce sont les 7 parties de tambour dans\u00e9es par les \u00e9l\u00e8ves et aussi les deux professeurs de danse de l\u2019\u00e9cole.<\/p>\n<p>Pour cl\u00f4turer la f\u00eate, les \u00e9l\u00e8ves ont pr\u00e9sent\u00e9 une carte \u00e0 S\u0153ur Marie Claire et aussi des cadeaux. Et S\u0153ur Marie Claire leur a donn\u00e9 un tr\u00e8s bon message en reprenant les paroles du pr\u00eatre sur la mort des ap\u00f4tres, en disant qu\u2019on se dit chr\u00e9tien au prix de sa vie. Tout le monde aurait aim\u00e9 mourir dans sa vieillesse, mais on doit croire que c\u2019est Dieu qui choisit pour nous. Elle a profit\u00e9 pour dire merci aux jeunes qui, \u00e0 cause d\u2019eux, font que l\u2019\u0153uvre marche bien, et elle les a invit\u00e9s \u00e0 dire merci aux parents en arrivant \u00e0 la maison et \u00e0 refaire encore cet exercice de dire merci \u00e0 l\u2019autre qui est \u00e0 c\u00f4t\u00e9 de soi. La f\u00eate a pris fin avec des prises de photos.<\/p>\n<p><img data-recalc-dims=\"1\" loading=\"lazy\" decoding=\"async\" class=\"aligncenter wp-image-15103 size-large\" src=\"https:\/\/i0.wp.com\/fmahaiti.org\/site\/wp-content\/uploads\/2026\/04\/20260417_124521.jpg?resize=843%2C294&#038;ssl=1\" alt=\"\" width=\"843\" height=\"294\" srcset=\"https:\/\/i0.wp.com\/fmahaiti.org\/site\/wp-content\/uploads\/2026\/04\/20260417_124521-scaled.jpg?resize=1024%2C357&amp;ssl=1 1024w, https:\/\/i0.wp.com\/fmahaiti.org\/site\/wp-content\/uploads\/2026\/04\/20260417_124521-scaled.jpg?resize=300%2C104&amp;ssl=1 300w, https:\/\/i0.wp.com\/fmahaiti.org\/site\/wp-content\/uploads\/2026\/04\/20260417_124521-scaled.jpg?resize=768%2C267&amp;ssl=1 768w, https:\/\/i0.wp.com\/fmahaiti.org\/site\/wp-content\/uploads\/2026\/04\/20260417_124521-scaled.jpg?resize=1536%2C535&amp;ssl=1 1536w, https:\/\/i0.wp.com\/fmahaiti.org\/site\/wp-content\/uploads\/2026\/04\/20260417_124521-scaled.jpg?resize=2048%2C713&amp;ssl=1 2048w, https:\/\/i0.wp.com\/fmahaiti.org\/site\/wp-content\/uploads\/2026\/04\/20260417_124521-scaled.jpg?w=1686&amp;ssl=1 1686w, https:\/\/i0.wp.com\/fmahaiti.org\/site\/wp-content\/uploads\/2026\/04\/20260417_124521-scaled.jpg?w=2529&amp;ssl=1 2529w\" sizes=\"auto, (max-width: 843px) 100vw, 843px\" \/><\/p>\n<p>La f\u00eate a continu\u00e9 le <strong>vendredi 17<\/strong> avec les enfants du cours primaire qui ont aussi exprim\u00e9 leur gratitude envers la communaut\u00e9. Et comme les autres cycles l\u2019ont fait, la f\u00eate a d\u00e9but\u00e9 avec la messe c\u00e9l\u00e9br\u00e9e par le R\u00e9v\u00e9rend P\u00e8re Jacques Antoine Souverain \u00e0 8 heures. Dans son hom\u00e9lie, il a \u00e9clair\u00e9 les \u00e9l\u00e8ves sur l\u2019\u00c9vangile qui parlait de la multiplication des pains. Il s\u2019est arr\u00eat\u00e9 sur les 5 pains et les 2 poissons que ce jeune homme a donn\u00e9s et il leur dit combien ils ne doivent pas avoir peur de toujours donner \u00e0 J\u00e9sus le peu qu\u2019ils ont, car avec cela il peut faire de grandes choses pour nous. Ainsi, il a demand\u00e9 \u00e0 tous de cultiver la gratitude, car c\u2019est elle qui nous aide \u00e0 reconna\u00eetre que l\u2019autre n\u2019est pas parfait mais plut\u00f4t important \u00e0 nos yeux.<\/p>\n<p><img data-recalc-dims=\"1\" loading=\"lazy\" decoding=\"async\" class=\"aligncenter wp-image-15117 size-large\" src=\"https:\/\/i0.wp.com\/fmahaiti.org\/site\/wp-content\/uploads\/2026\/04\/20260415_114124.jpg?resize=843%2C272&#038;ssl=1\" alt=\"\" width=\"843\" height=\"272\" srcset=\"https:\/\/i0.wp.com\/fmahaiti.org\/site\/wp-content\/uploads\/2026\/04\/20260415_114124-scaled.jpg?resize=1024%2C331&amp;ssl=1 1024w, https:\/\/i0.wp.com\/fmahaiti.org\/site\/wp-content\/uploads\/2026\/04\/20260415_114124-scaled.jpg?resize=300%2C97&amp;ssl=1 300w, https:\/\/i0.wp.com\/fmahaiti.org\/site\/wp-content\/uploads\/2026\/04\/20260415_114124-scaled.jpg?resize=768%2C248&amp;ssl=1 768w, https:\/\/i0.wp.com\/fmahaiti.org\/site\/wp-content\/uploads\/2026\/04\/20260415_114124-scaled.jpg?resize=1536%2C497&amp;ssl=1 1536w, https:\/\/i0.wp.com\/fmahaiti.org\/site\/wp-content\/uploads\/2026\/04\/20260415_114124-scaled.jpg?resize=2048%2C662&amp;ssl=1 2048w, https:\/\/i0.wp.com\/fmahaiti.org\/site\/wp-content\/uploads\/2026\/04\/20260415_114124-scaled.jpg?w=1686&amp;ssl=1 1686w, https:\/\/i0.wp.com\/fmahaiti.org\/site\/wp-content\/uploads\/2026\/04\/20260415_114124-scaled.jpg?w=2529&amp;ssl=1 2529w\" sizes=\"auto, (max-width: 843px) 100vw, 843px\" \/><\/p>\n<p>Apr\u00e8s la messe et la r\u00e9cr\u00e9ation, ils ont eu la partie culturelle qu\u2019ils attendaient tous. Cette grande f\u00eate mettait en valeur les talents de ces enfants qui \u00e9tonnaient toute l\u2019assistance. Un beau th\u00e9\u00e2tre mettait en sc\u00e8ne diff\u00e9rents m\u00e9tiers comme m\u00e9decin, professeur et pilote, etc., et montrait comment ils aident dans l\u2019\u00e9volution du monde. Ils ont donn\u00e9 un beau message aux enfants en les invitant \u00e0 ne pas cesser de r\u00eaver. Les petits du 1er cycle, avec des acrostiches, des chants et des danses, ont \u00e9bloui la salle et c\u2019\u00e9tait \u00e9tonnant de les voir.<\/p>\n<p>La f\u00eate a pris fin avec les danses de tambour, faites avec un groupe d\u2019\u00e9l\u00e8ves dans presque toutes les salles. La surprise a \u00e9t\u00e9 de voir danser les professeurs de danse de l\u2019\u00e9cole, avec les enfants. \u00a0S\u0153ur Louisem\u00e8ne Demesoie a anim\u00e9 la f\u00eate avec beaucoup de chaleur.<\/p>\n<p>Avant la fin, S\u0153ur Louisem\u00e8ne a invit\u00e9 S\u0153ur Marie Claire \u00e0 donner son mot, dans lequel elle a f\u00e9licit\u00e9 d\u2019abord les enfants pour cette belle f\u00eate et elle leur a pos\u00e9 cette question : \u00ab Est-ce que vous savez r\u00eaver ? \u00bb Apr\u00e8s les r\u00e9ponses des enfants, elle leur a demand\u00e9 de se projeter toujours et de commencer d\u2019abord par dire \u00ab je voudrais \u00bb, puis de traduire ce conditionnel au pr\u00e9sent en disant \u00ab je veux \u00bb. Et en disant ce \u00ab je veux \u00bb, il faut prendre des dispositions pour commencer de construire ce qu\u2019ils veulent \u00eatre. \u00c0 la fin, elle les a remerci\u00e9s pour tout et leur a demand\u00e9 de continuer \u00e0 cultiver la gratitude en tout.<\/p>\n<p>Apr\u00e8s, la f\u00eate a continu\u00e9 avec la remise de la carte dans laquelle ils exprimaient leur plus profonde gratitude et aussi les cadeaux.<\/p>\n<p><img data-recalc-dims=\"1\" loading=\"lazy\" decoding=\"async\" class=\"aligncenter wp-image-15115 size-large\" src=\"https:\/\/i0.wp.com\/fmahaiti.org\/site\/wp-content\/uploads\/2026\/04\/20260419_132142.jpg?resize=843%2C347&#038;ssl=1\" alt=\"\" width=\"843\" height=\"347\" srcset=\"https:\/\/i0.wp.com\/fmahaiti.org\/site\/wp-content\/uploads\/2026\/04\/20260419_132142-scaled.jpg?resize=1024%2C421&amp;ssl=1 1024w, https:\/\/i0.wp.com\/fmahaiti.org\/site\/wp-content\/uploads\/2026\/04\/20260419_132142-scaled.jpg?resize=300%2C123&amp;ssl=1 300w, https:\/\/i0.wp.com\/fmahaiti.org\/site\/wp-content\/uploads\/2026\/04\/20260419_132142-scaled.jpg?resize=768%2C316&amp;ssl=1 768w, https:\/\/i0.wp.com\/fmahaiti.org\/site\/wp-content\/uploads\/2026\/04\/20260419_132142-scaled.jpg?resize=1536%2C632&amp;ssl=1 1536w, https:\/\/i0.wp.com\/fmahaiti.org\/site\/wp-content\/uploads\/2026\/04\/20260419_132142-scaled.jpg?resize=2048%2C842&amp;ssl=1 2048w, https:\/\/i0.wp.com\/fmahaiti.org\/site\/wp-content\/uploads\/2026\/04\/20260419_132142-scaled.jpg?w=1686&amp;ssl=1 1686w, https:\/\/i0.wp.com\/fmahaiti.org\/site\/wp-content\/uploads\/2026\/04\/20260419_132142-scaled.jpg?w=2529&amp;ssl=1 2529w\" sizes=\"auto, (max-width: 843px) 100vw, 843px\" \/><\/p>\n<p>La f\u00eate a continu\u00e9 dans la communaut\u00e9 le <strong>dimanche 19 avril<\/strong> avec les s\u0153urs de la communaut\u00e9, le petit personnel, les pr\u00eatres sal\u00e9siens de P\u00e9tion-Ville ainsi que les deux pr\u00eatres voisins, quelques s\u0153urs de Saint Fran\u00e7ois d\u2019Assise et certains membres de la famille de S\u0153ur Marie Claire qui habitent tout pr\u00e8s.<\/p>\n<p>On a commenc\u00e9 avec la pri\u00e8re du milieu du jour \u00e0 1 heure, en demandant au Seigneur non seulement d\u2019accueillir nos remerciements mais aussi de b\u00e9nir cette fraternit\u00e9 qui nous unit. Apr\u00e8s la pri\u00e8re, nous avons eu le d\u00eener ensemble, ou on mangeait, blaguait et profite de ce moment favorable que Dieu nous donne. Apr\u00e8s le d\u00eener, tous sont partis satisfaits et S\u0153ur Marie Claire les a remerci\u00e9s d\u2019\u00eatre venus cl\u00f4turer la f\u00eate de la gratitude avec nous.<\/p>\n<p>Ainsi ont pris fin les 4 jours de la gratitude \u00e0 la communaut\u00e9 de P\u00e9tion-Ville et nous rendons gr\u00e2ce \u00e0 Dieu qui nous a permis de r\u00e9aliser cette grande f\u00eate. Et nous continuons \u00e0 prier pour la directrice afin qu\u2019elle continue de se laisser guider par l\u2019Esprit de sagesse et de discernement.<\/p>\n<p>&nbsp;<\/p>\n","protected":false},"excerpt":{"rendered":"<p>La reconnaissance est un don pr\u00e9cieux que nous pouvons donner et recevoir l\u00e0 o\u00f9 nous sommes. En effet, elle a le pouvoir d\u2019encourager, de motiver,&hellip;<\/p>\n","protected":false},"author":4,"featured_media":15103,"comment_status":"open","ping_status":"open","sticky":false,"template":"","format":"standard","meta":{"_jetpack_memberships_contains_paid_content":false,"footnotes":"","jetpack_publicize_message":"","jetpack_publicize_feature_enabled":true,"jetpack_social_post_already_shared":true,"jetpack_social_options":{"image_generator_settings":{"template":"highway","default_image_id":0,"font":"","enabled":false},"version":2}},"categories":[17,5],"tags":[],"class_list":["post-15104","post","type-post","status-publish","format-standard","has-post-thumbnail","hentry","category-eglise","category-fete-de-la-reconnaissance"],"jetpack_publicize_connections":[],"jetpack_featured_media_url":"https:\/\/i0.wp.com\/fmahaiti.org\/site\/wp-content\/uploads\/2026\/04\/20260417_124521-scaled.jpg?fit=2560%2C892&ssl=1","jetpack_sharing_enabled":true,"jetpack_shortlink":"https:\/\/wp.me\/pcR5kd-3VC","jetpack-related-posts":[{"id":5277,"url":"https:\/\/fmahaiti.org\/site\/2023\/06\/15\/5277\/","url_meta":{"origin":15104,"position":0},"title":"Noviciat &#8211; Marie Auxiliatrice:\u00a0 Gratitude Locale -Vendredi 26 et dimanche 28 mai 2023","author":"Noviciat FMA Thorland","date":"15 juin 2023","format":false,"excerpt":"Noviciat - Marie Auxiliatrice Thorland \u2013Carrefour- Ha\u00efti Gratitude Locale -Vendredi 26 et dimanche 28 mai 2023 Cette tradition sal\u00e9sienne a \u00e9t\u00e9 au rendez-vous chez nous au noviciat Marie Auxiliatrice. La f\u00eate du MERCI\u00a0 ou de la GRATITUDE. \u00ab\u00a0C\u00e9l\u00e9brons l\u2019amour en signe de gratitude pour \u00eatre porteuses d\u2019esp\u00e9rance.\u00a0\u00bb C\u2019est autour de\u2026","rel":"","context":"Dans &quot;Espace Jeunes&quot;","block_context":{"text":"Espace Jeunes","link":"https:\/\/fmahaiti.org\/site\/category\/jeunes\/"},"img":{"alt_text":"","src":"https:\/\/i0.wp.com\/fmahaiti.org\/site\/wp-content\/uploads\/2023\/06\/Cagliero.jpg?fit=1200%2C900&ssl=1&resize=350%2C200","width":350,"height":200,"srcset":"https:\/\/i0.wp.com\/fmahaiti.org\/site\/wp-content\/uploads\/2023\/06\/Cagliero.jpg?fit=1200%2C900&ssl=1&resize=350%2C200 1x, https:\/\/i0.wp.com\/fmahaiti.org\/site\/wp-content\/uploads\/2023\/06\/Cagliero.jpg?fit=1200%2C900&ssl=1&resize=525%2C300 1.5x, https:\/\/i0.wp.com\/fmahaiti.org\/site\/wp-content\/uploads\/2023\/06\/Cagliero.jpg?fit=1200%2C900&ssl=1&resize=700%2C400 2x, https:\/\/i0.wp.com\/fmahaiti.org\/site\/wp-content\/uploads\/2023\/06\/Cagliero.jpg?fit=1200%2C900&ssl=1&resize=1050%2C600 3x"},"classes":[]},{"id":9000,"url":"https:\/\/fmahaiti.org\/site\/2024\/06\/16\/dire-merci-fait-du-bien\/","url_meta":{"origin":15104,"position":1},"title":"Dire merci fait du bien!","author":"Marie Regine Thorland","date":"16 juin 2024","format":false,"excerpt":"Le vendredi 7 mai 2024,\u00a0 la Communaut\u00e9 Educative du Coll\u00e8ge \u00a0Marie R\u00e9gine( CMR) des S\u0153urs Sal\u00e9siennes de Carrefour, a c\u00e9l\u00e9br\u00e9 dans la matin\u00e9e du 7 la f\u00eate de la Reconnaissance. S\u0153ur Piera Cavagli\u00e0, Secr\u00e9taire G\u00e9n\u00e9rale \u00e9m\u00e9rite des Filles de Marie Auxiliatrice, \u00a0le 26 avril 2022 \u00e0 Turin, Morn\u00e8se Nice Monferrat\u2026","rel":"","context":"Dans &quot;F\u00eate de la reconnaissance&quot;","block_context":{"text":"F\u00eate de la reconnaissance","link":"https:\/\/fmahaiti.org\/site\/category\/fete-de-la-reconnaissance\/"},"img":{"alt_text":"","src":"https:\/\/i0.wp.com\/fmahaiti.org\/site\/wp-content\/uploads\/2024\/06\/PHOTO-2024-06-15-15-06-00.jpg?fit=1200%2C1200&ssl=1&resize=350%2C200","width":350,"height":200,"srcset":"https:\/\/i0.wp.com\/fmahaiti.org\/site\/wp-content\/uploads\/2024\/06\/PHOTO-2024-06-15-15-06-00.jpg?fit=1200%2C1200&ssl=1&resize=350%2C200 1x, https:\/\/i0.wp.com\/fmahaiti.org\/site\/wp-content\/uploads\/2024\/06\/PHOTO-2024-06-15-15-06-00.jpg?fit=1200%2C1200&ssl=1&resize=525%2C300 1.5x, https:\/\/i0.wp.com\/fmahaiti.org\/site\/wp-content\/uploads\/2024\/06\/PHOTO-2024-06-15-15-06-00.jpg?fit=1200%2C1200&ssl=1&resize=700%2C400 2x, https:\/\/i0.wp.com\/fmahaiti.org\/site\/wp-content\/uploads\/2024\/06\/PHOTO-2024-06-15-15-06-00.jpg?fit=1200%2C1200&ssl=1&resize=1050%2C600 3x"},"classes":[]},{"id":1698,"url":"https:\/\/fmahaiti.org\/site\/2021\/05\/10\/gratitude-au-noviciat\/","url_meta":{"origin":15104,"position":2},"title":"Gratitude au Noviciat &#8211; Thorland","author":"Sr Martha Seide","date":"10 mai 2021","format":false,"excerpt":"Vivons la Synodalit\u00e9 en g\u00e9n\u00e9rant la vie\u00a0 dans un esprit \u00a0de gratitude\u00a0 Cette ann\u00e9e, la communaut\u00e9 du Noviciat a \u00a0c\u00e9l\u00e9br\u00e9 la f\u00eate de la Gratitude locale autour du th\u00e8me\u00a0: \u00ab\u00a0Vivons la synodalit\u00e9 en g\u00e9n\u00e9rant la vie dans un esprit de gratitude\u00bb Nous avons d\u00e9but\u00e9 cette f\u00eate le 28 avril 2021\u2026","rel":"","context":"Dans &quot;F\u00eate de la reconnaissance&quot;","block_context":{"text":"F\u00eate de la reconnaissance","link":"https:\/\/fmahaiti.org\/site\/category\/fete-de-la-reconnaissance\/"},"img":{"alt_text":"","src":"https:\/\/i0.wp.com\/fmahaiti.org\/site\/wp-content\/uploads\/2021\/05\/IMG_20210425_092439.jpg?fit=1200%2C675&ssl=1&resize=350%2C200","width":350,"height":200,"srcset":"https:\/\/i0.wp.com\/fmahaiti.org\/site\/wp-content\/uploads\/2021\/05\/IMG_20210425_092439.jpg?fit=1200%2C675&ssl=1&resize=350%2C200 1x, https:\/\/i0.wp.com\/fmahaiti.org\/site\/wp-content\/uploads\/2021\/05\/IMG_20210425_092439.jpg?fit=1200%2C675&ssl=1&resize=525%2C300 1.5x, https:\/\/i0.wp.com\/fmahaiti.org\/site\/wp-content\/uploads\/2021\/05\/IMG_20210425_092439.jpg?fit=1200%2C675&ssl=1&resize=700%2C400 2x, https:\/\/i0.wp.com\/fmahaiti.org\/site\/wp-content\/uploads\/2021\/05\/IMG_20210425_092439.jpg?fit=1200%2C675&ssl=1&resize=1050%2C600 3x"},"classes":[]},{"id":12283,"url":"https:\/\/fmahaiti.org\/site\/2025\/05\/27\/pelerins-desperance-celebrons-lamour-dans-un-esprit-de-gratitude\/","url_meta":{"origin":15104,"position":3},"title":"\u00ab P\u00e8lerins d\u2019Esp\u00e9rance, c\u00e9l\u00e9brons l\u2019amour dans un esprit de gratitude. \u00bb","author":"Sr Monette Octave","date":"27 mai 2025","format":false,"excerpt":"La gratitude est le secret d\u2019une vie harmonieuse\u00a0; plus nous remercions, plus nos c\u0153urs s\u2019ouvrent \u00e0 l\u2019amour de Dieu et du prochain. Avec l\u2019assurance de cette v\u00e9rit\u00e9 et en signe de reconnaissance envers Dieu pour ses bienfaits, la Communaut\u00e9 du Noviciat a c\u00e9l\u00e9br\u00e9 la traditionnelle \u00a0f\u00eate de la gratitude, exprimant\u2026","rel":"","context":"Dans &quot;F\u00eate de la reconnaissance&quot;","block_context":{"text":"F\u00eate de la reconnaissance","link":"https:\/\/fmahaiti.org\/site\/category\/fete-de-la-reconnaissance\/"},"img":{"alt_text":"","src":"https:\/\/i0.wp.com\/fmahaiti.org\/site\/wp-content\/uploads\/2025\/05\/photo-grat-1.jpg?fit=1200%2C557&ssl=1&resize=350%2C200","width":350,"height":200,"srcset":"https:\/\/i0.wp.com\/fmahaiti.org\/site\/wp-content\/uploads\/2025\/05\/photo-grat-1.jpg?fit=1200%2C557&ssl=1&resize=350%2C200 1x, https:\/\/i0.wp.com\/fmahaiti.org\/site\/wp-content\/uploads\/2025\/05\/photo-grat-1.jpg?fit=1200%2C557&ssl=1&resize=525%2C300 1.5x, https:\/\/i0.wp.com\/fmahaiti.org\/site\/wp-content\/uploads\/2025\/05\/photo-grat-1.jpg?fit=1200%2C557&ssl=1&resize=700%2C400 2x, https:\/\/i0.wp.com\/fmahaiti.org\/site\/wp-content\/uploads\/2025\/05\/photo-grat-1.jpg?fit=1200%2C557&ssl=1&resize=1050%2C600 3x"},"classes":[]},{"id":972,"url":"https:\/\/fmahaiti.org\/site\/2021\/03\/25\/gratitude-provinciale-2021\/","url_meta":{"origin":15104,"position":4},"title":"Gratitude provinciale 2021: \u00ab\u00a0Comme \u00e0 Morn\u00e8se, vivons la synodalit\u00e9 pour g\u00e9n\u00e9rer la vie.\u00a0\u00bb","author":"fmahaiti","date":"25 mars 2021","format":false,"excerpt":"Nous avons v\u00e9cu une f\u00eate de gratitude en pl\u00e9nitude digne de la pl\u00e9nitude du c\u0153ur de celle pour qui cette f\u00eate a \u00e9t\u00e9 programm\u00e9e et r\u00e9alis\u00e9e\u00a0: Notre provinciale s\u0153ur Aline Nicolas. La limitation et la peur que nous imposait la situation socio-politique du pays ont \u00e9t\u00e9 vaincues par le courage\u2026","rel":"","context":"Dans &quot;Convivialit\u00e9&quot;","block_context":{"text":"Convivialit\u00e9","link":"https:\/\/fmahaiti.org\/site\/category\/convivialite\/"},"img":{"alt_text":"","src":"https:\/\/i0.wp.com\/fmahaiti.org\/site\/wp-content\/uploads\/2021\/03\/gratitude1.jpg?fit=600%2C450&ssl=1&resize=350%2C200","width":350,"height":200,"srcset":"https:\/\/i0.wp.com\/fmahaiti.org\/site\/wp-content\/uploads\/2021\/03\/gratitude1.jpg?fit=600%2C450&ssl=1&resize=350%2C200 1x, https:\/\/i0.wp.com\/fmahaiti.org\/site\/wp-content\/uploads\/2021\/03\/gratitude1.jpg?fit=600%2C450&ssl=1&resize=525%2C300 1.5x"},"classes":[]},{"id":12157,"url":"https:\/\/fmahaiti.org\/site\/2025\/05\/15\/la-fete-de-la-gratitude-un-hymne-a-la-reconnaissance\/","url_meta":{"origin":15104,"position":5},"title":"La F\u00eate de la Gratitude \u2013 Un hymne \u00e0 la reconnaissance","author":"La Saline Port-au-Prince","date":"15 mai 2025","format":false,"excerpt":"Ce week-end, notre communaut\u00e9 a c\u00e9l\u00e9br\u00e9 avec ferveur \u00a0la F\u00eate de la Gratitude, une tradition pr\u00e9cieuse h\u00e9rit\u00e9e de Saint Jean Bosco. Ce sont les jeunes form\u00e9s par Don Bosco eux-m\u00eames qui, par reconnaissance, ont initi\u00e9 cette f\u00eate pour le remercier de tout ce qu\u2019il faisait pour eux. Depuis, cette belle\u2026","rel":"","context":"Dans &quot;Activit\u00e9s&quot;","block_context":{"text":"Activit\u00e9s","link":"https:\/\/fmahaiti.org\/site\/category\/activites\/"},"img":{"alt_text":"","src":"https:\/\/i0.wp.com\/fmahaiti.org\/site\/wp-content\/uploads\/2025\/05\/IMG-20250514-WA0010.jpg?fit=1200%2C723&ssl=1&resize=350%2C200","width":350,"height":200,"srcset":"https:\/\/i0.wp.com\/fmahaiti.org\/site\/wp-content\/uploads\/2025\/05\/IMG-20250514-WA0010.jpg?fit=1200%2C723&ssl=1&resize=350%2C200 1x, https:\/\/i0.wp.com\/fmahaiti.org\/site\/wp-content\/uploads\/2025\/05\/IMG-20250514-WA0010.jpg?fit=1200%2C723&ssl=1&resize=525%2C300 1.5x, https:\/\/i0.wp.com\/fmahaiti.org\/site\/wp-content\/uploads\/2025\/05\/IMG-20250514-WA0010.jpg?fit=1200%2C723&ssl=1&resize=700%2C400 2x, https:\/\/i0.wp.com\/fmahaiti.org\/site\/wp-content\/uploads\/2025\/05\/IMG-20250514-WA0010.jpg?fit=1200%2C723&ssl=1&resize=1050%2C600 3x"},"classes":[]}],"_links":{"self":[{"href":"https:\/\/fmahaiti.org\/site\/wp-json\/wp\/v2\/posts\/15104","targetHints":{"allow":["GET"]}}],"collection":[{"href":"https:\/\/fmahaiti.org\/site\/wp-json\/wp\/v2\/posts"}],"about":[{"href":"https:\/\/fmahaiti.org\/site\/wp-json\/wp\/v2\/types\/post"}],"author":[{"embeddable":true,"href":"https:\/\/fmahaiti.org\/site\/wp-json\/wp\/v2\/users\/4"}],"replies":[{"embeddable":true,"href":"https:\/\/fmahaiti.org\/site\/wp-json\/wp\/v2\/comments?post=15104"}],"version-history":[{"count":1,"href":"https:\/\/fmahaiti.org\/site\/wp-json\/wp\/v2\/posts\/15104\/revisions"}],"predecessor-version":[{"id":15118,"href":"https:\/\/fmahaiti.org\/site\/wp-json\/wp\/v2\/posts\/15104\/revisions\/15118"}],"wp:featuredmedia":[{"embeddable":true,"href":"https:\/\/fmahaiti.org\/site\/wp-json\/wp\/v2\/media\/15103"}],"wp:attachment":[{"href":"https:\/\/fmahaiti.org\/site\/wp-json\/wp\/v2\/media?parent=15104"}],"wp:term":[{"taxonomy":"category","embeddable":true,"href":"https:\/\/fmahaiti.org\/site\/wp-json\/wp\/v2\/categories?post=15104"},{"taxonomy":"post_tag","embeddable":true,"href":"https:\/\/fmahaiti.org\/site\/wp-json\/wp\/v2\/tags?post=15104"}],"curies":[{"name":"wp","href":"https:\/\/api.w.org\/{rel}","templated":true}]}}