{"id":15093,"date":"2026-04-30T11:21:07","date_gmt":"2026-04-30T15:21:07","guid":{"rendered":"https:\/\/fmahaiti.org\/site\/?p=15093"},"modified":"2026-04-30T11:21:07","modified_gmt":"2026-04-30T15:21:07","slug":"une-celebration-eloquente-de-la-journee-mondiale-du-livre-a-lecole-normale-dinstituteurs-et-au-centre-pedagogique-des-salesiennes","status":"publish","type":"post","link":"https:\/\/fmahaiti.org\/site\/2026\/04\/30\/une-celebration-eloquente-de-la-journee-mondiale-du-livre-a-lecole-normale-dinstituteurs-et-au-centre-pedagogique-des-salesiennes\/","title":{"rendered":"Une c\u00e9l\u00e9bration \u00e9loquente de la Journ\u00e9e mondiale du livre \u00e0 l\u2019\u00c9cole Normale d\u2019Instituteurs et au Centre P\u00e9dagogique des Sal\u00e9siennes"},"content":{"rendered":"<p><img data-recalc-dims=\"1\" loading=\"lazy\" decoding=\"async\" class=\"aligncenter wp-image-15120 size-full\" src=\"https:\/\/i0.wp.com\/fmahaiti.org\/site\/wp-content\/uploads\/2026\/04\/thumbnail-2-2.jpeg?resize=843%2C306&#038;ssl=1\" alt=\"\" width=\"843\" height=\"306\" srcset=\"https:\/\/i0.wp.com\/fmahaiti.org\/site\/wp-content\/uploads\/2026\/04\/thumbnail-2-2.jpeg?w=945&amp;ssl=1 945w, https:\/\/i0.wp.com\/fmahaiti.org\/site\/wp-content\/uploads\/2026\/04\/thumbnail-2-2.jpeg?resize=300%2C109&amp;ssl=1 300w, https:\/\/i0.wp.com\/fmahaiti.org\/site\/wp-content\/uploads\/2026\/04\/thumbnail-2-2.jpeg?resize=768%2C279&amp;ssl=1 768w\" sizes=\"auto, (max-width: 843px) 100vw, 843px\" \/><\/p>\n<p>\u00c0 l\u2019occasion de la Journ\u00e9e mondiale du livre, c\u00e9l\u00e9br\u00e9e chaque 23 avril sous l\u2019\u00e9gide de UNESCO, l\u2019\u00c9cole Normale d\u2019Instituteurs (ENI) et le Centre P\u00e9dagogique des Sal\u00e9siennes (CPS) ont v\u00e9cu un moment d\u2019une rare intensit\u00e9 intellectuelle et culturelle, gr\u00e2ce \u00e0 l\u2019initiative \u00e9clair\u00e9e de leur directrice, S\u0153ur Franceline NORMIL. Anim\u00e9e par le noble d\u00e9sir de raviver chez les \u00e9tudiants le go\u00fbt de la lecture et de les sensibiliser \u00e0 la puissance formatrice du livre, elle avait demand\u00e9 \u00e0 chacun d\u2019apporter un ouvrage \u00e9ducatif, geste symbolique et profond\u00e9ment \u00e9vocateur, invitant chaque participant \u00e0 entrer en dialogue <img data-recalc-dims=\"1\" loading=\"lazy\" decoding=\"async\" class=\"alignleft wp-image-15121 size-medium\" src=\"https:\/\/i0.wp.com\/fmahaiti.org\/site\/wp-content\/uploads\/2026\/04\/thumbnail-9.jpeg?resize=196%2C300&#038;ssl=1\" alt=\"\" width=\"196\" height=\"300\" srcset=\"https:\/\/i0.wp.com\/fmahaiti.org\/site\/wp-content\/uploads\/2026\/04\/thumbnail-9.jpeg?resize=196%2C300&amp;ssl=1 196w, https:\/\/i0.wp.com\/fmahaiti.org\/site\/wp-content\/uploads\/2026\/04\/thumbnail-9.jpeg?w=615&amp;ssl=1 615w\" sizes=\"auto, (max-width: 196px) 100vw, 196px\" \/>avec le savoir. Cette journ\u00e9e m\u00e9morable fut magnifi\u00e9e par la conf\u00e9rence magistrale de M Marckenson DESIR, biblioth\u00e9caire de l\u2019IMM, autour d\u2019un th\u00e8me aussi \u00e9vocateur que f\u00e9cond : \u00ab Le livre, boussole du savoir et outil de la lib\u00e9ration \u00bb. Dans une prise de parole nourrie de profondeur, de culture et d\u2019humanisme, le conf\u00e9rencier a su conduire son auditoire dans les sentiers f\u00e9conds de la r\u00e9flexion, mettant en lumi\u00e8re l\u2019importance capitale de la lecture dans la formation int\u00e9grale de la personne.<\/p>\n<p>D\u2019embl\u00e9e, il a rappel\u00e9 avec justesse que \u00ab lire, c\u2019est voyager sans bouger \u00bb, formule qui traduit admirablement la capacit\u00e9 du livre \u00e0 ouvrir des horizons insoup\u00e7onn\u00e9s, \u00e0 faire d\u00e9couvrir des mondes inconnus et \u00e0 \u00e9largir l\u2019esprit humain au-del\u00e0 des limites du quotidien. La lecture, loin d\u2019\u00eatre une activit\u00e9 passive, constitue une v\u00e9ritable qu\u00eate de sens, un exercice exigeant de concentration et d\u2019int\u00e9riorit\u00e9. Comme il l\u2019a si bien exprim\u00e9, \u00ab toute d\u00e9couverte demande une concentration \u00bb ; lire, c\u2019est donc consentir \u00e0 l\u2019effort de comprendre l\u2019autre, d\u2019accueillir une pens\u00e9e diff\u00e9rente et d\u2019entrer dans l\u2019univers d\u2019un auteur.<\/p>\n<p>Dans cette perspective, M D\u00e9sir a convi\u00e9 les \u00e9tudiants \u00e0 entreprendre ce voyage int\u00e9rieur qu\u2019est la lecture, source d\u2019enrichissement personnel et ferment d\u2019\u00e9l\u00e9vation intellectuelle. Le livre, a-t-il soulign\u00e9, est \u00ab un vecteur de connaissances \u00bb, un creuset o\u00f9 se forgent la culture, l\u2019esprit critique et l\u2019aisance dans l\u2019expression. Il a mis en garde contre ce qu\u2019il nomme les \u00ab b\u00e9quilles langagi\u00e8res \u00bb, ces facilit\u00e9s de langage qui appauvrissent la pens\u00e9e et limitent la capacit\u00e9 d\u2019exprimer avec justesse ses \u00e9motions, ses besoins et ses convictions. \u00c0 ce propos, il a \u00e9voqu\u00e9 le concept d\u2019Alex thymie, cette difficult\u00e9 \u00e0 verbaliser ses ressentis, montrant combien la lecture r\u00e9guli\u00e8re enrichit le vocabulaire, affine la pens\u00e9e et donne \u00e0 la parole sa densit\u00e9 humaine.<img data-recalc-dims=\"1\" loading=\"lazy\" decoding=\"async\" class=\"alignright wp-image-15122 size-full\" src=\"https:\/\/i0.wp.com\/fmahaiti.org\/site\/wp-content\/uploads\/2026\/04\/thumbnail-4-1.jpeg?resize=843%2C355&#038;ssl=1\" alt=\"\" width=\"843\" height=\"355\" srcset=\"https:\/\/i0.wp.com\/fmahaiti.org\/site\/wp-content\/uploads\/2026\/04\/thumbnail-4-1.jpeg?w=1005&amp;ssl=1 1005w, https:\/\/i0.wp.com\/fmahaiti.org\/site\/wp-content\/uploads\/2026\/04\/thumbnail-4-1.jpeg?resize=300%2C126&amp;ssl=1 300w, https:\/\/i0.wp.com\/fmahaiti.org\/site\/wp-content\/uploads\/2026\/04\/thumbnail-4-1.jpeg?resize=768%2C323&amp;ssl=1 768w\" sizes=\"auto, (max-width: 843px) 100vw, 843px\" \/><\/p>\n<p>S\u2019appuyant sur de grandes figures intellectuelles, telles que Jean Price-Mars, Simone de Beauvoir et Albert Camus, le conf\u00e9rencier a montr\u00e9 que les livres ne sont pas de simples objets culturels, mais des leviers de transformation sociale et personnelle. De L\u2019\u00e9mancipation de la femme de Simone de Beauvoir \u00e0 L\u2019Homme r\u00e9volt\u00e9 d\u2019Albert Camus, il a r\u00e9v\u00e9l\u00e9 comment les grandes \u0153uvres \u00e9veillent les consciences, invitent \u00e0 d\u00e9passer les conformismes et poussent chacun \u00e0 transcender ses zones de confort. Selon ses propres mots, \u00ab pour avoir l\u2019amande, nous devons briser la coquille \u00bb : m\u00e9taphore \u00e9loquente qui appelle \u00e0 l\u2019effort, \u00e0 la pers\u00e9v\u00e9rance et \u00e0 l\u2019audace intellectuelle.<\/p>\n<p>Par ailleurs, M D\u00e9sir a attir\u00e9 l\u2019attention sur les d\u00e9fis contemporains, notamment la banalisation de l\u2019art, l\u2019appauvrissement du langage et l\u2019usage souvent chronophage des outils num\u00e9riques. Sans condamner les technologies, il a exhort\u00e9 les futurs \u00e9ducateurs \u00e0 les utiliser \u00e0 bon escient, dans une logique d\u2019\u00e9dification plut\u00f4t que de distraction. Il a insist\u00e9 sur l\u2019importance de respecter les droits d\u2019auteur, rappelant que cette Journ\u00e9e mondiale du livre rend \u00e9galement hommage aux \u00e9crivains qui, par leur plume, ont enrichi le patrimoine universel de l\u2019humanit\u00e9. Au terme de cette conf\u00e9rence inspirante, une conviction s\u2019est impos\u00e9e avec force : ce sont les id\u00e9es qui dirigent le monde. Or, ces id\u00e9es naissent souvent de la fr\u00e9quentation assidue des livres, de la confrontation des pens\u00e9es et de la curiosit\u00e9 intellectuelle. Lire devient alors un acte de libert\u00e9, une mani\u00e8re d\u2019assumer pleinement son humanit\u00e9, de nourrir son intelligence et d\u2019aiguiser son discernement.<img data-recalc-dims=\"1\" loading=\"lazy\" decoding=\"async\" class=\"alignright wp-image-15123 size-medium\" src=\"https:\/\/i0.wp.com\/fmahaiti.org\/site\/wp-content\/uploads\/2026\/04\/thumbnail-1-2.jpeg?resize=300%2C259&#038;ssl=1\" alt=\"\" width=\"300\" height=\"259\" srcset=\"https:\/\/i0.wp.com\/fmahaiti.org\/site\/wp-content\/uploads\/2026\/04\/thumbnail-1-2.jpeg?resize=300%2C259&amp;ssl=1 300w, https:\/\/i0.wp.com\/fmahaiti.org\/site\/wp-content\/uploads\/2026\/04\/thumbnail-1-2.jpeg?resize=768%2C662&amp;ssl=1 768w, https:\/\/i0.wp.com\/fmahaiti.org\/site\/wp-content\/uploads\/2026\/04\/thumbnail-1-2.jpeg?w=976&amp;ssl=1 976w\" sizes=\"auto, (max-width: 300px) 100vw, 300px\" \/><\/p>\n<p>Gr\u00e2ce \u00e0 l\u2019initiative heureuse de S\u0153ur Franceline NORMIL et \u00e0 l\u2019\u00e9clairage pertinent de\u00a0 M D\u00e9sir, cette c\u00e9l\u00e9bration de la Journ\u00e9e du livre n\u2019a pas seulement honor\u00e9 l\u2019objet-livre, elle a rappel\u00e9 avec \u00e9clat que la lecture demeure l\u2019un des piliers essentiels du d\u00e9veloppement intellectuel, moral et spirituel de la personne. Plus qu\u2019une habitude, elle est une discipline de l\u2019esprit ; plus qu\u2019un loisir, elle est une voie de lib\u00e9ration, plus qu\u2019un exercice acad\u00e9mique, elle est une \u00e9cole de vie.<\/p>\n<p>Sr Sophie AUGUSTE,antenne de communication pour la communaut\u00e9 Madeleine Morano.<\/p>\n","protected":false},"excerpt":{"rendered":"<p>\u00c0 l\u2019occasion de la Journ\u00e9e mondiale du livre, c\u00e9l\u00e9br\u00e9e chaque 23 avril sous l\u2019\u00e9gide de UNESCO, l\u2019\u00c9cole Normale d\u2019Instituteurs (ENI) et le Centre P\u00e9dagogique des&hellip;<\/p>\n","protected":false},"author":11,"featured_media":15120,"comment_status":"open","ping_status":"open","sticky":false,"template":"","format":"standard","meta":{"_jetpack_memberships_contains_paid_content":false,"footnotes":"","jetpack_publicize_message":"","jetpack_publicize_feature_enabled":true,"jetpack_social_post_already_shared":true,"jetpack_social_options":{"image_generator_settings":{"template":"highway","default_image_id":0,"font":"","enabled":false},"version":2}},"categories":[7,9],"tags":[],"class_list":["post-15093","post","type-post","status-publish","format-standard","has-post-thumbnail","hentry","category-education","category-jeunes"],"jetpack_publicize_connections":[],"jetpack_featured_media_url":"https:\/\/i0.wp.com\/fmahaiti.org\/site\/wp-content\/uploads\/2026\/04\/thumbnail-2-2.jpeg?fit=945%2C343&ssl=1","jetpack_sharing_enabled":true,"jetpack_shortlink":"https:\/\/wp.me\/pcR5kd-3Vr","jetpack-related-posts":[{"id":9699,"url":"https:\/\/fmahaiti.org\/site\/2024\/10\/08\/ouverture-de-lecole-normale-et-du-cps-a-jacmel\/","url_meta":{"origin":15093,"position":0},"title":"Ouverture de l&rsquo;\u00c9cole Normale et du CPS  \u00e0 Jacmel!","author":"Madeleine Morano Jacmel","date":"8 octobre 2024","format":false,"excerpt":"Le lundi 7 octobre 2024 a marqu\u00e9 la reprise officielle des activit\u00e9s acad\u00e9miques \u00e0 l'\u00c9cole Normale d\u2019Instituteurs (ENI) et au Centre P\u00e9dagogique sal\u00e9sien (CPS) pour les \u00e9tudiants de la deuxi\u00e8me et troisi\u00e8me ann\u00e9e. Cette journ\u00e9e a \u00e9galement co\u00efncid\u00e9 avec l\u2019ouverture du Kinder pour les jeunes enfants. La directrice, Sr Franceline\u2026","rel":"","context":"Dans &quot;\u00c9ducation&quot;","block_context":{"text":"\u00c9ducation","link":"https:\/\/fmahaiti.org\/site\/category\/education\/"},"img":{"alt_text":"","src":"https:\/\/i0.wp.com\/fmahaiti.org\/site\/wp-content\/uploads\/2024\/10\/Vraie-1.jpg?fit=643%2C335&ssl=1&resize=350%2C200","width":350,"height":200,"srcset":"https:\/\/i0.wp.com\/fmahaiti.org\/site\/wp-content\/uploads\/2024\/10\/Vraie-1.jpg?fit=643%2C335&ssl=1&resize=350%2C200 1x, https:\/\/i0.wp.com\/fmahaiti.org\/site\/wp-content\/uploads\/2024\/10\/Vraie-1.jpg?fit=643%2C335&ssl=1&resize=525%2C300 1.5x"},"classes":[]},{"id":13270,"url":"https:\/\/fmahaiti.org\/site\/2025\/10\/21\/lancement-pastoral-de-lannee-2025-2026-a-lecole-normale\/","url_meta":{"origin":15093,"position":1},"title":"Lancement pastoral de l\u2019ann\u00e9e 2025-2026 \u00e0 l\u2019\u00c9cole Normale!","author":"Madeleine Morano Jacmel","date":"21 octobre 2025","format":false,"excerpt":"Enracin\u00e9s et \u00e9difi\u00e9s en Lui, restons fermes dans la foi \u00bb (Col 2,7) Samedi 18 octobre 2025, la grande famille de l\u2019\u00c9cole Normale s\u2019est r\u00e9unie pour vivre un moment fort qu'est le lancement pastoral de l\u2019ann\u00e9e acad\u00e9mique 2025-2026. Sous le th\u00e8me inspirant :\u00ab Enracin\u00e9s et \u00e9difi\u00e9s en Lui, restons fermes\u2026","rel":"","context":"Dans &quot;\u00c9ducation&quot;","block_context":{"text":"\u00c9ducation","link":"https:\/\/fmahaiti.org\/site\/category\/education\/"},"img":{"alt_text":"","src":"https:\/\/i0.wp.com\/fmahaiti.org\/site\/wp-content\/uploads\/2025\/10\/1000832953-scaled.jpg?fit=1200%2C480&ssl=1&resize=350%2C200","width":350,"height":200,"srcset":"https:\/\/i0.wp.com\/fmahaiti.org\/site\/wp-content\/uploads\/2025\/10\/1000832953-scaled.jpg?fit=1200%2C480&ssl=1&resize=350%2C200 1x, https:\/\/i0.wp.com\/fmahaiti.org\/site\/wp-content\/uploads\/2025\/10\/1000832953-scaled.jpg?fit=1200%2C480&ssl=1&resize=525%2C300 1.5x, https:\/\/i0.wp.com\/fmahaiti.org\/site\/wp-content\/uploads\/2025\/10\/1000832953-scaled.jpg?fit=1200%2C480&ssl=1&resize=700%2C400 2x, https:\/\/i0.wp.com\/fmahaiti.org\/site\/wp-content\/uploads\/2025\/10\/1000832953-scaled.jpg?fit=1200%2C480&ssl=1&resize=1050%2C600 3x"},"classes":[]},{"id":9802,"url":"https:\/\/fmahaiti.org\/site\/2024\/10\/13\/engagement-et-vocation-la-mission-educative-des-futurs-enseignants\/","url_meta":{"origin":15093,"position":2},"title":"Engagement et Vocation: La Mission \u00c9ducative des Futurs Enseignants!","author":"Madeleine Morano Jacmel","date":"13 octobre 2024","format":false,"excerpt":"La messe \u00e0 l'Esprit Saint en faveur des \u00e9tudiants de l'\u00c9cole Normale Instituteur (ENI) et du centre p\u00e9dagogie sal\u00e9sien(CPS) s'est d\u00e9roul\u00e9e le matin du samedi 12 octobre 2024 , \u00e0 l'auditorium des S\u0153urs, \u00e0 8h30, r\u00e9unissant les deux groupes . Cette c\u00e9l\u00e9bration solennelle a \u00e9t\u00e9 pr\u00e9sid\u00e9e par le R\u00e9v\u00e9rend P\u00e8re\u2026","rel":"","context":"Dans &quot;\u00c9ducation&quot;","block_context":{"text":"\u00c9ducation","link":"https:\/\/fmahaiti.org\/site\/category\/education\/"},"img":{"alt_text":"","src":"https:\/\/i0.wp.com\/fmahaiti.org\/site\/wp-content\/uploads\/2024\/10\/Image-2.jpg?fit=1080%2C468&ssl=1&resize=350%2C200","width":350,"height":200,"srcset":"https:\/\/i0.wp.com\/fmahaiti.org\/site\/wp-content\/uploads\/2024\/10\/Image-2.jpg?fit=1080%2C468&ssl=1&resize=350%2C200 1x, https:\/\/i0.wp.com\/fmahaiti.org\/site\/wp-content\/uploads\/2024\/10\/Image-2.jpg?fit=1080%2C468&ssl=1&resize=525%2C300 1.5x, https:\/\/i0.wp.com\/fmahaiti.org\/site\/wp-content\/uploads\/2024\/10\/Image-2.jpg?fit=1080%2C468&ssl=1&resize=700%2C400 2x, https:\/\/i0.wp.com\/fmahaiti.org\/site\/wp-content\/uploads\/2024\/10\/Image-2.jpg?fit=1080%2C468&ssl=1&resize=1050%2C600 3x"},"classes":[]},{"id":13454,"url":"https:\/\/fmahaiti.org\/site\/2025\/11\/15\/sous-le-souffle-de-lesprit-saint-les-futurs-enseignants-prennent-leur-elan\/","url_meta":{"origin":15093,"position":3},"title":"Sous le souffle de l\u2019Esprit Saint, les futurs enseignants prennent leur \u00e9lan","author":"Madeleine Morano Jacmel","date":"15 novembre 2025","format":false,"excerpt":"L\u2019\u00e9ducation, lieu o\u00f9 la gr\u00e2ce \u00e9claire l\u2019intelligence et fa\u00e7onne la conscience. Le samedi 8 novembre 2025 , \u00e0 10h30, l\u2019auditorium de l\u2019\u00c9cole a accueilli la messe \u00e0 l\u2019Esprit Saint c\u00e9l\u00e9br\u00e9e pour les \u00e9tudiants de l\u2019\u00c9cole Normale d\u2019Instituteurs (ENI) et du Centre P\u00e9dagogique des Sal\u00e9siennes (CPS). Ce moment, inscrit dans le\u2026","rel":"","context":"Dans &quot;\u00c9ducation&quot;","block_context":{"text":"\u00c9ducation","link":"https:\/\/fmahaiti.org\/site\/category\/education\/"},"img":{"alt_text":"","src":"https:\/\/i0.wp.com\/fmahaiti.org\/site\/wp-content\/uploads\/2025\/11\/thumbnail-3-2.jpeg?fit=922%2C209&ssl=1&resize=350%2C200","width":350,"height":200,"srcset":"https:\/\/i0.wp.com\/fmahaiti.org\/site\/wp-content\/uploads\/2025\/11\/thumbnail-3-2.jpeg?fit=922%2C209&ssl=1&resize=350%2C200 1x, https:\/\/i0.wp.com\/fmahaiti.org\/site\/wp-content\/uploads\/2025\/11\/thumbnail-3-2.jpeg?fit=922%2C209&ssl=1&resize=525%2C300 1.5x, https:\/\/i0.wp.com\/fmahaiti.org\/site\/wp-content\/uploads\/2025\/11\/thumbnail-3-2.jpeg?fit=922%2C209&ssl=1&resize=700%2C400 2x"},"classes":[]},{"id":14674,"url":"https:\/\/fmahaiti.org\/site\/2026\/02\/13\/rever-avec-don-bosco-a-la-decouverte-de-jacmel-et-de-ses-richesses\/","url_meta":{"origin":15093,"position":4},"title":"R\u00eaver avec Don Bosco \u00e0 la d\u00e9couverte de Jacmel et de ses richesses \u00bb","author":"Madeleine Morano Jacmel","date":"13 f\u00e9vrier 2026","format":false,"excerpt":"Le vendredi 13 f\u00e9vrier 2026, l\u2019Institution Madeleine et Marie Auxiliatrice a c\u00e9l\u00e9br\u00e9 son carnaval dans une ambiance festive, \u00e9ducative et profond\u00e9ment culturelle. Inspir\u00e9e du th\u00e8me \u00ab R\u00eaver avec Don Bosco \u00e0 la d\u00e9couverte de Jacmel et de ses richesses \u00bb, cette journ\u00e9e a permis aux \u00e9l\u00e8ves de mettre en lumi\u00e8re\u2026","rel":"","context":"Dans &quot;Activit\u00e9s&quot;","block_context":{"text":"Activit\u00e9s","link":"https:\/\/fmahaiti.org\/site\/category\/activites\/"},"img":{"alt_text":"","src":"https:\/\/i0.wp.com\/fmahaiti.org\/site\/wp-content\/uploads\/2026\/02\/thumbnail-7-2.jpeg?fit=720%2C1080&ssl=1&resize=350%2C200","width":350,"height":200,"srcset":"https:\/\/i0.wp.com\/fmahaiti.org\/site\/wp-content\/uploads\/2026\/02\/thumbnail-7-2.jpeg?fit=720%2C1080&ssl=1&resize=350%2C200 1x, https:\/\/i0.wp.com\/fmahaiti.org\/site\/wp-content\/uploads\/2026\/02\/thumbnail-7-2.jpeg?fit=720%2C1080&ssl=1&resize=525%2C300 1.5x, https:\/\/i0.wp.com\/fmahaiti.org\/site\/wp-content\/uploads\/2026\/02\/thumbnail-7-2.jpeg?fit=720%2C1080&ssl=1&resize=700%2C400 2x"},"classes":[]},{"id":12234,"url":"https:\/\/fmahaiti.org\/site\/2025\/06\/02\/lecole-nationale-marie-auxiliatrice-de-jacmel-a-honore-sa-patronne-en-trois-temps-forts-de-foi-de-joie-et-de-fraternite\/","url_meta":{"origin":15093,"position":5},"title":"L\u2019\u00c9cole Nationale Marie Auxiliatrice de Jacmel a honor\u00e9  sa Patronne en trois temps forts de foi, de joie et de fraternit\u00e9.","author":"Madeleine Morano Jacmel","date":"2 juin 2025","format":false,"excerpt":"L\u2019\u00c9cole Nationale Marie Auxiliatrice , fid\u00e8le \u00e0 son identit\u00e9 spirituelle, a c\u00e9l\u00e9br\u00e9 avec profondeur et solennit\u00e9 sa patronne,\u00a0 en trois moments forts, o\u00f9 la foi, la culture et la pens\u00e9e se sont harmonieusement rencontr\u00e9es. Dans un monde en qu\u00eate de rep\u00e8res, cet hommage \u00e0 Marie n\u2019\u00e9tait pas un simple rituel,\u2026","rel":"","context":"Dans &quot;Marie&quot;","block_context":{"text":"Marie","link":"https:\/\/fmahaiti.org\/site\/category\/marie\/"},"img":{"alt_text":"","src":"https:\/\/i0.wp.com\/fmahaiti.org\/site\/wp-content\/uploads\/2025\/05\/1000566842.jpg?fit=1200%2C1200&ssl=1&resize=350%2C200","width":350,"height":200,"srcset":"https:\/\/i0.wp.com\/fmahaiti.org\/site\/wp-content\/uploads\/2025\/05\/1000566842.jpg?fit=1200%2C1200&ssl=1&resize=350%2C200 1x, https:\/\/i0.wp.com\/fmahaiti.org\/site\/wp-content\/uploads\/2025\/05\/1000566842.jpg?fit=1200%2C1200&ssl=1&resize=525%2C300 1.5x, https:\/\/i0.wp.com\/fmahaiti.org\/site\/wp-content\/uploads\/2025\/05\/1000566842.jpg?fit=1200%2C1200&ssl=1&resize=700%2C400 2x, https:\/\/i0.wp.com\/fmahaiti.org\/site\/wp-content\/uploads\/2025\/05\/1000566842.jpg?fit=1200%2C1200&ssl=1&resize=1050%2C600 3x"},"classes":[]}],"_links":{"self":[{"href":"https:\/\/fmahaiti.org\/site\/wp-json\/wp\/v2\/posts\/15093","targetHints":{"allow":["GET"]}}],"collection":[{"href":"https:\/\/fmahaiti.org\/site\/wp-json\/wp\/v2\/posts"}],"about":[{"href":"https:\/\/fmahaiti.org\/site\/wp-json\/wp\/v2\/types\/post"}],"author":[{"embeddable":true,"href":"https:\/\/fmahaiti.org\/site\/wp-json\/wp\/v2\/users\/11"}],"replies":[{"embeddable":true,"href":"https:\/\/fmahaiti.org\/site\/wp-json\/wp\/v2\/comments?post=15093"}],"version-history":[{"count":3,"href":"https:\/\/fmahaiti.org\/site\/wp-json\/wp\/v2\/posts\/15093\/revisions"}],"predecessor-version":[{"id":15124,"href":"https:\/\/fmahaiti.org\/site\/wp-json\/wp\/v2\/posts\/15093\/revisions\/15124"}],"wp:featuredmedia":[{"embeddable":true,"href":"https:\/\/fmahaiti.org\/site\/wp-json\/wp\/v2\/media\/15120"}],"wp:attachment":[{"href":"https:\/\/fmahaiti.org\/site\/wp-json\/wp\/v2\/media?parent=15093"}],"wp:term":[{"taxonomy":"category","embeddable":true,"href":"https:\/\/fmahaiti.org\/site\/wp-json\/wp\/v2\/categories?post=15093"},{"taxonomy":"post_tag","embeddable":true,"href":"https:\/\/fmahaiti.org\/site\/wp-json\/wp\/v2\/tags?post=15093"}],"curies":[{"name":"wp","href":"https:\/\/api.w.org\/{rel}","templated":true}]}}