{"id":15090,"date":"2026-04-29T20:54:52","date_gmt":"2026-04-30T00:54:52","guid":{"rendered":"https:\/\/fmahaiti.org\/site\/?p=15090"},"modified":"2026-04-29T20:54:52","modified_gmt":"2026-04-30T00:54:52","slug":"la-joie-de-rendre-grace-ensemble","status":"publish","type":"post","link":"https:\/\/fmahaiti.org\/site\/2026\/04\/29\/la-joie-de-rendre-grace-ensemble\/","title":{"rendered":"La joie de rendre gr\u00e2ce ensemble!"},"content":{"rendered":"<p><img data-recalc-dims=\"1\" loading=\"lazy\" decoding=\"async\" class=\"aligncenter wp-image-15109 size-full\" src=\"https:\/\/i0.wp.com\/fmahaiti.org\/site\/wp-content\/uploads\/2026\/04\/f497a512-2ba0-49fd-ab43-9682cf60f895.jpeg?resize=697%2C414&#038;ssl=1\" alt=\"\" width=\"697\" height=\"414\" srcset=\"https:\/\/i0.wp.com\/fmahaiti.org\/site\/wp-content\/uploads\/2026\/04\/f497a512-2ba0-49fd-ab43-9682cf60f895.jpeg?w=697&amp;ssl=1 697w, https:\/\/i0.wp.com\/fmahaiti.org\/site\/wp-content\/uploads\/2026\/04\/f497a512-2ba0-49fd-ab43-9682cf60f895.jpeg?resize=300%2C178&amp;ssl=1 300w\" sizes=\"auto, (max-width: 697px) 100vw, 697px\" \/><br \/>\n\u00catre reconnaissant d\u2019un bien re\u00e7u est une attitude qui \u00e9l\u00e8ve l\u2019\u00e2me et donne du sens \u00e0 la vie. Dire merci, ce n\u2019est pas seulement r\u00e9pondre \u00e0 une politesse sociale mais aussi ouvrir les yeux sur les signes d\u2019amour qui jalonnent notre existence. Dans la foi, la gratitude est une mani\u00e8re de t\u00e9moigner de la bont\u00e9 et la lib\u00e9ralit\u00e9 de Dieu pour le don de la cr\u00e9ation et du salut. Elle fa\u00e7onne le c\u0153ur, nourrit l\u2019esp\u00e9rance et fortifie l\u2019engagement dans la mission.<\/p>\n<p><img data-recalc-dims=\"1\" loading=\"lazy\" decoding=\"async\" class=\"alignleft wp-image-15107 size-medium\" src=\"https:\/\/i0.wp.com\/fmahaiti.org\/site\/wp-content\/uploads\/2026\/04\/b0cd28e8-d6b4-40a6-8f09-2216576c4382.jpeg?resize=300%2C231&#038;ssl=1\" alt=\"\" width=\"300\" height=\"231\" srcset=\"https:\/\/i0.wp.com\/fmahaiti.org\/site\/wp-content\/uploads\/2026\/04\/b0cd28e8-d6b4-40a6-8f09-2216576c4382.jpeg?resize=300%2C231&amp;ssl=1 300w, https:\/\/i0.wp.com\/fmahaiti.org\/site\/wp-content\/uploads\/2026\/04\/b0cd28e8-d6b4-40a6-8f09-2216576c4382.jpeg?w=699&amp;ssl=1 699w\" sizes=\"auto, (max-width: 300px) 100vw, 300px\" \/>Dans la spiritualit\u00e9 sal\u00e9sienne, la gratitude occupe une place importante. Elle est un h\u00e9ritage vivant transmis depuis les origines, invitant chacun \u00e0 reconna\u00eetre que tout est gr\u00e2ce. La f\u00eate de la gratitude devient alors un moment privil\u00e9gi\u00e9 pour faire m\u00e9moire des bienfaits re\u00e7us et pour honorer celles et ceux qui, par leur d\u00e9vouement, rendent possible l\u2019accompagnement des enfants et des jeunes.<\/p>\n<p>C\u2019est dans cet esprit que, le vendredi 17 avril 2026, la communaut\u00e9 Marie Auxiliatrice de Port-au-Prince (La Saline) s\u2019est rassembl\u00e9e pour vivre une journ\u00e9e marqu\u00e9e de reconnaissance et de joie partag\u00e9e. Plac\u00e9e sous le th\u00e8me : <strong>\u00ab Enracin\u00e9s et \u00e9difi\u00e9s dans la foi, c\u00e9l\u00e9brons la joie du merci \u00bb.<\/strong> Cette c\u00e9l\u00e9bration a permis \u00e0 chacun d\u2019exprimer sa reconnaissance envers Dieu, source de tout bien, ainsi qu\u2019envers les membres de la communaut\u00e9.<img data-recalc-dims=\"1\" loading=\"lazy\" decoding=\"async\" class=\"alignright wp-image-15108 size-medium\" src=\"https:\/\/i0.wp.com\/fmahaiti.org\/site\/wp-content\/uploads\/2026\/04\/9600c325-521f-43c3-8f20-1d7402a06bde.jpeg?resize=300%2C224&#038;ssl=1\" alt=\"\" width=\"300\" height=\"224\" srcset=\"https:\/\/i0.wp.com\/fmahaiti.org\/site\/wp-content\/uploads\/2026\/04\/9600c325-521f-43c3-8f20-1d7402a06bde.jpeg?resize=300%2C224&amp;ssl=1 300w, https:\/\/i0.wp.com\/fmahaiti.org\/site\/wp-content\/uploads\/2026\/04\/9600c325-521f-43c3-8f20-1d7402a06bde.jpeg?w=719&amp;ssl=1 719w\" sizes=\"auto, (max-width: 300px) 100vw, 300px\" \/><\/p>\n<p>La journ\u00e9e a commenc\u00e9 dans le recueillement avec la pri\u00e8re des Laudes, elle s\u2019est poursuivie par la c\u00e9l\u00e9bration Eucharistique \u00e0 la paroisse Notre-Dame d\u2019Altagr\u00e2ce, en pr\u00e9sence des \u00e9l\u00e8ves de l\u2019EMA et des \u00e9tudiants de l\u2019EHMA, accompagn\u00e9s de leurs enseignants. Le R\u00e9v\u00e9rend P\u00e8re JEAN-BAPTISTE Witney, SDB, dans son hom\u00e9lie a invit\u00e9 l\u2019assembl\u00e9e \u00e0 red\u00e9couvrir l\u2019importance du merci dans la vie quotidienne. Il a soulign\u00e9 que, dans un contexte o\u00f9 cette valeur tend \u00e0 s\u2019effriter, il est urgent de la r\u00e9introduire dans l\u2019\u00e9ducation des enfants et dans les relations humaines. Il a encourag\u00e9 chacun \u00e0 exprimer une reconnaissance sinc\u00e8re, \u00e0 l\u2019image du l\u00e9preux revenant vers J\u00e9sus, rappelant que la gratitude est source de gu\u00e9rison int\u00e9rieure et de paix.<\/p>\n<p><img data-recalc-dims=\"1\" loading=\"lazy\" decoding=\"async\" class=\"alignleft wp-image-15113 size-medium\" src=\"https:\/\/i0.wp.com\/fmahaiti.org\/site\/wp-content\/uploads\/2026\/04\/7068ccc4-efbb-4e4e-8efd-3ed4898f3814.jpeg?resize=226%2C300&#038;ssl=1\" alt=\"\" width=\"226\" height=\"300\" srcset=\"https:\/\/i0.wp.com\/fmahaiti.org\/site\/wp-content\/uploads\/2026\/04\/7068ccc4-efbb-4e4e-8efd-3ed4898f3814.jpeg?resize=226%2C300&amp;ssl=1 226w, https:\/\/i0.wp.com\/fmahaiti.org\/site\/wp-content\/uploads\/2026\/04\/7068ccc4-efbb-4e4e-8efd-3ed4898f3814.jpeg?w=719&amp;ssl=1 719w\" sizes=\"auto, (max-width: 226px) 100vw, 226px\" \/>Au terme de la c\u00e9l\u00e9bration eucharistique, S\u0153ur Mickerlyne CADET a adress\u00e9 des mots de gratitude au c\u00e9l\u00e9brant, aux membres du clerg\u00e9 de la paroisse, aux collaborateurs, aux parents et \u00e0 tout le personnel, soulignant que chacun, \u00e0 sa mani\u00e8re, contribue \u00e0 la vitalit\u00e9 de la mission \u00e9ducative.<\/p>\n<p>Apr\u00e8s ce temps spirituel, la f\u00eate s\u2019est poursuivie \u00e0 l\u2019\u00e9cole avec une animation culturelle riche et vivante. Les \u00e9l\u00e8ves, les enseignants et les s\u0153urs ont offert un programme vari\u00e9 compos\u00e9 de chants, de danses, de sketches et d\u2019un d\u00e9fil\u00e9, traduisant avec cr\u00e9ativit\u00e9 la joie de dire merci. \u00c0 travers ces diff\u00e9rentes expressions artistiques, toute la communaut\u00e9 a manifest\u00e9 son attachement et son estime envers l\u2019animatrice, S\u0153ur Mickerlyne Cadet, reconnue pour son sens des responsabilit\u00e9s et son engagement au service de tous. Des pr\u00e9sents symboliques lui ont \u00e9t\u00e9 offerts en signe d\u2019affection et de reconnaissance.<\/p>\n<p><img data-recalc-dims=\"1\" loading=\"lazy\" decoding=\"async\" class=\"aligncenter wp-image-15110 size-full\" src=\"https:\/\/i0.wp.com\/fmahaiti.org\/site\/wp-content\/uploads\/2026\/04\/a6e8f4f2-6198-4d06-9278-15650159359d.jpeg?resize=719%2C538&#038;ssl=1\" alt=\"\" width=\"719\" height=\"538\" srcset=\"https:\/\/i0.wp.com\/fmahaiti.org\/site\/wp-content\/uploads\/2026\/04\/a6e8f4f2-6198-4d06-9278-15650159359d.jpeg?w=719&amp;ssl=1 719w, https:\/\/i0.wp.com\/fmahaiti.org\/site\/wp-content\/uploads\/2026\/04\/a6e8f4f2-6198-4d06-9278-15650159359d.jpeg?resize=300%2C224&amp;ssl=1 300w\" sizes=\"auto, (max-width: 719px) 100vw, 719px\" \/><\/p>\n<p>La c\u00e9l\u00e9bration s\u2019est prolong\u00e9e jusqu\u2019au dimanche 19 avril dans une atmosph\u00e8re de convivialit\u00e9 et d\u2019unit\u00e9. Une rencontre fraternelle a rassembl\u00e9 les participants autour d\u2019un temps de pri\u00e8re, suivi d\u2019un repas partag\u00e9 dans un v\u00e9ritable esprit de famille. Des animations, notamment une mise en sc\u00e8ne valorisant les qualit\u00e9s humaines et le leadership de l\u2019animatrice, des chants et des danses, ont enrichi ce moment.<\/p>\n<p><img data-recalc-dims=\"1\" loading=\"lazy\" decoding=\"async\" class=\"alignleft wp-image-15112 size-medium\" src=\"https:\/\/i0.wp.com\/fmahaiti.org\/site\/wp-content\/uploads\/2026\/04\/b434ecbe-2122-43c0-8adc-519397e77f11.jpeg?resize=225%2C300&#038;ssl=1\" alt=\"\" width=\"225\" height=\"300\" srcset=\"https:\/\/i0.wp.com\/fmahaiti.org\/site\/wp-content\/uploads\/2026\/04\/b434ecbe-2122-43c0-8adc-519397e77f11.jpeg?resize=225%2C300&amp;ssl=1 225w, https:\/\/i0.wp.com\/fmahaiti.org\/site\/wp-content\/uploads\/2026\/04\/b434ecbe-2122-43c0-8adc-519397e77f11.jpeg?w=719&amp;ssl=1 719w\" sizes=\"auto, (max-width: 225px) 100vw, 225px\" \/>\u00c0 cette occasion, le cur\u00e9 de la paroisse Notre Dame d\u2019Altagrace, le r\u00e9v\u00e9rend p\u00e8re Francky D\u00c9SIR, pr\u00e9sent parmi les invit\u00e9s, a pris la parole pour exprimer sa proximit\u00e9 et son admiration envers la communaut\u00e9. Il a salu\u00e9 la qualit\u00e9 de cette c\u00e9l\u00e9bration, la qualifiant de m\u00e9morable, et a encourag\u00e9 les s\u0153urs \u00e0 poursuivre leur engagement aupr\u00e8s des jeunes avec le m\u00eame d\u00e9vouement. Et, pour clore cette belle exp\u00e9rience, S\u0153ur Mickerlyne a renouvel\u00e9 ses remerciements \u00e0 toutes les personnes pr\u00e9sentes et \u00e0 celles qui ont contribu\u00e9, de pr\u00e8s ou de loin, \u00e0 la r\u00e9ussite de cette f\u00eate.<img data-recalc-dims=\"1\" loading=\"lazy\" decoding=\"async\" class=\"alignright wp-image-15111 size-medium\" src=\"https:\/\/i0.wp.com\/fmahaiti.org\/site\/wp-content\/uploads\/2026\/04\/241a68a8-9178-4b26-ab42-1456f673f932.jpeg?resize=300%2C294&#038;ssl=1\" alt=\"\" width=\"300\" height=\"294\" srcset=\"https:\/\/i0.wp.com\/fmahaiti.org\/site\/wp-content\/uploads\/2026\/04\/241a68a8-9178-4b26-ab42-1456f673f932.jpeg?resize=300%2C294&amp;ssl=1 300w, https:\/\/i0.wp.com\/fmahaiti.org\/site\/wp-content\/uploads\/2026\/04\/241a68a8-9178-4b26-ab42-1456f673f932.jpeg?w=707&amp;ssl=1 707w\" sizes=\"auto, (max-width: 300px) 100vw, 300px\" \/><\/p>\n<p>Comme il est toujours pr\u00e9cieux de s\u2019arr\u00eater pour reconna\u00eetre le bien re\u00e7u et valoriser les personnes qui donnent le meilleur d\u2019elles-m\u00eames au service des autres!\u00c0 ce titre, la gratitude, v\u00e9cue avec sinc\u00e9rit\u00e9, est une source de joie durable et un chemin de croissance humaine et spirituelle.<\/p>\n<p><strong>Continuons \u00e0 cultiver cet esprit de reconnaissance afin de b\u00e2tir ensemble une communaut\u00e9 unie, joyeuse et porteuse d\u2019esp\u00e9rance.<\/strong><\/p>\n","protected":false},"excerpt":{"rendered":"<p>\u00catre reconnaissant d\u2019un bien re\u00e7u est une attitude qui \u00e9l\u00e8ve l\u2019\u00e2me et donne du sens \u00e0 la vie. Dire merci, ce n\u2019est pas seulement r\u00e9pondre&hellip;<\/p>\n","protected":false},"author":17,"featured_media":15112,"comment_status":"open","ping_status":"open","sticky":false,"template":"","format":"standard","meta":{"_jetpack_memberships_contains_paid_content":false,"footnotes":"","jetpack_publicize_message":"","jetpack_publicize_feature_enabled":true,"jetpack_social_post_already_shared":true,"jetpack_social_options":{"image_generator_settings":{"template":"highway","default_image_id":0,"font":"","enabled":false},"version":2}},"categories":[13],"tags":[],"class_list":["post-15090","post","type-post","status-publish","format-standard","has-post-thumbnail","hentry","category-activites"],"jetpack_publicize_connections":[],"jetpack_featured_media_url":"https:\/\/i0.wp.com\/fmahaiti.org\/site\/wp-content\/uploads\/2026\/04\/b434ecbe-2122-43c0-8adc-519397e77f11.jpeg?fit=719%2C958&ssl=1","jetpack_sharing_enabled":true,"jetpack_shortlink":"https:\/\/wp.me\/pcR5kd-3Vo","jetpack-related-posts":[{"id":12288,"url":"https:\/\/fmahaiti.org\/site\/2025\/05\/27\/la-gratitude-aux-anses-a-pitres-avec-anticipation-a-la-fete-de-marie-auxiliatrice\/","url_meta":{"origin":15090,"position":0},"title":"La gratitude aux Anses-\u00e0-Pitres avec anticipation \u00e0 la f\u00eate de Marie Auxiliatrice","author":"Sr Monette Octave","date":"27 mai 2025","format":false,"excerpt":"Retournant dans l\u2019histoire de cette f\u00eate qui prenait \u00a0sa source en 1870 avec des anciens \u00e9l\u00e8ves de Don Bosco qui sont venus remercier Dieu pour l\u2019\u00e9ducation re\u00e7ue et avoir permis \u00e0 chacun de \u00a0trouver sa place dans la soci\u00e9t\u00e9, Ce \u00a0merci prolong\u00e9 continue dans le temps malgr\u00e9 la disparition des\u2026","rel":"","context":"Dans &quot;F\u00eate de la reconnaissance&quot;","block_context":{"text":"F\u00eate de la reconnaissance","link":"https:\/\/fmahaiti.org\/site\/category\/fete-de-la-reconnaissance\/"},"img":{"alt_text":"","src":"https:\/\/i0.wp.com\/fmahaiti.org\/site\/wp-content\/uploads\/2025\/05\/IMG_20250523_095830_697.jpg?fit=964%2C1200&ssl=1&resize=350%2C200","width":350,"height":200,"srcset":"https:\/\/i0.wp.com\/fmahaiti.org\/site\/wp-content\/uploads\/2025\/05\/IMG_20250523_095830_697.jpg?fit=964%2C1200&ssl=1&resize=350%2C200 1x, https:\/\/i0.wp.com\/fmahaiti.org\/site\/wp-content\/uploads\/2025\/05\/IMG_20250523_095830_697.jpg?fit=964%2C1200&ssl=1&resize=525%2C300 1.5x, https:\/\/i0.wp.com\/fmahaiti.org\/site\/wp-content\/uploads\/2025\/05\/IMG_20250523_095830_697.jpg?fit=964%2C1200&ssl=1&resize=700%2C400 2x"},"classes":[]},{"id":12283,"url":"https:\/\/fmahaiti.org\/site\/2025\/05\/27\/pelerins-desperance-celebrons-lamour-dans-un-esprit-de-gratitude\/","url_meta":{"origin":15090,"position":1},"title":"\u00ab P\u00e8lerins d\u2019Esp\u00e9rance, c\u00e9l\u00e9brons l\u2019amour dans un esprit de gratitude. \u00bb","author":"Sr Monette Octave","date":"27 mai 2025","format":false,"excerpt":"La gratitude est le secret d\u2019une vie harmonieuse\u00a0; plus nous remercions, plus nos c\u0153urs s\u2019ouvrent \u00e0 l\u2019amour de Dieu et du prochain. Avec l\u2019assurance de cette v\u00e9rit\u00e9 et en signe de reconnaissance envers Dieu pour ses bienfaits, la Communaut\u00e9 du Noviciat a c\u00e9l\u00e9br\u00e9 la traditionnelle \u00a0f\u00eate de la gratitude, exprimant\u2026","rel":"","context":"Dans &quot;F\u00eate de la reconnaissance&quot;","block_context":{"text":"F\u00eate de la reconnaissance","link":"https:\/\/fmahaiti.org\/site\/category\/fete-de-la-reconnaissance\/"},"img":{"alt_text":"","src":"https:\/\/i0.wp.com\/fmahaiti.org\/site\/wp-content\/uploads\/2025\/05\/photo-grat-1.jpg?fit=1200%2C557&ssl=1&resize=350%2C200","width":350,"height":200,"srcset":"https:\/\/i0.wp.com\/fmahaiti.org\/site\/wp-content\/uploads\/2025\/05\/photo-grat-1.jpg?fit=1200%2C557&ssl=1&resize=350%2C200 1x, https:\/\/i0.wp.com\/fmahaiti.org\/site\/wp-content\/uploads\/2025\/05\/photo-grat-1.jpg?fit=1200%2C557&ssl=1&resize=525%2C300 1.5x, https:\/\/i0.wp.com\/fmahaiti.org\/site\/wp-content\/uploads\/2025\/05\/photo-grat-1.jpg?fit=1200%2C557&ssl=1&resize=700%2C400 2x, https:\/\/i0.wp.com\/fmahaiti.org\/site\/wp-content\/uploads\/2025\/05\/photo-grat-1.jpg?fit=1200%2C557&ssl=1&resize=1050%2C600 3x"},"classes":[]},{"id":1688,"url":"https:\/\/fmahaiti.org\/site\/2021\/05\/09\/une-gratitude-speciale-a-hinche\/","url_meta":{"origin":15090,"position":2},"title":"Une gratitude sp\u00e9ciale \u00e0 Hinche","author":"Sr Martha Seide","date":"9 mai 2021","format":false,"excerpt":"Une gratitude sp\u00e9ciale c\u00e9l\u00e9br\u00e9e sur deux semaines surnomm\u00e9es : Pr\u00e9-gratitude-Post Cette ann\u00e9e la f\u00eate de la gratitude a \u00e9t\u00e9 programm\u00e9e pour les 23, 24, 25 avril 2021 pour faciliter la participation des diff\u00e9rents secteurs de l\u2019\u0153uvre. Elle avait pour th\u00e8me\u00a0\u00ab\u00a0Avec un c\u0153ur reconnaissant vivons la Synodalit\u00e9 pour g\u00e9n\u00e9rer la vie.\u00bb.\u2026","rel":"","context":"Dans &quot;F\u00eate de la reconnaissance&quot;","block_context":{"text":"F\u00eate de la reconnaissance","link":"https:\/\/fmahaiti.org\/site\/category\/fete-de-la-reconnaissance\/"},"img":{"alt_text":"","src":"https:\/\/i0.wp.com\/fmahaiti.org\/site\/wp-content\/uploads\/2021\/05\/hinche-0.jpg?fit=1080%2C810&ssl=1&resize=350%2C200","width":350,"height":200,"srcset":"https:\/\/i0.wp.com\/fmahaiti.org\/site\/wp-content\/uploads\/2021\/05\/hinche-0.jpg?fit=1080%2C810&ssl=1&resize=350%2C200 1x, https:\/\/i0.wp.com\/fmahaiti.org\/site\/wp-content\/uploads\/2021\/05\/hinche-0.jpg?fit=1080%2C810&ssl=1&resize=525%2C300 1.5x, https:\/\/i0.wp.com\/fmahaiti.org\/site\/wp-content\/uploads\/2021\/05\/hinche-0.jpg?fit=1080%2C810&ssl=1&resize=700%2C400 2x, https:\/\/i0.wp.com\/fmahaiti.org\/site\/wp-content\/uploads\/2021\/05\/hinche-0.jpg?fit=1080%2C810&ssl=1&resize=1050%2C600 3x"},"classes":[]},{"id":9000,"url":"https:\/\/fmahaiti.org\/site\/2024\/06\/16\/dire-merci-fait-du-bien\/","url_meta":{"origin":15090,"position":3},"title":"Dire merci fait du bien!","author":"Marie Regine Thorland","date":"16 juin 2024","format":false,"excerpt":"Le vendredi 7 mai 2024,\u00a0 la Communaut\u00e9 Educative du Coll\u00e8ge \u00a0Marie R\u00e9gine( CMR) des S\u0153urs Sal\u00e9siennes de Carrefour, a c\u00e9l\u00e9br\u00e9 dans la matin\u00e9e du 7 la f\u00eate de la Reconnaissance. S\u0153ur Piera Cavagli\u00e0, Secr\u00e9taire G\u00e9n\u00e9rale \u00e9m\u00e9rite des Filles de Marie Auxiliatrice, \u00a0le 26 avril 2022 \u00e0 Turin, Morn\u00e8se Nice Monferrat\u2026","rel":"","context":"Dans &quot;F\u00eate de la reconnaissance&quot;","block_context":{"text":"F\u00eate de la reconnaissance","link":"https:\/\/fmahaiti.org\/site\/category\/fete-de-la-reconnaissance\/"},"img":{"alt_text":"","src":"https:\/\/i0.wp.com\/fmahaiti.org\/site\/wp-content\/uploads\/2024\/06\/PHOTO-2024-06-15-15-06-00.jpg?fit=1200%2C1200&ssl=1&resize=350%2C200","width":350,"height":200,"srcset":"https:\/\/i0.wp.com\/fmahaiti.org\/site\/wp-content\/uploads\/2024\/06\/PHOTO-2024-06-15-15-06-00.jpg?fit=1200%2C1200&ssl=1&resize=350%2C200 1x, https:\/\/i0.wp.com\/fmahaiti.org\/site\/wp-content\/uploads\/2024\/06\/PHOTO-2024-06-15-15-06-00.jpg?fit=1200%2C1200&ssl=1&resize=525%2C300 1.5x, https:\/\/i0.wp.com\/fmahaiti.org\/site\/wp-content\/uploads\/2024\/06\/PHOTO-2024-06-15-15-06-00.jpg?fit=1200%2C1200&ssl=1&resize=700%2C400 2x, https:\/\/i0.wp.com\/fmahaiti.org\/site\/wp-content\/uploads\/2024\/06\/PHOTO-2024-06-15-15-06-00.jpg?fit=1200%2C1200&ssl=1&resize=1050%2C600 3x"},"classes":[]},{"id":8960,"url":"https:\/\/fmahaiti.org\/site\/2024\/06\/12\/gratitude-signe-damour\/","url_meta":{"origin":15090,"position":4},"title":"Gratitude signe d\u2019amour\u00a0!","author":"Sr Monette Octave","date":"12 juin 2024","format":false,"excerpt":"Mercredi 05 juin 2024, jour d\u2019all\u00e9gresse et de joie.\u00a0 La gratitude donne du sens au pass\u00e9, apporte la paix au pr\u00e9sent et cr\u00e9e une vision pour l'avenir nous dit Melody Beattie. C\u2019est avec le c\u0153ur plein de joie que les \u00e9l\u00e8ves et les professeurs de l\u2019Institution Mixte Jean Cagliero \u00a0ont\u2026","rel":"","context":"Dans &quot;Ecologie&quot;","block_context":{"text":"Ecologie","link":"https:\/\/fmahaiti.org\/site\/category\/ecologie\/"},"img":{"alt_text":"","src":"https:\/\/i0.wp.com\/fmahaiti.org\/site\/wp-content\/uploads\/2024\/06\/WhatsApp-Image-2024-06-11-at-10.20.38-AM.jpeg?fit=908%2C738&ssl=1&resize=350%2C200","width":350,"height":200,"srcset":"https:\/\/i0.wp.com\/fmahaiti.org\/site\/wp-content\/uploads\/2024\/06\/WhatsApp-Image-2024-06-11-at-10.20.38-AM.jpeg?fit=908%2C738&ssl=1&resize=350%2C200 1x, https:\/\/i0.wp.com\/fmahaiti.org\/site\/wp-content\/uploads\/2024\/06\/WhatsApp-Image-2024-06-11-at-10.20.38-AM.jpeg?fit=908%2C738&ssl=1&resize=525%2C300 1.5x, https:\/\/i0.wp.com\/fmahaiti.org\/site\/wp-content\/uploads\/2024\/06\/WhatsApp-Image-2024-06-11-at-10.20.38-AM.jpeg?fit=908%2C738&ssl=1&resize=700%2C400 2x"},"classes":[]},{"id":5009,"url":"https:\/\/fmahaiti.org\/site\/2023\/05\/03\/5009\/","url_meta":{"origin":15090,"position":5},"title":"La f\u00eate de la gratitude, une tradition chez nous","author":"Sr Monette Octave","date":"3 mai 2023","format":false,"excerpt":"\u00ab\u00a0 La gratitude est le moteur invisible de l\u2019\u00e9thique.\u00a0\u00bb \u00catre reconnaissant, c\u2019est partager l\u2019amour puis accueillir avec admiration le plus beau fruit qui existe du plus profond de notre \u00eatre. Elle est la clef qui ouvre les portes du c\u0153ur. Ce vendredi 28 avril 2023,\u00a0 la communaut\u00e9 du Sacr\u00e9-C\u0153ur de\u2026","rel":"","context":"Dans &quot;Convivialit\u00e9&quot;","block_context":{"text":"Convivialit\u00e9","link":"https:\/\/fmahaiti.org\/site\/category\/convivialite\/"},"img":{"alt_text":"","src":"https:\/\/i0.wp.com\/fmahaiti.org\/site\/wp-content\/uploads\/2023\/05\/Hinche-1.jpg?fit=1156%2C520&ssl=1&resize=350%2C200","width":350,"height":200,"srcset":"https:\/\/i0.wp.com\/fmahaiti.org\/site\/wp-content\/uploads\/2023\/05\/Hinche-1.jpg?fit=1156%2C520&ssl=1&resize=350%2C200 1x, https:\/\/i0.wp.com\/fmahaiti.org\/site\/wp-content\/uploads\/2023\/05\/Hinche-1.jpg?fit=1156%2C520&ssl=1&resize=525%2C300 1.5x, https:\/\/i0.wp.com\/fmahaiti.org\/site\/wp-content\/uploads\/2023\/05\/Hinche-1.jpg?fit=1156%2C520&ssl=1&resize=700%2C400 2x, https:\/\/i0.wp.com\/fmahaiti.org\/site\/wp-content\/uploads\/2023\/05\/Hinche-1.jpg?fit=1156%2C520&ssl=1&resize=1050%2C600 3x"},"classes":[]}],"_links":{"self":[{"href":"https:\/\/fmahaiti.org\/site\/wp-json\/wp\/v2\/posts\/15090","targetHints":{"allow":["GET"]}}],"collection":[{"href":"https:\/\/fmahaiti.org\/site\/wp-json\/wp\/v2\/posts"}],"about":[{"href":"https:\/\/fmahaiti.org\/site\/wp-json\/wp\/v2\/types\/post"}],"author":[{"embeddable":true,"href":"https:\/\/fmahaiti.org\/site\/wp-json\/wp\/v2\/users\/17"}],"replies":[{"embeddable":true,"href":"https:\/\/fmahaiti.org\/site\/wp-json\/wp\/v2\/comments?post=15090"}],"version-history":[{"count":3,"href":"https:\/\/fmahaiti.org\/site\/wp-json\/wp\/v2\/posts\/15090\/revisions"}],"predecessor-version":[{"id":15114,"href":"https:\/\/fmahaiti.org\/site\/wp-json\/wp\/v2\/posts\/15090\/revisions\/15114"}],"wp:featuredmedia":[{"embeddable":true,"href":"https:\/\/fmahaiti.org\/site\/wp-json\/wp\/v2\/media\/15112"}],"wp:attachment":[{"href":"https:\/\/fmahaiti.org\/site\/wp-json\/wp\/v2\/media?parent=15090"}],"wp:term":[{"taxonomy":"category","embeddable":true,"href":"https:\/\/fmahaiti.org\/site\/wp-json\/wp\/v2\/categories?post=15090"},{"taxonomy":"post_tag","embeddable":true,"href":"https:\/\/fmahaiti.org\/site\/wp-json\/wp\/v2\/tags?post=15090"}],"curies":[{"name":"wp","href":"https:\/\/api.w.org\/{rel}","templated":true}]}}