{"id":14858,"date":"2026-03-12T09:42:59","date_gmt":"2026-03-12T13:42:59","guid":{"rendered":"https:\/\/fmahaiti.org\/site\/?p=14858"},"modified":"2026-03-12T09:42:59","modified_gmt":"2026-03-12T13:42:59","slug":"lancement-du-club-litteraire-du-cmdm-la-fenetre-de-main","status":"publish","type":"post","link":"https:\/\/fmahaiti.org\/site\/2026\/03\/12\/lancement-du-club-litteraire-du-cmdm-la-fenetre-de-main\/","title":{"rendered":"Lancement du club litt\u00e9raire du CMDM : La Fen\u00eatre de Ma\u00efn!"},"content":{"rendered":"<p><img data-recalc-dims=\"1\" loading=\"lazy\" decoding=\"async\" class=\"aligncenter wp-image-14859 size-full\" src=\"https:\/\/i0.wp.com\/fmahaiti.org\/site\/wp-content\/uploads\/2026\/03\/thumbnail-3.jpeg?resize=843%2C259&#038;ssl=1\" alt=\"\" width=\"843\" height=\"259\" srcset=\"https:\/\/i0.wp.com\/fmahaiti.org\/site\/wp-content\/uploads\/2026\/03\/thumbnail-3.jpeg?w=949&amp;ssl=1 949w, https:\/\/i0.wp.com\/fmahaiti.org\/site\/wp-content\/uploads\/2026\/03\/thumbnail-3.jpeg?resize=300%2C92&amp;ssl=1 300w, https:\/\/i0.wp.com\/fmahaiti.org\/site\/wp-content\/uploads\/2026\/03\/thumbnail-3.jpeg?resize=768%2C236&amp;ssl=1 768w\" sizes=\"auto, (max-width: 843px) 100vw, 843px\" \/><\/p>\n<p><strong>\u00abLire, c\u2019est boire et manger. L\u2019esprit qui ne lit pas maigrit comme le corps qui ne mange pas\u00bb.<\/strong> Les CMDMiens, les CMDMiennes ainsi qu\u2019un groupe de professeurs, touch\u00e9s par cette affirmation de Victor Hugo, figure embl\u00e9matique du romantisme, ont eu depuis quelques mois, l\u2019id\u00e9e de cr\u00e9er au sein de l\u2019\u00e9tablissement un club litt\u00e9raire. L\u2019objectif est d\u2019aider les \u00e9l\u00e8ves \u00e0 grandir dans leur amour pour la lecture et l\u2019\u00e9criture.<\/p>\n<p>Afin de maintenir ce grand projet au sein du Coll\u00e8ge Marie Dominique Mazzarello, un groupe d\u2019\u00e9l\u00e8ves, accompagn\u00e9 de Monsieur \u00a0B\u00e9jin Jean Dhaly Schedrick , professeur de fran\u00e7ais en secondaire I et II ainsi que le Censeur de l\u2019\u00e9cole, Monsieur Arold Matthieu, ont donn\u00e9 naissance \u00e0 ce club. Ils se sont engag\u00e9s \u00e0 le diriger en tant que leurs fondateurs.<\/p>\n<ol>\n<li>B\u00e9jin dit toujours : \u00ab En tant que professeur de fran\u00e7ais au CMDM, je d\u00e9couvre chaque jour bien plus qu\u2019un simple espace d\u2019apprentissage. J\u2019y per\u00e7ois une v\u00e9ritable passion pour les lettres, une sensibilit\u00e9 profonde \u00e0 l\u2019art et surtout un d\u00e9sir sinc\u00e8re de participer \u00e0 la construction de notre identit\u00e9 collective. Dans ce lieu o\u00f9 les id\u00e9es circulent et o\u00f9 les mots cherchent leur lumi\u00e8re, je contemple avec admiration la vision qui nous rassemble ainsi que les talents qui y prennent racine et s\u2019\u00e9panouissent. Lorsque des jeunes apprennent \u00e0 lire le monde, \u00e0 interroger leur \u00e9poque et \u00e0 donner une voix \u00e0 leurs r\u00eaves, ils ne font pas seulement l\u2019exp\u00e9rience de la litt\u00e9rature, ils contribuent patiemment \u00e0 \u00e9crire une part de l\u2019\u00e2me de leur peuple. \u00bb<\/li>\n<\/ol>\n<p>Le jeudi 5 Mars 2026 vers 8 heures du matin, dans l\u2019objectif de poser les premi\u00e8res pierres de l\u2019initiative nomm\u00e9e \u00ab\u00a0Fen\u00eatre de Ma\u00efn\u00a0\u00bb, club litt\u00e9raire et de d\u00e9bat du grand Coll\u00e8ge Marie Dominique Mazzarello, nous avons eu l\u2019honneur d\u2019accueillir Monsieur Gary Victor, grand romancier, sc\u00e9nariste, journaliste et auteur ha\u00eftien, aujourd\u2019hui l\u2019un des \u00e9crivains les plus lus en Ha\u00efti. Accueillir Gary Victor n\u2019\u00e9tait pas seulement un privil\u00e8ge, mais aussi une promesse pour l\u2019\u00e9cole et pour chaque participant.<\/p>\n<p>Les \u00e9l\u00e8ves l\u2019ont accueilli par un chant de bienvenue jou\u00e9 par la fanfare de l\u2019\u00e9cole. Ils en ont profit\u00e9 pour hisser le bicolore avec Monsieur Victor, en chantant avec enthousiasme le cinqui\u00e8me couplet de La Dessalinienne. Apr\u00e8s la mont\u00e9e du drapeau, l\u2019hymne de l\u2019\u00e9cole a \u00e9t\u00e9 entonn\u00e9 avec joie et fiert\u00e9.<\/p>\n<p>Ensuite, la pr\u00e9sidente de l\u2019\u00e9cole, Christ\u00e9la Victoria Salomon, a souhait\u00e9 la plus cordiale bienvenue \u00e0 Monsieur Victor, en le remerciant pour son engagement aupr\u00e8s des jeunes \u00e0 travers ses \u00e9crits enrichissants et engag\u00e9s. Elle a exprim\u00e9 le souhait que ce moment de partage soit fructueux, qu\u2019il \u00e9claire davantage les \u00e9l\u00e8ves sur l\u2019univers litt\u00e9raire et qu\u2019il soit riche en apprentissage et en \u00e9changes.<\/p>\n<p><img data-recalc-dims=\"1\" loading=\"lazy\" decoding=\"async\" class=\"aligncenter wp-image-14862 size-full\" src=\"https:\/\/i0.wp.com\/fmahaiti.org\/site\/wp-content\/uploads\/2026\/03\/thumbnail-2.jpeg?resize=843%2C313&#038;ssl=1\" alt=\"\" width=\"843\" height=\"313\" srcset=\"https:\/\/i0.wp.com\/fmahaiti.org\/site\/wp-content\/uploads\/2026\/03\/thumbnail-2.jpeg?w=1080&amp;ssl=1 1080w, https:\/\/i0.wp.com\/fmahaiti.org\/site\/wp-content\/uploads\/2026\/03\/thumbnail-2.jpeg?resize=300%2C111&amp;ssl=1 300w, https:\/\/i0.wp.com\/fmahaiti.org\/site\/wp-content\/uploads\/2026\/03\/thumbnail-2.jpeg?resize=1024%2C380&amp;ssl=1 1024w, https:\/\/i0.wp.com\/fmahaiti.org\/site\/wp-content\/uploads\/2026\/03\/thumbnail-2.jpeg?resize=768%2C285&amp;ssl=1 768w\" sizes=\"auto, (max-width: 843px) 100vw, 843px\" \/><\/p>\n<p>La rencontre s\u2019est poursuivie par une causerie simple et riche anim\u00e9e par Monsieur Victor. Il a commenc\u00e9 par une courte autobiographie, puis a parl\u00e9 aux jeunes de l\u2019importance de la lecture, soulignant qu\u2019elle est fondamentale car elle nous permet de comprendre les autres et de mieux nous conna\u00eetre nous-m\u00eames. Il nous a aussi dit que\u00a0le d\u00e9sir de savoir est fondamental. Quand on ne poss\u00e8de pas ce d\u00e9sir de savoir, on devient un mouton, on devient un anonyme. Et si vous voulez \u00eatre une femme ou un homme capable de prendre sa vie en main, capable de d\u00e9cider par soi-m\u00eame, alors il faut avoir quelque chose dans la t\u00eate.<\/p>\n<p>Apr\u00e8s la causerie, une trentaine de questions pr\u00e9par\u00e9es par les \u00e9l\u00e8ves a \u00e9t\u00e9 pos\u00e9es \u00e0 Gary Victor sur sa vie, sa carri\u00e8re, son amour pour la litt\u00e9rature et l\u2019\u00e9criture et surtout les conseils qu\u2019il peut donner aux jeunes qui aimeraient se lancer dans l\u2019\u00e9criture. Monsieur Victor a pris le temps d\u2019y r\u00e9pondre avec attention, \u00e9clairant les \u00e9l\u00e8ves sur son parcours en tant que romancier, sc\u00e9nariste et journaliste.<\/p>\n<p>Un autre moment marquant fut l\u2019intervention de DUVAL Ta\u00efsha, \u00e9l\u00e8ve du secondaire II B, qui a pris la parole pour partager ses r\u00e9flexions sur une \u0153uvre classique et prolifique de Gary Victor en disant : \u00abIl existe des blessures qui saignent dans le corps, et d\u2019autres qui saignent dans la m\u00e9moire. Dans le sang et la mer, la mer n\u2019est pas seulement de l\u2019eau car elle devient une force, un t\u00e9moin, parfois m\u00eame un juge. Quant au sang, il n\u2019est pas seulement une blessure mais il transforme un lien. \u00bb Puis, la pr\u00e9sidente du club Mlle Tarasowa Tibert dans ses mots de circonstances a d\u00e9clar\u00e9 : Ce moment que nous venons de vivre est le fruit d\u2019une volont\u00e9 commune que rien de tout \u00e7a ne serait possible sans la vision des porteurs de cette id\u00e9e qui ont cru qu\u2019un tel espace\u00a0 n\u00e9cessaire dans notre \u00e9cole, en faisant le constat des jeunes talents assoiff\u00e9s de lumi\u00e8re. Monsieur Arold Mathieu censeur de l\u2019\u00e9cole a \u00e9galement apport\u00e9 son mot de soutien et d\u2019encouragement en disant que : \u00ab Ce projet est n\u00e9 d\u2019un d\u00e9sir simple mais profond qui consiste \u00e0 offrir aux \u00e9l\u00e8ves un espace o\u00f9 les livres deviennent des compagnons, o\u00f9 les id\u00e9es circulent librement et o\u00f9 la pens\u00e9e peut grandir.<\/p>\n<p>Nous saluons la vision de Monsieur Dhaly B\u00e9jin Jean Dhaly Schedrick ainsi que M. Arold Mathieu, les fondateurs de cette initiative. Par leur volont\u00e9 et leur confiance dans la jeunesse, ils ont voulu ouvrir un chemin nouveau au sein de notre \u00e9cole.<\/p>\n<p>Le nom \u00ab La Fen\u00eatre de Ma\u00efn \u00bb n\u2019a pas \u00e9t\u00e9 choisi par hasard.<br \/>\nUne fen\u00eatre permet de voir plus loin, de laisser entrer la lumi\u00e8re et d\u2019ouvrir l\u2019horizon. \u00c0 l\u2019exemple de Marie-Dominique Mazzarello, qui gr\u00e2ce \u00e0 la fen\u00eatre de sa maison pouvait contempler l\u2019\u00e9glise paroissiale et ainsi rester en contact direct avec Dieu, nous voulons donner \u00e0 cette image une port\u00e9e \u00e9ducative et spirituelle.<\/p>\n<p>\u00c0 travers cette fen\u00eatre, nous invitons chaque \u00e9l\u00e8ve \u00e0 explorer le monde des livres, \u00e0 d\u00e9velopper l\u2019esprit critique, \u00e0 apprendre \u00e0 d\u00e9battre avec respect et intelligence, et \u00e0 construire peu \u00e0 peu son intimit\u00e9 avec Dieu.<\/p>\n<p><img data-recalc-dims=\"1\" loading=\"lazy\" decoding=\"async\" class=\"aligncenter wp-image-14860 size-full\" src=\"https:\/\/i0.wp.com\/fmahaiti.org\/site\/wp-content\/uploads\/2026\/03\/thumbnail-1.jpeg?resize=756%2C413&#038;ssl=1\" alt=\"\" width=\"756\" height=\"413\" srcset=\"https:\/\/i0.wp.com\/fmahaiti.org\/site\/wp-content\/uploads\/2026\/03\/thumbnail-1.jpeg?w=756&amp;ssl=1 756w, https:\/\/i0.wp.com\/fmahaiti.org\/site\/wp-content\/uploads\/2026\/03\/thumbnail-1.jpeg?resize=300%2C164&amp;ssl=1 300w\" sizes=\"auto, (max-width: 756px) 100vw, 756px\" \/><\/p>\n<p>Les \u00e9l\u00e8ves, \u00e0 leur tour, ont remerci\u00e9 Monsieur Victor par une carte lue par Blesshynn Destin\u00e9, \u00e9l\u00e8ve du nouveau secondaire IV et membre du comit\u00e9 du club. Un certificat lui a \u00e9t\u00e9 remis pour sa g\u00e9n\u00e9rosit\u00e9, son amour du monde litt\u00e9raire et sa participation au lancement du club, ainsi qu\u2019un livre symbolique. Et ses mots de la fin : \u00ab\u00a0Mes f\u00e9licitations, ici vous avez des talents et le pr\u00e9sent et l\u2019avenir du pays sont ici\u00a0\u00bb. Il propose donc de publier les productions des \u00e9l\u00e8ves et surtout celle de Ta\u00efsha (\u2026) dans le journal le national.<\/p>\n<p>La rencontre s\u2019est cl\u00f4tur\u00e9e par des prises de photos. Certains \u00e9l\u00e8ves ont profit\u00e9 de l\u2019occasion pour demander \u00e0 Monsieur Victor de signer leurs documents, ce qu\u2019il a fait avec plaisir.<\/p>\n<p>Toute la communaut\u00e9 remercie chaleureusement Monsieur B\u00e9jin Jean Dhaly Schedrick, Monsieur Matthieu et le comit\u00e9 pour cette belle initiative, et leur souhaite courage et pers\u00e9v\u00e9rance afin de continuer \u00e0 avancer.<\/p>\n<p>\u00ab La lecture est \u00e0 l\u2019esprit c\u2019est que l\u2019exercice est pour le corps. \u00bb Joseph Addison.<\/p>\n<p><img data-recalc-dims=\"1\" loading=\"lazy\" decoding=\"async\" class=\"aligncenter wp-image-14861 size-full\" src=\"https:\/\/i0.wp.com\/fmahaiti.org\/site\/wp-content\/uploads\/2026\/03\/thumbnail.jpeg?resize=843%2C451&#038;ssl=1\" alt=\"\" width=\"843\" height=\"451\" srcset=\"https:\/\/i0.wp.com\/fmahaiti.org\/site\/wp-content\/uploads\/2026\/03\/thumbnail.jpeg?w=1080&amp;ssl=1 1080w, https:\/\/i0.wp.com\/fmahaiti.org\/site\/wp-content\/uploads\/2026\/03\/thumbnail.jpeg?resize=300%2C161&amp;ssl=1 300w, https:\/\/i0.wp.com\/fmahaiti.org\/site\/wp-content\/uploads\/2026\/03\/thumbnail.jpeg?resize=1024%2C548&amp;ssl=1 1024w, https:\/\/i0.wp.com\/fmahaiti.org\/site\/wp-content\/uploads\/2026\/03\/thumbnail.jpeg?resize=768%2C411&amp;ssl=1 768w\" sizes=\"auto, (max-width: 843px) 100vw, 843px\" \/><\/p>\n<p>Mr Jean Dhaly B\u00e9jin Schedrick, Fondateur du club,<\/p>\n<p>Pierre Onichaella, Ministre de communication,<\/p>\n<p>S\u0153ur Lundjie Solivert, fma.<\/p>\n","protected":false},"excerpt":{"rendered":"<p>\u00abLire, c\u2019est boire et manger. L\u2019esprit qui ne lit pas maigrit comme le corps qui ne mange pas\u00bb. Les CMDMiens, les CMDMiennes ainsi qu\u2019un groupe&hellip;<\/p>\n","protected":false},"author":4,"featured_media":14862,"comment_status":"open","ping_status":"open","sticky":false,"template":"","format":"standard","meta":{"_jetpack_memberships_contains_paid_content":false,"footnotes":"","jetpack_publicize_message":"","jetpack_publicize_feature_enabled":true,"jetpack_social_post_already_shared":true,"jetpack_social_options":{"image_generator_settings":{"template":"highway","default_image_id":0,"font":"","enabled":false},"version":2}},"categories":[13,7,9],"tags":[],"class_list":["post-14858","post","type-post","status-publish","format-standard","has-post-thumbnail","hentry","category-activites","category-education","category-jeunes"],"jetpack_publicize_connections":[],"jetpack_featured_media_url":"https:\/\/i0.wp.com\/fmahaiti.org\/site\/wp-content\/uploads\/2026\/03\/thumbnail-2.jpeg?fit=1080%2C401&ssl=1","jetpack_sharing_enabled":true,"jetpack_shortlink":"https:\/\/wp.me\/pcR5kd-3RE","jetpack-related-posts":[{"id":6561,"url":"https:\/\/fmahaiti.org\/site\/2023\/11\/01\/feed-back-des-examens-au-cmr\/","url_meta":{"origin":14858,"position":0},"title":"Feed-back des examens au CMR","author":"Marie Regine Thorland","date":"1 novembre 2023","format":false,"excerpt":"Le Bureau P\u00e9dagogique des S\u0153urs Sal\u00e9siennes des Filles de Marie Auxiliatrice (FMA) est une instance d'importance capitale dans la promotion de l'\u00e9ducation de qualit\u00e9, saine, \u00e9quitable et distinctive au sein de toutes les \u00e9coles des S\u0153urs Sal\u00e9siennes en Ha\u00efti. Compos\u00e9 de S\u0153urs, de Coordonnateurs chevronn\u00e9s et exp\u00e9riment\u00e9s, ce bureau a\u2026","rel":"","context":"Dans &quot;\u00c9ducation&quot;","block_context":{"text":"\u00c9ducation","link":"https:\/\/fmahaiti.org\/site\/category\/education\/"},"img":{"alt_text":"","src":"https:\/\/i0.wp.com\/fmahaiti.org\/site\/wp-content\/uploads\/2023\/11\/el.jpg?fit=1200%2C829&ssl=1&resize=350%2C200","width":350,"height":200,"srcset":"https:\/\/i0.wp.com\/fmahaiti.org\/site\/wp-content\/uploads\/2023\/11\/el.jpg?fit=1200%2C829&ssl=1&resize=350%2C200 1x, https:\/\/i0.wp.com\/fmahaiti.org\/site\/wp-content\/uploads\/2023\/11\/el.jpg?fit=1200%2C829&ssl=1&resize=525%2C300 1.5x, https:\/\/i0.wp.com\/fmahaiti.org\/site\/wp-content\/uploads\/2023\/11\/el.jpg?fit=1200%2C829&ssl=1&resize=700%2C400 2x, https:\/\/i0.wp.com\/fmahaiti.org\/site\/wp-content\/uploads\/2023\/11\/el.jpg?fit=1200%2C829&ssl=1&resize=1050%2C600 3x"},"classes":[]},{"id":11476,"url":"https:\/\/fmahaiti.org\/site\/2025\/02\/06\/avec-don-bosco-unissons-nous-pour-la-protection-de-lenvironnement\/","url_meta":{"origin":14858,"position":1},"title":"Avec Don Bosco, unissons-nous pour la protection de l\u2019environnement !","author":"Marie Auxiliatrice Gommiers","date":"6 f\u00e9vrier 2025","format":false,"excerpt":"Le vendredi 31 janvier 2025, vers 7h30, l'\u00e9cole Marie Auxiliatrice et le groupe ADMA des Gommiers se sont rassembl\u00e9s avec ferveur pour c\u00e9l\u00e9brer la f\u00eate de saint Jean Bosco \u00e0 la paroisse Notre-Dame de la D\u00e9livrance. La journ\u00e9e a d\u00e9but\u00e9 avec une messe solennelle, pr\u00e9sid\u00e9e par le R\u00e9v\u00e9rend P\u00e8re Bertrance\u2026","rel":"","context":"Dans &quot;Ecologie&quot;","block_context":{"text":"Ecologie","link":"https:\/\/fmahaiti.org\/site\/category\/ecologie\/"},"img":{"alt_text":"","src":"https:\/\/i0.wp.com\/fmahaiti.org\/site\/wp-content\/uploads\/2025\/02\/WhatsApp-Image-2025-02-01-at-20.01.54_cbdf95e2.jpg?fit=1032%2C464&ssl=1&resize=350%2C200","width":350,"height":200,"srcset":"https:\/\/i0.wp.com\/fmahaiti.org\/site\/wp-content\/uploads\/2025\/02\/WhatsApp-Image-2025-02-01-at-20.01.54_cbdf95e2.jpg?fit=1032%2C464&ssl=1&resize=350%2C200 1x, https:\/\/i0.wp.com\/fmahaiti.org\/site\/wp-content\/uploads\/2025\/02\/WhatsApp-Image-2025-02-01-at-20.01.54_cbdf95e2.jpg?fit=1032%2C464&ssl=1&resize=525%2C300 1.5x, https:\/\/i0.wp.com\/fmahaiti.org\/site\/wp-content\/uploads\/2025\/02\/WhatsApp-Image-2025-02-01-at-20.01.54_cbdf95e2.jpg?fit=1032%2C464&ssl=1&resize=700%2C400 2x"},"classes":[]},{"id":9580,"url":"https:\/\/fmahaiti.org\/site\/2024\/10\/01\/construire-lavenir-les-journees-dintegration-a-imm-et-a-lema-jacmel\/","url_meta":{"origin":14858,"position":2},"title":"\u00a0\u00bbConstruire l&rsquo;avenir\u00a0\u00bb Les journ\u00e9es d&rsquo;int\u00e9gration \u00e0 IMM et \u00e0 l&rsquo;EMA (Jacmel)","author":"Madeleine Morano Jacmel","date":"1 octobre 2024","format":false,"excerpt":"\u00c0 l'aube de cette nouvelle ann\u00e9e scolaire 2024-2025, un moment pr\u00e9cieux et attendu par toute la communaut\u00e9 \u00e9ducative s'offre \u00e0 nous : journ\u00e9e d'int\u00e9gration. V\u00e9ritable tremplin pour une rentr\u00e9e r\u00e9ussie, cette journ\u00e9e sp\u00e9ciale se veut bien plus qu'une simple rencontre entre \u00e9l\u00e8ves, enseignants et personnel administratif. C'est un instant o\u00f9\u2026","rel":"","context":"Dans &quot;\u00c9ducation&quot;","block_context":{"text":"\u00c9ducation","link":"https:\/\/fmahaiti.org\/site\/category\/education\/"},"img":{"alt_text":"","src":"https:\/\/i0.wp.com\/fmahaiti.org\/site\/wp-content\/uploads\/2024\/09\/rentree-5.jpg?fit=461%2C433&ssl=1&resize=350%2C200","width":350,"height":200},"classes":[]},{"id":9072,"url":"https:\/\/fmahaiti.org\/site\/2024\/06\/27\/un-miracle-sest-produit-au-cmr\/","url_meta":{"origin":14858,"position":3},"title":"Un miracle s\u2019est produit au CMR","author":"Marie Regine Thorland","date":"27 juin 2024","format":false,"excerpt":"Au terme de cette ann\u00e9e acad\u00e9mique 2023-2024, nous rendons gr\u00e2ce au Seigneur de nous avoir assist\u00e9s et accompagn\u00e9s dans cette mission d\u2019\u00e9duquer les jeunes et les enfants. Au Coll\u00e8ge Marie R\u00e9gine des S\u0153urs Sal\u00e9siennes \u00e0 Thorland la t\u00e2che a \u00e9t\u00e9 tr\u00e8s d\u00e9licate. Certains jours il nous a fallu beaucoup de\u2026","rel":"","context":"Dans &quot;Ecologie&quot;","block_context":{"text":"Ecologie","link":"https:\/\/fmahaiti.org\/site\/category\/ecologie\/"},"img":{"alt_text":"","src":"https:\/\/i0.wp.com\/fmahaiti.org\/site\/wp-content\/uploads\/2024\/06\/PHOTO-2024-06-19-08-37-38.jpg?fit=1200%2C1200&ssl=1&resize=350%2C200","width":350,"height":200,"srcset":"https:\/\/i0.wp.com\/fmahaiti.org\/site\/wp-content\/uploads\/2024\/06\/PHOTO-2024-06-19-08-37-38.jpg?fit=1200%2C1200&ssl=1&resize=350%2C200 1x, https:\/\/i0.wp.com\/fmahaiti.org\/site\/wp-content\/uploads\/2024\/06\/PHOTO-2024-06-19-08-37-38.jpg?fit=1200%2C1200&ssl=1&resize=525%2C300 1.5x, https:\/\/i0.wp.com\/fmahaiti.org\/site\/wp-content\/uploads\/2024\/06\/PHOTO-2024-06-19-08-37-38.jpg?fit=1200%2C1200&ssl=1&resize=700%2C400 2x, https:\/\/i0.wp.com\/fmahaiti.org\/site\/wp-content\/uploads\/2024\/06\/PHOTO-2024-06-19-08-37-38.jpg?fit=1200%2C1200&ssl=1&resize=1050%2C600 3x"},"classes":[]},{"id":2544,"url":"https:\/\/fmahaiti.org\/site\/2021\/11\/27\/institution-marie-auxiliatrice-cap-haitien-education-ecologique\/","url_meta":{"origin":14858,"position":4},"title":"Institution Marie Auxiliatrice Cap-Ha\u00eftien: Education \u00e9cologique","author":"Sr Martha Seide","date":"27 novembre 2021","format":false,"excerpt":"Formation sur les risques et d\u00e9sastres (secourisme) Pour une meilleure pr\u00e9paration aux catastrophes naturelles Cap Ha\u00eftien, 22, 23 octobre, puis 19, 20 novembre\u00a0 Dans le but de motiver et de sensibiliser les \u00e9l\u00e8ves \u00e0 prendre conscience de la d\u00e9gradation de l\u2019environnement plus particuli\u00e8rement de la situation environnementale du Cap-Ha\u00eftien et\u2026","rel":"","context":"Dans &quot;Ecologie&quot;","block_context":{"text":"Ecologie","link":"https:\/\/fmahaiti.org\/site\/category\/ecologie\/"},"img":{"alt_text":"","src":"https:\/\/i0.wp.com\/fmahaiti.org\/site\/wp-content\/uploads\/2021\/11\/cap1.png?fit=440%2C330&ssl=1&resize=350%2C200","width":350,"height":200},"classes":[]},{"id":2878,"url":"https:\/\/fmahaiti.org\/site\/2022\/01\/12\/formation-sur-les-risques-et-desastres-secourisme-institution-marie-auxiliatrice-cap-haitien\/","url_meta":{"origin":14858,"position":5},"title":"Formation sur les risques et d\u00e9sastres (secourisme) &#8211; Institution Marie Auxiliatrice &#8211;\u00a0Cap-Ha\u00eftien","author":"Sr Monette Octave","date":"12 janvier 2022","format":false,"excerpt":"\u00a0 Pour une meilleure pr\u00e9paration aux catastrophes naturelles (Prekosyon pa kapon, se m\u00e8t k\u00f2 ki veye k\u00f2) Dans le but de motiver et de sensibiliser les \u00e9l\u00e8ves \u00e0 prendre conscience de la d\u00e9gradation de l\u2019environnement plus particuli\u00e8rement de la situation environnementale du Cap-Ha\u00eftien et les pr\u00e9parer \u00e0 faire face aux\u2026","rel":"","context":"Dans &quot;Ecologie&quot;","block_context":{"text":"Ecologie","link":"https:\/\/fmahaiti.org\/site\/category\/ecologie\/"},"img":{"alt_text":"","src":"https:\/\/i0.wp.com\/fmahaiti.org\/site\/wp-content\/uploads\/2022\/01\/447dcfba-3479-4b5e-9925-957684525957.jpg?fit=900%2C1200&ssl=1&resize=350%2C200","width":350,"height":200,"srcset":"https:\/\/i0.wp.com\/fmahaiti.org\/site\/wp-content\/uploads\/2022\/01\/447dcfba-3479-4b5e-9925-957684525957.jpg?fit=900%2C1200&ssl=1&resize=350%2C200 1x, https:\/\/i0.wp.com\/fmahaiti.org\/site\/wp-content\/uploads\/2022\/01\/447dcfba-3479-4b5e-9925-957684525957.jpg?fit=900%2C1200&ssl=1&resize=525%2C300 1.5x, https:\/\/i0.wp.com\/fmahaiti.org\/site\/wp-content\/uploads\/2022\/01\/447dcfba-3479-4b5e-9925-957684525957.jpg?fit=900%2C1200&ssl=1&resize=700%2C400 2x"},"classes":[]}],"_links":{"self":[{"href":"https:\/\/fmahaiti.org\/site\/wp-json\/wp\/v2\/posts\/14858","targetHints":{"allow":["GET"]}}],"collection":[{"href":"https:\/\/fmahaiti.org\/site\/wp-json\/wp\/v2\/posts"}],"about":[{"href":"https:\/\/fmahaiti.org\/site\/wp-json\/wp\/v2\/types\/post"}],"author":[{"embeddable":true,"href":"https:\/\/fmahaiti.org\/site\/wp-json\/wp\/v2\/users\/4"}],"replies":[{"embeddable":true,"href":"https:\/\/fmahaiti.org\/site\/wp-json\/wp\/v2\/comments?post=14858"}],"version-history":[{"count":1,"href":"https:\/\/fmahaiti.org\/site\/wp-json\/wp\/v2\/posts\/14858\/revisions"}],"predecessor-version":[{"id":14863,"href":"https:\/\/fmahaiti.org\/site\/wp-json\/wp\/v2\/posts\/14858\/revisions\/14863"}],"wp:featuredmedia":[{"embeddable":true,"href":"https:\/\/fmahaiti.org\/site\/wp-json\/wp\/v2\/media\/14862"}],"wp:attachment":[{"href":"https:\/\/fmahaiti.org\/site\/wp-json\/wp\/v2\/media?parent=14858"}],"wp:term":[{"taxonomy":"category","embeddable":true,"href":"https:\/\/fmahaiti.org\/site\/wp-json\/wp\/v2\/categories?post=14858"},{"taxonomy":"post_tag","embeddable":true,"href":"https:\/\/fmahaiti.org\/site\/wp-json\/wp\/v2\/tags?post=14858"}],"curies":[{"name":"wp","href":"https:\/\/api.w.org\/{rel}","templated":true}]}}