{"id":14566,"date":"2026-02-02T13:52:54","date_gmt":"2026-02-02T18:52:54","guid":{"rendered":"https:\/\/fmahaiti.org\/site\/?p=14566"},"modified":"2026-02-05T14:24:40","modified_gmt":"2026-02-05T19:24:40","slug":"trois-jours-de-fete-en-lhonneur-de-saint-jean-bosco-au-cmdm","status":"publish","type":"post","link":"https:\/\/fmahaiti.org\/site\/2026\/02\/02\/trois-jours-de-fete-en-lhonneur-de-saint-jean-bosco-au-cmdm\/","title":{"rendered":"Trois jours de f\u00eate en l\u2019honneur de Saint Jean Bosco au CMDM!"},"content":{"rendered":"<p>\u00ab\u00a0J\u2019ai promis \u00e0 Dieu que toute ma vie, jusqu\u2019\u00e0 mon dernier souffle, soit pour les jeunes\u00a0\u00bb, nous dit Saint Jean Bosco. Pour c\u00e9l\u00e9brer la f\u00eate du p\u00e8re et du ma\u00eetre de la jeunesse, un saint qui continue d\u2019interpeller tant de personnes \u00e0 marcher sur ses traces afin de poursuivre son \u0153uvre, nous avons v\u00e9cu au CMDM trois jours intenses de c\u00e9l\u00e9bration, du mercredi 28 au vendredi 30 janvier.<\/p>\n<p style=\"text-align: center;\"><strong>Un 28 janvier m\u00e9morable<\/strong><\/p>\n<p><img data-recalc-dims=\"1\" loading=\"lazy\" decoding=\"async\" class=\"aligncenter wp-image-14567 size-full\" src=\"https:\/\/i0.wp.com\/fmahaiti.org\/site\/wp-content\/uploads\/2026\/02\/danse.jpeg?resize=843%2C343&#038;ssl=1\" alt=\"\" width=\"843\" height=\"343\" srcset=\"https:\/\/i0.wp.com\/fmahaiti.org\/site\/wp-content\/uploads\/2026\/02\/danse.jpeg?w=1080&amp;ssl=1 1080w, https:\/\/i0.wp.com\/fmahaiti.org\/site\/wp-content\/uploads\/2026\/02\/danse.jpeg?resize=300%2C122&amp;ssl=1 300w, https:\/\/i0.wp.com\/fmahaiti.org\/site\/wp-content\/uploads\/2026\/02\/danse.jpeg?resize=1024%2C417&amp;ssl=1 1024w, https:\/\/i0.wp.com\/fmahaiti.org\/site\/wp-content\/uploads\/2026\/02\/danse.jpeg?resize=768%2C313&amp;ssl=1 768w\" sizes=\"auto, (max-width: 843px) 100vw, 843px\" \/><\/p>\n<p>Le mercredi 28 janvier, \u00e0 8 heures, les \u00e9l\u00e8ves du troisi\u00e8me cycle ont eu la c\u00e9l\u00e9bration eucharistique pr\u00e9sid\u00e9e par le R\u00e9v\u00e9rend P\u00e8re Jacques Antoine Souverain, sdb. Dans son introduction, le pr\u00eatre a offert la messe pour la grande famille sal\u00e9sienne. Un groupe d\u2019enfants a enrichi la liturgie par des mimes, donnant une saveur particuli\u00e8re \u00e0 la c\u00e9l\u00e9bration.<\/p>\n<p><img data-recalc-dims=\"1\" loading=\"lazy\" decoding=\"async\" class=\"alignright wp-image-14568 size-medium\" src=\"https:\/\/i0.wp.com\/fmahaiti.org\/site\/wp-content\/uploads\/2026\/02\/20260129_082527.jpg?resize=300%2C206&#038;ssl=1\" alt=\"\" width=\"300\" height=\"206\" srcset=\"https:\/\/i0.wp.com\/fmahaiti.org\/site\/wp-content\/uploads\/2026\/02\/20260129_082527-scaled.jpg?resize=300%2C206&amp;ssl=1 300w, https:\/\/i0.wp.com\/fmahaiti.org\/site\/wp-content\/uploads\/2026\/02\/20260129_082527-scaled.jpg?resize=1024%2C702&amp;ssl=1 1024w, https:\/\/i0.wp.com\/fmahaiti.org\/site\/wp-content\/uploads\/2026\/02\/20260129_082527-scaled.jpg?resize=768%2C527&amp;ssl=1 768w, https:\/\/i0.wp.com\/fmahaiti.org\/site\/wp-content\/uploads\/2026\/02\/20260129_082527-scaled.jpg?resize=1536%2C1053&amp;ssl=1 1536w, https:\/\/i0.wp.com\/fmahaiti.org\/site\/wp-content\/uploads\/2026\/02\/20260129_082527-scaled.jpg?resize=2048%2C1404&amp;ssl=1 2048w, https:\/\/i0.wp.com\/fmahaiti.org\/site\/wp-content\/uploads\/2026\/02\/20260129_082527-scaled.jpg?w=1686&amp;ssl=1 1686w, https:\/\/i0.wp.com\/fmahaiti.org\/site\/wp-content\/uploads\/2026\/02\/20260129_082527-scaled.jpg?w=2529&amp;ssl=1 2529w\" sizes=\"auto, (max-width: 300px) 100vw, 300px\" \/>Dans son hom\u00e9lie, le P\u00e8re a soulign\u00e9 l\u2019importance de red\u00e9couvrir et de vivre la spiritualit\u00e9 de Don Bosco \u00e0 la lumi\u00e8re de la Parole de Dieu et de la tradition sal\u00e9sienne, surtout dans le contexte actuel marqu\u00e9 par des difficult\u00e9s. Il s\u2019est appuy\u00e9 sur la premi\u00e8re lecture o\u00f9 Dieu d\u00e9clare\u00a0: \u00ab\u00a0Je partirai moi-m\u00eame \u00e0 la recherche de mes brebis.\u00a0\u00bb Il a rappel\u00e9 que la spiritualit\u00e9 de Don Bosco est fond\u00e9e sur trois piliers\u00a0: la raison, la religion et l\u2019amorevolezza.<\/p>\n<p>Apr\u00e8s la messe, les \u00e9l\u00e8ves ont profit\u00e9 d\u2019un temps de r\u00e9cr\u00e9ation, suivi d\u2019une partie culturelle \u00e0 l\u2019auditorium o\u00f9 des chants, un th\u00e9\u00e2tre, des danses et des po\u00e8mes ont rendus plus belles la f\u00eate. Les enfants ont lu carte pour souhaiter bonne f\u00eate \u00e0 la communaut\u00e9. S\u0153ur Marie Claire Jean a ensuite pris la parole pour souhaiter une bonne f\u00eate aux \u00e9l\u00e8ves, remercier les accompagnateurs et rappeler que la famille sal\u00e9sienne compte aujourd\u2019hui 32 branches. Elle a invit\u00e9 les enfants \u00e0 retenir les trois piliers du syst\u00e8me pr\u00e9ventif de Don Bosco.<\/p>\n<p>Ainsi s\u2019est achev\u00e9e une belle journ\u00e9e de c\u00e9l\u00e9bration avec les \u00e9l\u00e8ves du troisi\u00e8me cycle.<\/p>\n<p><strong>La joie de c\u00e9l\u00e9brer Don Bosco<\/strong><\/p>\n<p><img data-recalc-dims=\"1\" loading=\"lazy\" decoding=\"async\" class=\"aligncenter wp-image-14570 size-large\" src=\"https:\/\/i0.wp.com\/fmahaiti.org\/site\/wp-content\/uploads\/2026\/02\/20260129_094455-1.jpg?resize=843%2C336&#038;ssl=1\" alt=\"\" width=\"843\" height=\"336\" srcset=\"https:\/\/i0.wp.com\/fmahaiti.org\/site\/wp-content\/uploads\/2026\/02\/20260129_094455-1-scaled.jpg?resize=1024%2C408&amp;ssl=1 1024w, https:\/\/i0.wp.com\/fmahaiti.org\/site\/wp-content\/uploads\/2026\/02\/20260129_094455-1-scaled.jpg?resize=300%2C119&amp;ssl=1 300w, https:\/\/i0.wp.com\/fmahaiti.org\/site\/wp-content\/uploads\/2026\/02\/20260129_094455-1-scaled.jpg?resize=768%2C306&amp;ssl=1 768w, https:\/\/i0.wp.com\/fmahaiti.org\/site\/wp-content\/uploads\/2026\/02\/20260129_094455-1-scaled.jpg?resize=1536%2C611&amp;ssl=1 1536w, https:\/\/i0.wp.com\/fmahaiti.org\/site\/wp-content\/uploads\/2026\/02\/20260129_094455-1-scaled.jpg?resize=2048%2C815&amp;ssl=1 2048w, https:\/\/i0.wp.com\/fmahaiti.org\/site\/wp-content\/uploads\/2026\/02\/20260129_094455-1-scaled.jpg?w=1686&amp;ssl=1 1686w, https:\/\/i0.wp.com\/fmahaiti.org\/site\/wp-content\/uploads\/2026\/02\/20260129_094455-1-scaled.jpg?w=2529&amp;ssl=1 2529w\" sizes=\"auto, (max-width: 843px) 100vw, 843px\" \/><\/p>\n<p>Le jeudi 29 janvier, ce fut le tour des \u00e9l\u00e8ves du secondaire. D\u00e8s le matin, ils ont manifest\u00e9 leur joie de f\u00eater Saint Jean Bosco. La messe, a \u00e9t\u00e9 c\u00e9l\u00e9br\u00e9e par le P\u00e8re Loubens Roseau, et anim\u00e9e par la chorale du CMDM dont les voix m\u00e9lodieuses ont donn\u00e9 un \u00e9clat particulier \u00e0 la f\u00eate.<\/p>\n<p>Dans son hom\u00e9lie, le P\u00e8re Roseau a m\u00e9dit\u00e9 sur la question\u00a0: \u00ab\u00a0Comment Dieu nous conduit-il au Royaume\u00a0?\u00a0\u00bb Sa r\u00e9ponse fut claire\u00a0: par la joie. Il a repris la parole de Saint Paul aux Philippiens\u00a0: \u00ab\u00a0Soyez toujours dans la joie.\u00a0\u00bb Il a pr\u00e9cis\u00e9 qu\u2019il s\u2019agit de la joie du Seigneur, une joie qui demeure m\u00eame dans les \u00e9preuves. Il a rappel\u00e9 la phrase de Saint Dominique Savio\u00a0: \u00ab\u00a0La saintet\u00e9 consiste \u00e0 \u00eatre toujours joyeux.\u00a0\u00bb<\/p>\n<p>Apr\u00e8s la messe, les \u00e9l\u00e8ves ont v\u00e9cu un moment culturel vibrant\u00a0: th\u00e9\u00e2tre sur des jeunes d\u00e9sorient\u00e9s que Don Bosco venait r\u00e9animer, danses entra\u00eenantes, prestations de la fanfare. S\u0153ur Marie Claire a conclu en rappelant l\u2019importance de faire des choix \u00e9clair\u00e9s, guid\u00e9s par un esprit critique et averti.<\/p>\n<p><strong>Un Vendredi de gr\u00e2ce avec Don Bosco<\/strong><\/p>\n<p><img data-recalc-dims=\"1\" loading=\"lazy\" decoding=\"async\" class=\"alignleft wp-image-14569 size-medium\" src=\"https:\/\/i0.wp.com\/fmahaiti.org\/site\/wp-content\/uploads\/2026\/02\/20260130_082545.jpg?resize=300%2C153&#038;ssl=1\" alt=\"\" width=\"300\" height=\"153\" srcset=\"https:\/\/i0.wp.com\/fmahaiti.org\/site\/wp-content\/uploads\/2026\/02\/20260130_082545-scaled.jpg?resize=300%2C153&amp;ssl=1 300w, https:\/\/i0.wp.com\/fmahaiti.org\/site\/wp-content\/uploads\/2026\/02\/20260130_082545-scaled.jpg?resize=1024%2C523&amp;ssl=1 1024w, https:\/\/i0.wp.com\/fmahaiti.org\/site\/wp-content\/uploads\/2026\/02\/20260130_082545-scaled.jpg?resize=768%2C392&amp;ssl=1 768w, https:\/\/i0.wp.com\/fmahaiti.org\/site\/wp-content\/uploads\/2026\/02\/20260130_082545-scaled.jpg?resize=1536%2C785&amp;ssl=1 1536w, https:\/\/i0.wp.com\/fmahaiti.org\/site\/wp-content\/uploads\/2026\/02\/20260130_082545-scaled.jpg?resize=2048%2C1047&amp;ssl=1 2048w, https:\/\/i0.wp.com\/fmahaiti.org\/site\/wp-content\/uploads\/2026\/02\/20260130_082545-scaled.jpg?w=1686&amp;ssl=1 1686w, https:\/\/i0.wp.com\/fmahaiti.org\/site\/wp-content\/uploads\/2026\/02\/20260130_082545-scaled.jpg?w=2529&amp;ssl=1 2529w\" sizes=\"auto, (max-width: 300px) 100vw, 300px\" \/>Le vendredi 30 janvier, les \u00e9l\u00e8ves du primaire ont ouvert la journ\u00e9e par une messe anim\u00e9e par le R\u00e9v\u00e9rend P\u00e8re Jacques Antoine, sdb. Dans une hom\u00e9lie claire et adapt\u00e9e aux enfants, il a pr\u00e9sent\u00e9 Saint Jean Bosco comme un phare pour des milliers de jeunes, pouss\u00e9 par l\u2019Esprit Saint \u00e0 se donner aux plus pauvres avec douceur et amour. Il a insist\u00e9 sur l\u2019importance de l\u2019oratoire comme lieu de rencontre avec Dieu. Apr\u00e8s la messe, une carte de remerciement a \u00e9t\u00e9 lue pour souhaiter une bonne f\u00eate au pr\u00eatre.<\/p>\n<p>Apr\u00e8s la messe ils sont all\u00e9s pour la recr\u00e9ation, et a 10heure 30 ils sont rendu \u00e0 l\u2019auditorium pour continuer la f\u00eate. Pour la partie culturelle les enfants ont r\u00e9cit\u00e9 des histoires tir\u00e9es des Fioretti de Don Bosco, pr\u00e9par\u00e9 pour eux dans le but de voir leur capacit\u00e9 de m\u00e9morisation, ils ont aussi pr\u00e9sent\u00e9 des po\u00e8mes et des danses avec enthousiasme. S\u0153ur Marie Claire a, une fois encore, adress\u00e9 un message vibrant de joie et d\u2019esp\u00e9rance pour ses enfants en leur rappelant qu\u2019ils sont tous des enfants de Don Bosco et les faire m\u00e9moriser les piliers du syst\u00e8me pr\u00e9ventif.<\/p>\n<p>Ces trois journ\u00e9es de f\u00eate ont \u00e9t\u00e9 marqu\u00e9es par la pri\u00e8re, la joie et la cr\u00e9ativit\u00e9 des \u00e9l\u00e8ves. Et aussi le message unique de S\u0153ur Marie Claire aux \u00e9l\u00e8ves sur les piliers du syst\u00e8me pr\u00e9ventif.\u00a0 Que Saint Jean Bosco continue de nous inspirer sa douceur et son amour afin de porter en avant son \u0153uvre aupr\u00e8s des jeunes.<\/p>\n","protected":false},"excerpt":{"rendered":"<p>\u00ab\u00a0J\u2019ai promis \u00e0 Dieu que toute ma vie, jusqu\u2019\u00e0 mon dernier souffle, soit pour les jeunes\u00a0\u00bb, nous dit Saint Jean Bosco. Pour c\u00e9l\u00e9brer la f\u00eate&hellip;<\/p>\n","protected":false},"author":4,"featured_media":14569,"comment_status":"open","ping_status":"open","sticky":false,"template":"","format":"standard","meta":{"_jetpack_memberships_contains_paid_content":false,"footnotes":"","jetpack_publicize_message":"","jetpack_publicize_feature_enabled":true,"jetpack_social_post_already_shared":true,"jetpack_social_options":{"image_generator_settings":{"template":"highway","default_image_id":0,"font":"","enabled":false},"version":2}},"categories":[17,15],"tags":[],"class_list":["post-14566","post","type-post","status-publish","format-standard","has-post-thumbnail","hentry","category-eglise","category-salesianite"],"jetpack_publicize_connections":[],"jetpack_featured_media_url":"https:\/\/i0.wp.com\/fmahaiti.org\/site\/wp-content\/uploads\/2026\/02\/20260130_082545-scaled.jpg?fit=2560%2C1308&ssl=1","jetpack_sharing_enabled":true,"jetpack_shortlink":"https:\/\/wp.me\/pcR5kd-3MW","jetpack-related-posts":[{"id":14576,"url":"https:\/\/fmahaiti.org\/site\/2026\/02\/03\/sous-le-regard-du-pere-de-la-jeunesse-trois-jours-de-grace-et-de-feu-a-lima\/","url_meta":{"origin":14566,"position":0},"title":"Sous le regard du P\u00e8re de la Jeunesse: Trois jours de gr\u00e2ce et de feu \u00e0 l&rsquo;IMA.\u00a0\u00bb","author":"Marie Auxiliatrice Cap-Haitien","date":"3 f\u00e9vrier 2026","format":false,"excerpt":"L\u2019Institution Marie Auxiliatrice (IMA) du Cap-Haitien a c\u00e9l\u00e9br\u00e9 avec \u00e9clat son saint patron, Jean Bosco, \u00e0 travers trois journ\u00e9es m\u00e9morables. Du 28 au 30 janvier, chaque cycle a eu son moment privil\u00e9gi\u00e9 pour honorer le \"P\u00e8re et Ma\u00eetre de la jeunesse\" dans une ambiance de pi\u00e9t\u00e9, de culture et de\u2026","rel":"","context":"Dans &quot;Famille Sal\u00e9sienne&quot;","block_context":{"text":"Famille Sal\u00e9sienne","link":"https:\/\/fmahaiti.org\/site\/category\/famille-salesienne\/"},"img":{"alt_text":"","src":"https:\/\/i0.wp.com\/fmahaiti.org\/site\/wp-content\/uploads\/2026\/02\/IMG-20260205-WA0021.jpg?fit=1083%2C720&ssl=1&resize=350%2C200","width":350,"height":200,"srcset":"https:\/\/i0.wp.com\/fmahaiti.org\/site\/wp-content\/uploads\/2026\/02\/IMG-20260205-WA0021.jpg?fit=1083%2C720&ssl=1&resize=350%2C200 1x, https:\/\/i0.wp.com\/fmahaiti.org\/site\/wp-content\/uploads\/2026\/02\/IMG-20260205-WA0021.jpg?fit=1083%2C720&ssl=1&resize=525%2C300 1.5x, https:\/\/i0.wp.com\/fmahaiti.org\/site\/wp-content\/uploads\/2026\/02\/IMG-20260205-WA0021.jpg?fit=1083%2C720&ssl=1&resize=700%2C400 2x, https:\/\/i0.wp.com\/fmahaiti.org\/site\/wp-content\/uploads\/2026\/02\/IMG-20260205-WA0021.jpg?fit=1083%2C720&ssl=1&resize=1050%2C600 3x"},"classes":[]},{"id":7661,"url":"https:\/\/fmahaiti.org\/site\/2024\/02\/05\/sans-foule-celebrons-notre-fondateur-avec-grandeur-et-ferveur\/","url_meta":{"origin":14566,"position":1},"title":"Sans foule,  C\u00e9l\u00e9brons notre Fondateur  avec grandeur et ferveur.","author":"Dominique Mazzarello Petion-Ville","date":"5 f\u00e9vrier 2024","format":false,"excerpt":"Alors que le coll\u00e8ge Marie Dominique Mazzarello, se pr\u00e9pare \u00e0 c\u00e9l\u00e9brer la f\u00eate de notre P\u00e8re Saint Jean Bosco, une gr\u00e8ve intervient pour les 29-30-et 31 janvier 2024 sous l\u2019initiative de la Brigade syndicale anti-corruption(BSAC).Une situation qui nous contraint de c\u00e9l\u00e9brer le p\u00e8re et maitre de la jeunesse, sans les\u2026","rel":"","context":"Dans &quot;Eglise&quot;","block_context":{"text":"Eglise","link":"https:\/\/fmahaiti.org\/site\/category\/eglise\/"},"img":{"alt_text":"","src":"https:\/\/i0.wp.com\/fmahaiti.org\/site\/wp-content\/uploads\/2024\/02\/WhatsApp-Image-2024-02-04-at-11.20.08.jpeg?fit=449%2C869&ssl=1&resize=350%2C200","width":350,"height":200},"classes":[]},{"id":14389,"url":"https:\/\/fmahaiti.org\/site\/2026\/02\/02\/celebration-de-la-saint-jean-bosco-a-linstitution-marie-regine\/","url_meta":{"origin":14566,"position":2},"title":"C\u00e9l\u00e9bration de la Saint-Jean Bosco \u00e0 l&rsquo;Institution Marie R\u00e9gine","author":"Marie Regine Thorland","date":"2 f\u00e9vrier 2026","format":false,"excerpt":"La Communaut\u00e9 \u00e9ducative de l\u2019Institution Marie R\u00e9gine des S\u0153urs Sal\u00e9siennes de Carrefour a c\u00e9l\u00e9br\u00e9 dans la foi et la ferveur, les vendredi 30 et samedi 31 janvier 2026, la solennit\u00e9 de la f\u00eate de Saint Jean Bosco, p\u00e8re et ma\u00eetre de la jeunesse. Fid\u00e8les aux souhaits du saint patron, les\u2026","rel":"","context":"Dans &quot;Famille Sal\u00e9sienne&quot;","block_context":{"text":"Famille Sal\u00e9sienne","link":"https:\/\/fmahaiti.org\/site\/category\/famille-salesienne\/"},"img":{"alt_text":"","src":"https:\/\/i0.wp.com\/fmahaiti.org\/site\/wp-content\/uploads\/2026\/02\/IMG-20260201-WA0188.jpg?fit=1200%2C679&ssl=1&resize=350%2C200","width":350,"height":200,"srcset":"https:\/\/i0.wp.com\/fmahaiti.org\/site\/wp-content\/uploads\/2026\/02\/IMG-20260201-WA0188.jpg?fit=1200%2C679&ssl=1&resize=350%2C200 1x, https:\/\/i0.wp.com\/fmahaiti.org\/site\/wp-content\/uploads\/2026\/02\/IMG-20260201-WA0188.jpg?fit=1200%2C679&ssl=1&resize=525%2C300 1.5x, https:\/\/i0.wp.com\/fmahaiti.org\/site\/wp-content\/uploads\/2026\/02\/IMG-20260201-WA0188.jpg?fit=1200%2C679&ssl=1&resize=700%2C400 2x, https:\/\/i0.wp.com\/fmahaiti.org\/site\/wp-content\/uploads\/2026\/02\/IMG-20260201-WA0188.jpg?fit=1200%2C679&ssl=1&resize=1050%2C600 3x"},"classes":[]},{"id":11512,"url":"https:\/\/fmahaiti.org\/site\/2025\/02\/10\/la-fete-de-saint-jean-bosco-au-college-marie-dominique-mazzarello\/","url_meta":{"origin":14566,"position":3},"title":"\u00ab\u00a0La f\u00eate de Saint Jean Bosco au Coll\u00e8ge Marie Dominique Mazzarello\u00a0\u00bb","author":"Dominique Mazzarello Petion-Ville","date":"10 f\u00e9vrier 2025","format":false,"excerpt":"Du 29 au 31 janvier 2025, le Coll\u00e8ge Marie Dominique Mazzarello a v\u00e9cu trois jours de festivit\u00e9s d\u00e9di\u00e9s \u00e0 Saint Jean Bosco, une occasion de rendre gr\u00e2ce pour son h\u00e9ritage spirituel et \u00e9ducatif. Chaque journ\u00e9e a \u00e9t\u00e9 marqu\u00e9e par des moments forts, m\u00ealant pri\u00e8re, culture et solidarit\u00e9, dans une ambiance\u2026","rel":"","context":"Dans &quot;Espace Jeunes&quot;","block_context":{"text":"Espace Jeunes","link":"https:\/\/fmahaiti.org\/site\/category\/jeunes\/"},"img":{"alt_text":"","src":"https:\/\/i0.wp.com\/fmahaiti.org\/site\/wp-content\/uploads\/2025\/02\/WhatsApp-Image-2025-02-07-at-14.48.15-2.jpeg?fit=1190%2C597&ssl=1&resize=350%2C200","width":350,"height":200,"srcset":"https:\/\/i0.wp.com\/fmahaiti.org\/site\/wp-content\/uploads\/2025\/02\/WhatsApp-Image-2025-02-07-at-14.48.15-2.jpeg?fit=1190%2C597&ssl=1&resize=350%2C200 1x, https:\/\/i0.wp.com\/fmahaiti.org\/site\/wp-content\/uploads\/2025\/02\/WhatsApp-Image-2025-02-07-at-14.48.15-2.jpeg?fit=1190%2C597&ssl=1&resize=525%2C300 1.5x, https:\/\/i0.wp.com\/fmahaiti.org\/site\/wp-content\/uploads\/2025\/02\/WhatsApp-Image-2025-02-07-at-14.48.15-2.jpeg?fit=1190%2C597&ssl=1&resize=700%2C400 2x, https:\/\/i0.wp.com\/fmahaiti.org\/site\/wp-content\/uploads\/2025\/02\/WhatsApp-Image-2025-02-07-at-14.48.15-2.jpeg?fit=1190%2C597&ssl=1&resize=1050%2C600 3x"},"classes":[]},{"id":3092,"url":"https:\/\/fmahaiti.org\/site\/2022\/02\/20\/tridium-e-fete-de-st-jean-bosco-28-au-31-janvier-2022\/","url_meta":{"origin":14566,"position":4},"title":"TRIDIUM E F\u00caTE DE ST JEAN BOSCO 28 au 31 Janvier 2022","author":"Sr Monette Octave","date":"20 f\u00e9vrier 2022","format":false,"excerpt":"\u00a0 En cette ann\u00e9e sp\u00e9ciale pour l\u2019Institut des Filles de Marie Auxiliatrice, commun\u00e9ment appel\u00e9es S\u0153urs Sal\u00e9siennes. Nous ouvrons notre ann\u00e9e Jubilaire, 150 ans de Fondation de l\u2019Institut, depuis que Don Bosco a accueilli 11 jeunes filles par la profession religieuse, dont l\u2019une d\u2019entre elle \u00e9tait la 1ere sup\u00e9rieure g\u00e9n\u00e9rale, Marie\u2026","rel":"","context":"Article similaire","block_context":{"text":"Article similaire","link":""},"img":{"alt_text":"","src":"https:\/\/i0.wp.com\/fmahaiti.org\/site\/wp-content\/uploads\/2022\/02\/2c49dbb5-7d0e-427e-aa5a-04b353669f92.jpg?fit=900%2C1200&ssl=1&resize=350%2C200","width":350,"height":200,"srcset":"https:\/\/i0.wp.com\/fmahaiti.org\/site\/wp-content\/uploads\/2022\/02\/2c49dbb5-7d0e-427e-aa5a-04b353669f92.jpg?fit=900%2C1200&ssl=1&resize=350%2C200 1x, https:\/\/i0.wp.com\/fmahaiti.org\/site\/wp-content\/uploads\/2022\/02\/2c49dbb5-7d0e-427e-aa5a-04b353669f92.jpg?fit=900%2C1200&ssl=1&resize=525%2C300 1.5x, https:\/\/i0.wp.com\/fmahaiti.org\/site\/wp-content\/uploads\/2022\/02\/2c49dbb5-7d0e-427e-aa5a-04b353669f92.jpg?fit=900%2C1200&ssl=1&resize=700%2C400 2x"},"classes":[]},{"id":14447,"url":"https:\/\/fmahaiti.org\/site\/2026\/02\/02\/une-journee-de-joie-vecue-en-la-fete-de-saint-jean-bosco-a-linstitution-la-salesienne-de-ouanaminthe\/","url_meta":{"origin":14566,"position":5},"title":"Une journ\u00e9e de joie v\u00e9cue en la f\u00eate de Saint Jean Bosco \u00e0 l\u2019Institution La Sal\u00e9sienne de Ouanaminthe.","author":"La Salesienne Ouanaminthe","date":"2 f\u00e9vrier 2026","format":false,"excerpt":"Fid\u00e8les \u00e0 la tradition sal\u00e9sienne, nous c\u00e9l\u00e9brons la f\u00eate de notre patron, Saint Jean Bosco. La journ\u00e9e du vendredi 30 Janvier \u00e9tait consacr\u00e9e \u00e0 honorer ce grand saint, p\u00e8re, ma\u00eetre et ami des jeunes. Cette Journ\u00e9e a d\u00e9but\u00e9 par une c\u00e9l\u00e9bration eucharistique solennelle et particuli\u00e8rement touchante. Cette ann\u00e9e, la messe\u2026","rel":"","context":"Dans &quot;Eglise&quot;","block_context":{"text":"Eglise","link":"https:\/\/fmahaiti.org\/site\/category\/eglise\/"},"img":{"alt_text":"","src":"https:\/\/i0.wp.com\/fmahaiti.org\/site\/wp-content\/uploads\/2026\/02\/thumbnail-2-4.jpeg?fit=1080%2C533&ssl=1&resize=350%2C200","width":350,"height":200,"srcset":"https:\/\/i0.wp.com\/fmahaiti.org\/site\/wp-content\/uploads\/2026\/02\/thumbnail-2-4.jpeg?fit=1080%2C533&ssl=1&resize=350%2C200 1x, https:\/\/i0.wp.com\/fmahaiti.org\/site\/wp-content\/uploads\/2026\/02\/thumbnail-2-4.jpeg?fit=1080%2C533&ssl=1&resize=525%2C300 1.5x, https:\/\/i0.wp.com\/fmahaiti.org\/site\/wp-content\/uploads\/2026\/02\/thumbnail-2-4.jpeg?fit=1080%2C533&ssl=1&resize=700%2C400 2x, https:\/\/i0.wp.com\/fmahaiti.org\/site\/wp-content\/uploads\/2026\/02\/thumbnail-2-4.jpeg?fit=1080%2C533&ssl=1&resize=1050%2C600 3x"},"classes":[]}],"_links":{"self":[{"href":"https:\/\/fmahaiti.org\/site\/wp-json\/wp\/v2\/posts\/14566","targetHints":{"allow":["GET"]}}],"collection":[{"href":"https:\/\/fmahaiti.org\/site\/wp-json\/wp\/v2\/posts"}],"about":[{"href":"https:\/\/fmahaiti.org\/site\/wp-json\/wp\/v2\/types\/post"}],"author":[{"embeddable":true,"href":"https:\/\/fmahaiti.org\/site\/wp-json\/wp\/v2\/users\/4"}],"replies":[{"embeddable":true,"href":"https:\/\/fmahaiti.org\/site\/wp-json\/wp\/v2\/comments?post=14566"}],"version-history":[{"count":1,"href":"https:\/\/fmahaiti.org\/site\/wp-json\/wp\/v2\/posts\/14566\/revisions"}],"predecessor-version":[{"id":14571,"href":"https:\/\/fmahaiti.org\/site\/wp-json\/wp\/v2\/posts\/14566\/revisions\/14571"}],"wp:featuredmedia":[{"embeddable":true,"href":"https:\/\/fmahaiti.org\/site\/wp-json\/wp\/v2\/media\/14569"}],"wp:attachment":[{"href":"https:\/\/fmahaiti.org\/site\/wp-json\/wp\/v2\/media?parent=14566"}],"wp:term":[{"taxonomy":"category","embeddable":true,"href":"https:\/\/fmahaiti.org\/site\/wp-json\/wp\/v2\/categories?post=14566"},{"taxonomy":"post_tag","embeddable":true,"href":"https:\/\/fmahaiti.org\/site\/wp-json\/wp\/v2\/tags?post=14566"}],"curies":[{"name":"wp","href":"https:\/\/api.w.org\/{rel}","templated":true}]}}