{"id":14447,"date":"2026-02-02T10:56:40","date_gmt":"2026-02-02T15:56:40","guid":{"rendered":"https:\/\/fmahaiti.org\/site\/?p=14447"},"modified":"2026-02-02T21:10:55","modified_gmt":"2026-02-03T02:10:55","slug":"une-journee-de-joie-vecue-en-la-fete-de-saint-jean-bosco-a-linstitution-la-salesienne-de-ouanaminthe","status":"publish","type":"post","link":"https:\/\/fmahaiti.org\/site\/2026\/02\/02\/une-journee-de-joie-vecue-en-la-fete-de-saint-jean-bosco-a-linstitution-la-salesienne-de-ouanaminthe\/","title":{"rendered":"Une journ\u00e9e de joie v\u00e9cue en la f\u00eate de Saint Jean Bosco \u00e0 l\u2019Institution La Sal\u00e9sienne de Ouanaminthe."},"content":{"rendered":"<p><img data-recalc-dims=\"1\" loading=\"lazy\" decoding=\"async\" class=\"aligncenter wp-image-14457 size-full\" src=\"https:\/\/i0.wp.com\/fmahaiti.org\/site\/wp-content\/uploads\/2026\/02\/thumbnail-4-1.jpeg?resize=843%2C339&#038;ssl=1\" alt=\"\" width=\"843\" height=\"339\" srcset=\"https:\/\/i0.wp.com\/fmahaiti.org\/site\/wp-content\/uploads\/2026\/02\/thumbnail-4-1.jpeg?w=963&amp;ssl=1 963w, https:\/\/i0.wp.com\/fmahaiti.org\/site\/wp-content\/uploads\/2026\/02\/thumbnail-4-1.jpeg?resize=300%2C121&amp;ssl=1 300w, https:\/\/i0.wp.com\/fmahaiti.org\/site\/wp-content\/uploads\/2026\/02\/thumbnail-4-1.jpeg?resize=768%2C309&amp;ssl=1 768w\" sizes=\"auto, (max-width: 843px) 100vw, 843px\" \/><\/p>\n<p>Fid\u00e8les \u00e0 la tradition sal\u00e9sienne, nous c\u00e9l\u00e9brons la f\u00eate de notre patron, Saint Jean Bosco. La journ\u00e9e du<img data-recalc-dims=\"1\" loading=\"lazy\" decoding=\"async\" class=\"alignleft wp-image-14461 size-medium\" src=\"https:\/\/i0.wp.com\/fmahaiti.org\/site\/wp-content\/uploads\/2026\/02\/thumbnail-3-4.jpeg?resize=300%2C216&#038;ssl=1\" alt=\"\" width=\"300\" height=\"216\" srcset=\"https:\/\/i0.wp.com\/fmahaiti.org\/site\/wp-content\/uploads\/2026\/02\/thumbnail-3-4.jpeg?resize=300%2C216&amp;ssl=1 300w, https:\/\/i0.wp.com\/fmahaiti.org\/site\/wp-content\/uploads\/2026\/02\/thumbnail-3-4.jpeg?resize=1024%2C737&amp;ssl=1 1024w, https:\/\/i0.wp.com\/fmahaiti.org\/site\/wp-content\/uploads\/2026\/02\/thumbnail-3-4.jpeg?resize=768%2C553&amp;ssl=1 768w, https:\/\/i0.wp.com\/fmahaiti.org\/site\/wp-content\/uploads\/2026\/02\/thumbnail-3-4.jpeg?w=1080&amp;ssl=1 1080w\" sizes=\"auto, (max-width: 300px) 100vw, 300px\" \/> vendredi 30 Janvier \u00e9tait consacr\u00e9e \u00e0 honorer ce grand saint, p\u00e8re, ma\u00eetre et ami des jeunes. Cette Journ\u00e9e a d\u00e9but\u00e9 par une c\u00e9l\u00e9bration eucharistique solennelle et particuli\u00e8rement touchante. Cette ann\u00e9e, la messe a rev\u00eatu un caract\u00e8re sp\u00e9cial puisque ce sont les professeurs qui ont assur\u00e9 l&rsquo;animation. Le pr\u00e9sident de la c\u00e9l\u00e9bration, le r\u00e9v\u00e9rend p\u00e8re Emilio TRAVIESO dans son hom\u00e9lie a invit\u00e9 les \u00e9l\u00e8ves \u00e0 se laisser fa\u00e7onner, \u00e0 \u00eatre docile et ouvert \u00e0 l\u2019accueil des diff\u00e9rentes recommandations pour ainsi devenir de bons chr\u00e9tiens et d\u2019honn\u00eates citoyens.<img data-recalc-dims=\"1\" loading=\"lazy\" decoding=\"async\" class=\"alignright wp-image-14462 size-medium\" src=\"https:\/\/i0.wp.com\/fmahaiti.org\/site\/wp-content\/uploads\/2026\/02\/thumbnail-5-1.jpeg?resize=300%2C248&#038;ssl=1\" alt=\"\" width=\"300\" height=\"248\" srcset=\"https:\/\/i0.wp.com\/fmahaiti.org\/site\/wp-content\/uploads\/2026\/02\/thumbnail-5-1.jpeg?resize=300%2C248&amp;ssl=1 300w, https:\/\/i0.wp.com\/fmahaiti.org\/site\/wp-content\/uploads\/2026\/02\/thumbnail-5-1.jpeg?resize=1024%2C848&amp;ssl=1 1024w, https:\/\/i0.wp.com\/fmahaiti.org\/site\/wp-content\/uploads\/2026\/02\/thumbnail-5-1.jpeg?resize=768%2C636&amp;ssl=1 768w, https:\/\/i0.wp.com\/fmahaiti.org\/site\/wp-content\/uploads\/2026\/02\/thumbnail-5-1.jpeg?w=1080&amp;ssl=1 1080w\" sizes=\"auto, (max-width: 300px) 100vw, 300px\" \/><\/p>\n<p>\u00c0 travers les chants, les lectures et l&rsquo;animation liturgique, les enseignants ont montr\u00e9 l&rsquo;exemple de l&rsquo;engagement et de la d\u00e9votion, illustrant parfaitement leur r\u00f4le de guides, non seulement acad\u00e9miques mais aussi spirituels, pour leurs \u00e9l\u00e8ves.<\/p>\n<p>Apr\u00e8s la messe, la f\u00eate s&rsquo;est d\u00e9plac\u00e9e sur la cour de l&rsquo;\u00e9cole pour la partie culturelle. L&rsquo;ambiance est mont\u00e9e d&rsquo;un cran avec une s\u00e9rie d&rsquo;activit\u00e9s qui ont fait vibrer l&rsquo;assistance :<\/p>\n<p><img data-recalc-dims=\"1\" loading=\"lazy\" decoding=\"async\" class=\"alignleft wp-image-14458 size-medium\" src=\"https:\/\/i0.wp.com\/fmahaiti.org\/site\/wp-content\/uploads\/2026\/02\/thumbnail-1-4.jpeg?resize=300%2C178&#038;ssl=1\" alt=\"\" width=\"300\" height=\"178\" srcset=\"https:\/\/i0.wp.com\/fmahaiti.org\/site\/wp-content\/uploads\/2026\/02\/thumbnail-1-4.jpeg?resize=300%2C178&amp;ssl=1 300w, https:\/\/i0.wp.com\/fmahaiti.org\/site\/wp-content\/uploads\/2026\/02\/thumbnail-1-4.jpeg?resize=1024%2C609&amp;ssl=1 1024w, https:\/\/i0.wp.com\/fmahaiti.org\/site\/wp-content\/uploads\/2026\/02\/thumbnail-1-4.jpeg?resize=768%2C457&amp;ssl=1 768w, https:\/\/i0.wp.com\/fmahaiti.org\/site\/wp-content\/uploads\/2026\/02\/thumbnail-1-4.jpeg?w=1058&amp;ssl=1 1058w\" sizes=\"auto, (max-width: 300px) 100vw, 300px\" \/>L&rsquo;agilit\u00e9 et le rire : Le traditionnel jeu de la chaise musicale a ouvert les festivit\u00e9s, provoquant rires et acclamations.<img data-recalc-dims=\"1\" loading=\"lazy\" decoding=\"async\" class=\"alignright wp-image-14459 size-medium\" src=\"https:\/\/i0.wp.com\/fmahaiti.org\/site\/wp-content\/uploads\/2026\/02\/thumbnail-8.jpeg?resize=300%2C228&#038;ssl=1\" alt=\"\" width=\"300\" height=\"228\" srcset=\"https:\/\/i0.wp.com\/fmahaiti.org\/site\/wp-content\/uploads\/2026\/02\/thumbnail-8.jpeg?resize=300%2C228&amp;ssl=1 300w, https:\/\/i0.wp.com\/fmahaiti.org\/site\/wp-content\/uploads\/2026\/02\/thumbnail-8.jpeg?resize=768%2C583&amp;ssl=1 768w, https:\/\/i0.wp.com\/fmahaiti.org\/site\/wp-content\/uploads\/2026\/02\/thumbnail-8.jpeg?w=897&amp;ssl=1 897w\" sizes=\"auto, (max-width: 300px) 100vw, 300px\" \/><\/p>\n<p>La cr\u00e9ativit\u00e9 du Secondaire 3 : Les \u00e9l\u00e8ves de cette classe ont \u00e9t\u00e9 les vedettes de la sc\u00e8ne. Ils ont impressionn\u00e9 le public par : Un sketch original, m\u00ealant humour et r\u00e9flexion. Puis une session de slam percutante, o\u00f9 les mots ont port\u00e9 haut les aspirations de la jeunesse.<\/p>\n<p>L&rsquo;effort et le talent ont \u00e9t\u00e9 d\u00fbment r\u00e9compens\u00e9s. \u00c0 l&rsquo;issue des comp\u00e9titions et des prestations artistiques, les gagnants ont re\u00e7u des cadeaux sous les applaudissements de leurs camarades. Ces r\u00e9compenses sont venues couronner une journ\u00e9e plac\u00e9e sous le signe de l&rsquo;excellence et de la fraternit\u00e9.<\/p>\n<p><img data-recalc-dims=\"1\" loading=\"lazy\" decoding=\"async\" class=\"aligncenter wp-image-14460 size-large\" src=\"https:\/\/i0.wp.com\/fmahaiti.org\/site\/wp-content\/uploads\/2026\/02\/thumbnail-2-4.jpeg?resize=843%2C416&#038;ssl=1\" alt=\"\" width=\"843\" height=\"416\" srcset=\"https:\/\/i0.wp.com\/fmahaiti.org\/site\/wp-content\/uploads\/2026\/02\/thumbnail-2-4.jpeg?resize=1024%2C505&amp;ssl=1 1024w, https:\/\/i0.wp.com\/fmahaiti.org\/site\/wp-content\/uploads\/2026\/02\/thumbnail-2-4.jpeg?resize=300%2C148&amp;ssl=1 300w, https:\/\/i0.wp.com\/fmahaiti.org\/site\/wp-content\/uploads\/2026\/02\/thumbnail-2-4.jpeg?resize=768%2C379&amp;ssl=1 768w, https:\/\/i0.wp.com\/fmahaiti.org\/site\/wp-content\/uploads\/2026\/02\/thumbnail-2-4.jpeg?w=1080&amp;ssl=1 1080w\" sizes=\"auto, (max-width: 843px) 100vw, 843px\" \/><\/p>\n<p><em>\u00ab\u00a0L&rsquo;\u00e9ducation est une affaire de c\u0153ur.\u00a0\u00bb<\/em> \u2013 Cette c\u00e9l\u00e8bre phrase de Don Bosco a pris tout son sens ce 30 janvier, \u00e0 travers les sourires et l&rsquo;\u00e9nergie partag\u00e9e entre professeurs et \u00e9l\u00e8ves.<\/p>\n<p>&nbsp;<\/p>\n","protected":false},"excerpt":{"rendered":"<p>Fid\u00e8les \u00e0 la tradition sal\u00e9sienne, nous c\u00e9l\u00e9brons la f\u00eate de notre patron, Saint Jean Bosco. La journ\u00e9e du vendredi 30 Janvier \u00e9tait consacr\u00e9e \u00e0 honorer&hellip;<\/p>\n","protected":false},"author":15,"featured_media":14460,"comment_status":"open","ping_status":"open","sticky":false,"template":"","format":"standard","meta":{"_jetpack_memberships_contains_paid_content":false,"footnotes":"","jetpack_publicize_message":"","jetpack_publicize_feature_enabled":true,"jetpack_social_post_already_shared":true,"jetpack_social_options":{"image_generator_settings":{"template":"highway","default_image_id":0,"font":"","enabled":false},"version":2}},"categories":[17,15],"tags":[],"class_list":["post-14447","post","type-post","status-publish","format-standard","has-post-thumbnail","hentry","category-eglise","category-salesianite"],"jetpack_publicize_connections":[],"jetpack_featured_media_url":"https:\/\/i0.wp.com\/fmahaiti.org\/site\/wp-content\/uploads\/2026\/02\/thumbnail-2-4.jpeg?fit=1080%2C533&ssl=1","jetpack_sharing_enabled":true,"jetpack_shortlink":"https:\/\/wp.me\/pcR5kd-3L1","jetpack-related-posts":[{"id":14566,"url":"https:\/\/fmahaiti.org\/site\/2026\/02\/02\/trois-jours-de-fete-en-lhonneur-de-saint-jean-bosco-au-cmdm\/","url_meta":{"origin":14447,"position":0},"title":"Trois jours de f\u00eate en l\u2019honneur de Saint Jean Bosco au CMDM!","author":"Sr Monette Octave","date":"2 f\u00e9vrier 2026","format":false,"excerpt":"\u00ab\u00a0J\u2019ai promis \u00e0 Dieu que toute ma vie, jusqu\u2019\u00e0 mon dernier souffle, soit pour les jeunes\u00a0\u00bb, nous dit Saint Jean Bosco. Pour c\u00e9l\u00e9brer la f\u00eate du p\u00e8re et du ma\u00eetre de la jeunesse, un saint qui continue d\u2019interpeller tant de personnes \u00e0 marcher sur ses traces afin de poursuivre son\u2026","rel":"","context":"Dans &quot;Eglise&quot;","block_context":{"text":"Eglise","link":"https:\/\/fmahaiti.org\/site\/category\/eglise\/"},"img":{"alt_text":"","src":"https:\/\/i0.wp.com\/fmahaiti.org\/site\/wp-content\/uploads\/2026\/02\/20260130_082545-scaled.jpg?fit=1200%2C613&ssl=1&resize=350%2C200","width":350,"height":200,"srcset":"https:\/\/i0.wp.com\/fmahaiti.org\/site\/wp-content\/uploads\/2026\/02\/20260130_082545-scaled.jpg?fit=1200%2C613&ssl=1&resize=350%2C200 1x, https:\/\/i0.wp.com\/fmahaiti.org\/site\/wp-content\/uploads\/2026\/02\/20260130_082545-scaled.jpg?fit=1200%2C613&ssl=1&resize=525%2C300 1.5x, https:\/\/i0.wp.com\/fmahaiti.org\/site\/wp-content\/uploads\/2026\/02\/20260130_082545-scaled.jpg?fit=1200%2C613&ssl=1&resize=700%2C400 2x, https:\/\/i0.wp.com\/fmahaiti.org\/site\/wp-content\/uploads\/2026\/02\/20260130_082545-scaled.jpg?fit=1200%2C613&ssl=1&resize=1050%2C600 3x"},"classes":[]},{"id":14625,"url":"https:\/\/fmahaiti.org\/site\/2026\/02\/08\/la-fete-de-saint-jean-bosco-une-celebration-scintillante\/","url_meta":{"origin":14447,"position":1},"title":"La  f\u00eate de Saint Jean Bosco, une C\u00e9l\u00e9bration Scintillante!","author":"Perpetuel Secours Cayes","date":"8 f\u00e9vrier 2026","format":false,"excerpt":"Le vendredi 30 janvier 2026, la Communaut\u00e9 Notre-Dame du Perp\u00e9tuel Secours des Cayes a c\u00e9l\u00e9br\u00e9 avec une ferveur exceptionnelle la f\u00eate de son saint patron, Saint Jean Bosco. Cet \u00e9v\u00e9nement, qui a r\u00e9uni les \u00e9l\u00e8ves de l\u2019\u00e9cole classique et les \u00e9tudiants du Centre Professionnel, a \u00e9t\u00e9 bien plus qu\u2019une simple\u2026","rel":"","context":"Dans &quot;Famille Sal\u00e9sienne&quot;","block_context":{"text":"Famille Sal\u00e9sienne","link":"https:\/\/fmahaiti.org\/site\/category\/famille-salesienne\/"},"img":{"alt_text":"","src":"https:\/\/i0.wp.com\/fmahaiti.org\/site\/wp-content\/uploads\/2026\/02\/WhatsApp-Image-2026-02-10-at-8.59.31-PM.jpeg?fit=841%2C207&ssl=1&resize=350%2C200","width":350,"height":200,"srcset":"https:\/\/i0.wp.com\/fmahaiti.org\/site\/wp-content\/uploads\/2026\/02\/WhatsApp-Image-2026-02-10-at-8.59.31-PM.jpeg?fit=841%2C207&ssl=1&resize=350%2C200 1x, https:\/\/i0.wp.com\/fmahaiti.org\/site\/wp-content\/uploads\/2026\/02\/WhatsApp-Image-2026-02-10-at-8.59.31-PM.jpeg?fit=841%2C207&ssl=1&resize=525%2C300 1.5x, https:\/\/i0.wp.com\/fmahaiti.org\/site\/wp-content\/uploads\/2026\/02\/WhatsApp-Image-2026-02-10-at-8.59.31-PM.jpeg?fit=841%2C207&ssl=1&resize=700%2C400 2x"},"classes":[]},{"id":11514,"url":"https:\/\/fmahaiti.org\/site\/2025\/02\/10\/une-fete-de-don-bosco-en-ludique\/","url_meta":{"origin":14447,"position":2},"title":"Une f\u00eate de \u00a0Don Bosco en ludique!","author":"Marie Regine Thorland","date":"10 f\u00e9vrier 2025","format":false,"excerpt":"Le vendredi 31 janvier 2025 l\u2019Institution Marie R\u00e9gine des S\u0153urs Sal\u00e9siennes de Carrefour a c\u00e9l\u00e9br\u00e9 la solennit\u00e9 de la f\u00eate du Saint Fondateur de la grande Famille Sal\u00e9sienne Don Bosco, qui est \u00e0 la fois P\u00e8re et Ma\u00eetre de la jeunesse. La c\u00e9r\u00e9monie de cette journ\u00e9e festive a d\u00e9but\u00e9 \u00a0\u00e0\u2026","rel":"","context":"Dans &quot;F\u00eates&quot;","block_context":{"text":"F\u00eates","link":"https:\/\/fmahaiti.org\/site\/category\/fetes\/"},"img":{"alt_text":"","src":"https:\/\/i0.wp.com\/fmahaiti.org\/site\/wp-content\/uploads\/2025\/02\/InShot_20250210_000530395.jpg?fit=1200%2C1200&ssl=1&resize=350%2C200","width":350,"height":200,"srcset":"https:\/\/i0.wp.com\/fmahaiti.org\/site\/wp-content\/uploads\/2025\/02\/InShot_20250210_000530395.jpg?fit=1200%2C1200&ssl=1&resize=350%2C200 1x, https:\/\/i0.wp.com\/fmahaiti.org\/site\/wp-content\/uploads\/2025\/02\/InShot_20250210_000530395.jpg?fit=1200%2C1200&ssl=1&resize=525%2C300 1.5x, https:\/\/i0.wp.com\/fmahaiti.org\/site\/wp-content\/uploads\/2025\/02\/InShot_20250210_000530395.jpg?fit=1200%2C1200&ssl=1&resize=700%2C400 2x, https:\/\/i0.wp.com\/fmahaiti.org\/site\/wp-content\/uploads\/2025\/02\/InShot_20250210_000530395.jpg?fit=1200%2C1200&ssl=1&resize=1050%2C600 3x"},"classes":[]},{"id":14337,"url":"https:\/\/fmahaiti.org\/site\/2026\/02\/01\/celebration-de-la-fete-de-saint-jean-bosco-et-anniversaire-des-ecoles-eni-et-cps\/","url_meta":{"origin":14447,"position":3},"title":"C\u00e9l\u00e9bration de la f\u00eate de Saint Jean Bosco  et anniversaire des \u00e9coles ENI et CPS","author":"Madeleine Morano Jacmel","date":"1 f\u00e9vrier 2026","format":false,"excerpt":"La Famille sal\u00e9sienne a c\u00e9l\u00e9br\u00e9 avec joie la f\u00eate de Saint Jean Bosco, grand \u00e9ducateur et p\u00e9dagogue du XIX\u1d49 si\u00e8cle, qui a consacr\u00e9 toute sa vie \u00e0 l\u2019\u00e9ducation et \u00e0 l\u2019accompagnement des jeunes, en particulier les plus pauvres et les plus abandonn\u00e9s. Cette c\u00e9l\u00e9bration a \u00e9t\u00e9 \u00e9galement l\u2019occasion de marquer\u2026","rel":"","context":"Dans &quot;\u00c9ducation&quot;","block_context":{"text":"\u00c9ducation","link":"https:\/\/fmahaiti.org\/site\/category\/education\/"},"img":{"alt_text":"","src":"https:\/\/i0.wp.com\/fmahaiti.org\/site\/wp-content\/uploads\/2026\/02\/thumbnail-2.jpeg?fit=960%2C702&ssl=1&resize=350%2C200","width":350,"height":200,"srcset":"https:\/\/i0.wp.com\/fmahaiti.org\/site\/wp-content\/uploads\/2026\/02\/thumbnail-2.jpeg?fit=960%2C702&ssl=1&resize=350%2C200 1x, https:\/\/i0.wp.com\/fmahaiti.org\/site\/wp-content\/uploads\/2026\/02\/thumbnail-2.jpeg?fit=960%2C702&ssl=1&resize=525%2C300 1.5x, https:\/\/i0.wp.com\/fmahaiti.org\/site\/wp-content\/uploads\/2026\/02\/thumbnail-2.jpeg?fit=960%2C702&ssl=1&resize=700%2C400 2x"},"classes":[]},{"id":11512,"url":"https:\/\/fmahaiti.org\/site\/2025\/02\/10\/la-fete-de-saint-jean-bosco-au-college-marie-dominique-mazzarello\/","url_meta":{"origin":14447,"position":4},"title":"\u00ab\u00a0La f\u00eate de Saint Jean Bosco au Coll\u00e8ge Marie Dominique Mazzarello\u00a0\u00bb","author":"Dominique Mazzarello Petion-Ville","date":"10 f\u00e9vrier 2025","format":false,"excerpt":"Du 29 au 31 janvier 2025, le Coll\u00e8ge Marie Dominique Mazzarello a v\u00e9cu trois jours de festivit\u00e9s d\u00e9di\u00e9s \u00e0 Saint Jean Bosco, une occasion de rendre gr\u00e2ce pour son h\u00e9ritage spirituel et \u00e9ducatif. Chaque journ\u00e9e a \u00e9t\u00e9 marqu\u00e9e par des moments forts, m\u00ealant pri\u00e8re, culture et solidarit\u00e9, dans une ambiance\u2026","rel":"","context":"Dans &quot;Espace Jeunes&quot;","block_context":{"text":"Espace Jeunes","link":"https:\/\/fmahaiti.org\/site\/category\/jeunes\/"},"img":{"alt_text":"","src":"https:\/\/i0.wp.com\/fmahaiti.org\/site\/wp-content\/uploads\/2025\/02\/WhatsApp-Image-2025-02-07-at-14.48.15-2.jpeg?fit=1190%2C597&ssl=1&resize=350%2C200","width":350,"height":200,"srcset":"https:\/\/i0.wp.com\/fmahaiti.org\/site\/wp-content\/uploads\/2025\/02\/WhatsApp-Image-2025-02-07-at-14.48.15-2.jpeg?fit=1190%2C597&ssl=1&resize=350%2C200 1x, https:\/\/i0.wp.com\/fmahaiti.org\/site\/wp-content\/uploads\/2025\/02\/WhatsApp-Image-2025-02-07-at-14.48.15-2.jpeg?fit=1190%2C597&ssl=1&resize=525%2C300 1.5x, https:\/\/i0.wp.com\/fmahaiti.org\/site\/wp-content\/uploads\/2025\/02\/WhatsApp-Image-2025-02-07-at-14.48.15-2.jpeg?fit=1190%2C597&ssl=1&resize=700%2C400 2x, https:\/\/i0.wp.com\/fmahaiti.org\/site\/wp-content\/uploads\/2025\/02\/WhatsApp-Image-2025-02-07-at-14.48.15-2.jpeg?fit=1190%2C597&ssl=1&resize=1050%2C600 3x"},"classes":[]},{"id":14389,"url":"https:\/\/fmahaiti.org\/site\/2026\/02\/02\/celebration-de-la-saint-jean-bosco-a-linstitution-marie-regine\/","url_meta":{"origin":14447,"position":5},"title":"C\u00e9l\u00e9bration de la Saint-Jean Bosco \u00e0 l&rsquo;Institution Marie R\u00e9gine","author":"Marie Regine Thorland","date":"2 f\u00e9vrier 2026","format":false,"excerpt":"La Communaut\u00e9 \u00e9ducative de l\u2019Institution Marie R\u00e9gine des S\u0153urs Sal\u00e9siennes de Carrefour a c\u00e9l\u00e9br\u00e9 dans la foi et la ferveur, les vendredi 30 et samedi 31 janvier 2026, la solennit\u00e9 de la f\u00eate de Saint Jean Bosco, p\u00e8re et ma\u00eetre de la jeunesse. Fid\u00e8les aux souhaits du saint patron, les\u2026","rel":"","context":"Dans &quot;Famille Sal\u00e9sienne&quot;","block_context":{"text":"Famille Sal\u00e9sienne","link":"https:\/\/fmahaiti.org\/site\/category\/famille-salesienne\/"},"img":{"alt_text":"","src":"https:\/\/i0.wp.com\/fmahaiti.org\/site\/wp-content\/uploads\/2026\/02\/IMG-20260201-WA0188.jpg?fit=1200%2C679&ssl=1&resize=350%2C200","width":350,"height":200,"srcset":"https:\/\/i0.wp.com\/fmahaiti.org\/site\/wp-content\/uploads\/2026\/02\/IMG-20260201-WA0188.jpg?fit=1200%2C679&ssl=1&resize=350%2C200 1x, https:\/\/i0.wp.com\/fmahaiti.org\/site\/wp-content\/uploads\/2026\/02\/IMG-20260201-WA0188.jpg?fit=1200%2C679&ssl=1&resize=525%2C300 1.5x, https:\/\/i0.wp.com\/fmahaiti.org\/site\/wp-content\/uploads\/2026\/02\/IMG-20260201-WA0188.jpg?fit=1200%2C679&ssl=1&resize=700%2C400 2x, https:\/\/i0.wp.com\/fmahaiti.org\/site\/wp-content\/uploads\/2026\/02\/IMG-20260201-WA0188.jpg?fit=1200%2C679&ssl=1&resize=1050%2C600 3x"},"classes":[]}],"_links":{"self":[{"href":"https:\/\/fmahaiti.org\/site\/wp-json\/wp\/v2\/posts\/14447","targetHints":{"allow":["GET"]}}],"collection":[{"href":"https:\/\/fmahaiti.org\/site\/wp-json\/wp\/v2\/posts"}],"about":[{"href":"https:\/\/fmahaiti.org\/site\/wp-json\/wp\/v2\/types\/post"}],"author":[{"embeddable":true,"href":"https:\/\/fmahaiti.org\/site\/wp-json\/wp\/v2\/users\/15"}],"replies":[{"embeddable":true,"href":"https:\/\/fmahaiti.org\/site\/wp-json\/wp\/v2\/comments?post=14447"}],"version-history":[{"count":3,"href":"https:\/\/fmahaiti.org\/site\/wp-json\/wp\/v2\/posts\/14447\/revisions"}],"predecessor-version":[{"id":14463,"href":"https:\/\/fmahaiti.org\/site\/wp-json\/wp\/v2\/posts\/14447\/revisions\/14463"}],"wp:featuredmedia":[{"embeddable":true,"href":"https:\/\/fmahaiti.org\/site\/wp-json\/wp\/v2\/media\/14460"}],"wp:attachment":[{"href":"https:\/\/fmahaiti.org\/site\/wp-json\/wp\/v2\/media?parent=14447"}],"wp:term":[{"taxonomy":"category","embeddable":true,"href":"https:\/\/fmahaiti.org\/site\/wp-json\/wp\/v2\/categories?post=14447"},{"taxonomy":"post_tag","embeddable":true,"href":"https:\/\/fmahaiti.org\/site\/wp-json\/wp\/v2\/tags?post=14447"}],"curies":[{"name":"wp","href":"https:\/\/api.w.org\/{rel}","templated":true}]}}