{"id":14264,"date":"2026-01-23T14:41:27","date_gmt":"2026-01-23T19:41:27","guid":{"rendered":"https:\/\/fmahaiti.org\/site\/?p=14264"},"modified":"2026-01-23T14:51:23","modified_gmt":"2026-01-23T19:51:23","slug":"21-janvier-2026-un-jour-doublement-important-pour-nous-les-filles-de-marie-auxiliatrice-dhaiti","status":"publish","type":"post","link":"https:\/\/fmahaiti.org\/site\/2026\/01\/23\/21-janvier-2026-un-jour-doublement-important-pour-nous-les-filles-de-marie-auxiliatrice-dhaiti\/","title":{"rendered":"21 Janvier 2026, un jour doublement important pour nous, les Filles de Marie Auxiliatrice d\u2019Ha\u00efti!"},"content":{"rendered":"<p><img data-recalc-dims=\"1\" loading=\"lazy\" decoding=\"async\" class=\"aligncenter wp-image-14265 size-full\" src=\"https:\/\/i0.wp.com\/fmahaiti.org\/site\/wp-content\/uploads\/2026\/01\/Les-Soeurs.jpeg?resize=843%2C407&#038;ssl=1\" alt=\"\" width=\"843\" height=\"407\" srcset=\"https:\/\/i0.wp.com\/fmahaiti.org\/site\/wp-content\/uploads\/2026\/01\/Les-Soeurs.jpeg?w=931&amp;ssl=1 931w, https:\/\/i0.wp.com\/fmahaiti.org\/site\/wp-content\/uploads\/2026\/01\/Les-Soeurs.jpeg?resize=300%2C145&amp;ssl=1 300w, https:\/\/i0.wp.com\/fmahaiti.org\/site\/wp-content\/uploads\/2026\/01\/Les-Soeurs.jpeg?resize=768%2C371&amp;ssl=1 768w\" sizes=\"auto, (max-width: 843px) 100vw, 843px\" \/><\/p>\n<p>Cette date du 21 Janvier \u00a0est un jour doublement important pour nous, les Filles de Marie Auxiliatrice<img data-recalc-dims=\"1\" loading=\"lazy\" decoding=\"async\" class=\"alignright wp-image-14277 size-medium\" src=\"https:\/\/i0.wp.com\/fmahaiti.org\/site\/wp-content\/uploads\/2026\/01\/Sr-Alta.jpeg?resize=168%2C300&#038;ssl=1\" alt=\"\" width=\"168\" height=\"300\" srcset=\"https:\/\/i0.wp.com\/fmahaiti.org\/site\/wp-content\/uploads\/2026\/01\/Sr-Alta.jpeg?resize=168%2C300&amp;ssl=1 168w, https:\/\/i0.wp.com\/fmahaiti.org\/site\/wp-content\/uploads\/2026\/01\/Sr-Alta.jpeg?w=462&amp;ssl=1 462w\" sizes=\"auto, (max-width: 168px) 100vw, 168px\" \/> d\u2019Ha\u00efti\u00a0: celui de c\u00e9l\u00e9brer la solennit\u00e9 de Notre Dame d\u2019Altagr\u00e2ce et celui de souhaiter un joyeux anniversaire \u00e0 notre Provinciale, Sr Altagr\u00e2ce Mathias.<\/p>\n<p><img data-recalc-dims=\"1\" loading=\"lazy\" decoding=\"async\" class=\"alignleft wp-image-14267 size-medium\" src=\"https:\/\/i0.wp.com\/fmahaiti.org\/site\/wp-content\/uploads\/2026\/01\/fdd142e0-ae36-43f7-9b77-d48f394b9230.jpeg?resize=230%2C300&#038;ssl=1\" alt=\"\" width=\"230\" height=\"300\" srcset=\"https:\/\/i0.wp.com\/fmahaiti.org\/site\/wp-content\/uploads\/2026\/01\/fdd142e0-ae36-43f7-9b77-d48f394b9230.jpeg?resize=230%2C300&amp;ssl=1 230w, https:\/\/i0.wp.com\/fmahaiti.org\/site\/wp-content\/uploads\/2026\/01\/fdd142e0-ae36-43f7-9b77-d48f394b9230.jpeg?w=462&amp;ssl=1 462w\" sizes=\"auto, (max-width: 230px) 100vw, 230px\" \/>Malgr\u00e9 la conjoncture actuelle, tout a \u00e9t\u00e9 au rendez-vous pour que l\u2019anniversaire de notre Sup\u00e9rieure Provinciale soit \u00e0 la hauteur de son rayonnement\u00a0: les rires, les surprises et une ambiance inoubliable! La musique inspirante au r\u00e9veil et la c\u00e9l\u00e9bration soign\u00e9e des laudes par l&rsquo;ensemble des S\u0153urs ont cr\u00e9\u00e9 une atmosph\u00e8re propice \u00e0 la pri\u00e8re, \u00e0 l&rsquo;int\u00e9riorit\u00e9 et \u00e0 la rencontre spirituelle d\u00e8s le d\u00e9but de la journ\u00e9e.<\/p>\n<p>La c\u00e9l\u00e9bration Eucharistique s&rsquo;est d\u00e9roul\u00e9e dans la joie et la ferveur avec notre Aum\u00f4nier, le R\u00e9v\u00e9rend P\u00e8re\u00a0 Lionel Colin \u00a0et le Provincial des Sal\u00e9siens d\u2019Ha\u00efti, le P\u00e8re Morachel Bonhomme, accompagn\u00e9 de P\u00e8re Gr\u00e9goire qui ont risqu\u00e9 leurs vies depuis 6hres30 AM pour participer \u00e0 la C\u00e9l\u00e9bration Eucharistique. Les S\u0153urs des communaut\u00e9s\u00a0: Marie Dominique Mazzarello, Marie Auxiliatrice et J\u00e9sus Enfant n\u2019ont pas rat\u00e9 non plus cette occasion d\u2019\u00eatre avec la communaut\u00e9 Provinciale pour f\u00eater et trinquer ensemble \u00e0 la sant\u00e9 de Sr Altagr\u00e2ce. Le besoin de se retrouver pour c\u00e9l\u00e9brer la vie a emport\u00e9 sur la prudence. Cela d\u00e9montre une forme de r\u00e9silience face \u00e0 la peur qui tente de nous paralyser dans ce pays.<img data-recalc-dims=\"1\" loading=\"lazy\" decoding=\"async\" class=\"aligncenter wp-image-14266 size-full\" src=\"https:\/\/i0.wp.com\/fmahaiti.org\/site\/wp-content\/uploads\/2026\/01\/43db3775-5642-4ebc-b534-e76a911b14cb.jpeg?resize=843%2C289&#038;ssl=1\" alt=\"\" width=\"843\" height=\"289\" srcset=\"https:\/\/i0.wp.com\/fmahaiti.org\/site\/wp-content\/uploads\/2026\/01\/43db3775-5642-4ebc-b534-e76a911b14cb.jpeg?w=1000&amp;ssl=1 1000w, https:\/\/i0.wp.com\/fmahaiti.org\/site\/wp-content\/uploads\/2026\/01\/43db3775-5642-4ebc-b534-e76a911b14cb.jpeg?resize=300%2C103&amp;ssl=1 300w, https:\/\/i0.wp.com\/fmahaiti.org\/site\/wp-content\/uploads\/2026\/01\/43db3775-5642-4ebc-b534-e76a911b14cb.jpeg?resize=768%2C263&amp;ssl=1 768w\" sizes=\"auto, (max-width: 843px) 100vw, 843px\" \/><\/p>\n<p><img data-recalc-dims=\"1\" loading=\"lazy\" decoding=\"async\" class=\"alignleft wp-image-14280 size-medium\" src=\"https:\/\/i0.wp.com\/fmahaiti.org\/site\/wp-content\/uploads\/2026\/01\/12f07fc6-4c28-4552-a6d0-d9b09d7016db.jpeg?resize=300%2C139&#038;ssl=1\" alt=\"\" width=\"300\" height=\"139\" srcset=\"https:\/\/i0.wp.com\/fmahaiti.org\/site\/wp-content\/uploads\/2026\/01\/12f07fc6-4c28-4552-a6d0-d9b09d7016db.jpeg?resize=300%2C139&amp;ssl=1 300w, https:\/\/i0.wp.com\/fmahaiti.org\/site\/wp-content\/uploads\/2026\/01\/12f07fc6-4c28-4552-a6d0-d9b09d7016db.jpeg?resize=768%2C355&amp;ssl=1 768w, https:\/\/i0.wp.com\/fmahaiti.org\/site\/wp-content\/uploads\/2026\/01\/12f07fc6-4c28-4552-a6d0-d9b09d7016db.jpeg?w=1000&amp;ssl=1 1000w\" sizes=\"auto, (max-width: 300px) 100vw, 300px\" \/>P\u00e8re Morachel a pr\u00e9sid\u00e9 la c\u00e9l\u00e9bration et le \u00a0P\u00e8re Lionel nous a apport\u00e9 la Parole de Dieu. Dans son hom\u00e9lie, il nous a invit\u00e9s \u00e0 croire que Marie peut interc\u00e9der pour nous. Le \u00ab\u00a0Oui\u00a0\u00bbde Marie a \u00e9t\u00e9 l\u2019expression de sa libert\u00e9. Elle se pr\u00e9sente comme la Femme totale, disponible \u00e0 la volont\u00e9 de Dieu. Le P\u00e8re a soulign\u00e9 l&rsquo;importance d&rsquo;accueillir la Parole de Dieu, m\u00eame si elle trouble, \u00e0 l&rsquo;exemple de Marie. \u00ab\u00a0Ch\u00e8che viv ak Bondye, lap ban ou sa nou bezwen\u00a0\u00bb Il a invit\u00e9 l\u2019Assembl\u00e9e \u00e0 prendre le chemin de l&rsquo;ob\u00e9issance et \u00e0 dire, comme Marie : \u00ab Je suis la servante du Seigneur \u00bb; jusqu\u2019\u00e0 la croix, elle est rest\u00e9e fid\u00e8le.<\/p>\n<p><img data-recalc-dims=\"1\" loading=\"lazy\" decoding=\"async\" class=\"aligncenter wp-image-14282 size-full\" src=\"https:\/\/i0.wp.com\/fmahaiti.org\/site\/wp-content\/uploads\/2026\/01\/8abd838b-eae4-4eca-892e-072169763c1e.jpeg?resize=843%2C337&#038;ssl=1\" alt=\"\" width=\"843\" height=\"337\" srcset=\"https:\/\/i0.wp.com\/fmahaiti.org\/site\/wp-content\/uploads\/2026\/01\/8abd838b-eae4-4eca-892e-072169763c1e.jpeg?w=860&amp;ssl=1 860w, https:\/\/i0.wp.com\/fmahaiti.org\/site\/wp-content\/uploads\/2026\/01\/8abd838b-eae4-4eca-892e-072169763c1e.jpeg?resize=300%2C120&amp;ssl=1 300w, https:\/\/i0.wp.com\/fmahaiti.org\/site\/wp-content\/uploads\/2026\/01\/8abd838b-eae4-4eca-892e-072169763c1e.jpeg?resize=768%2C307&amp;ssl=1 768w\" sizes=\"auto, (max-width: 843px) 100vw, 843px\" \/><\/p>\n<p>Suite \u00e0 la messe, bien que le temps ne soit pas \u00e0 la f\u00eate, les S\u0153urs ont maintenu la c\u00e9l\u00e9bration par un concert de chants d&rsquo;anniversaire apr\u00e8s la messe, prolongeant ainsi la joie communautaire. Ce moment festif s&rsquo;est cl\u00f4tur\u00e9 par une agape fraternelle, renfor\u00e7ant les liens de fraternit\u00e9 et de partage.<\/p>\n<p>Aux environs de 9hres du matin, plusieurs S\u0153urs se sont rendues avec sr Altagrace \u00e0 la Paroisse Notre Dame d&rsquo;Altagr\u00e2ce, situ\u00e9e \u00e0 Delmas, non loin de chez nous \u00a0pour continuer la f\u00eate.<\/p>\n<p><img data-recalc-dims=\"1\" loading=\"lazy\" decoding=\"async\" class=\"alignleft wp-image-14275 size-medium\" src=\"https:\/\/i0.wp.com\/fmahaiti.org\/site\/wp-content\/uploads\/2026\/01\/Altagrace.jpeg?resize=300%2C251&#038;ssl=1\" alt=\"\" width=\"300\" height=\"251\" srcset=\"https:\/\/i0.wp.com\/fmahaiti.org\/site\/wp-content\/uploads\/2026\/01\/Altagrace.jpeg?resize=300%2C251&amp;ssl=1 300w, https:\/\/i0.wp.com\/fmahaiti.org\/site\/wp-content\/uploads\/2026\/01\/Altagrace.jpeg?resize=1024%2C858&amp;ssl=1 1024w, https:\/\/i0.wp.com\/fmahaiti.org\/site\/wp-content\/uploads\/2026\/01\/Altagrace.jpeg?resize=768%2C644&amp;ssl=1 768w, https:\/\/i0.wp.com\/fmahaiti.org\/site\/wp-content\/uploads\/2026\/01\/Altagrace.jpeg?w=1080&amp;ssl=1 1080w\" sizes=\"auto, (max-width: 300px) 100vw, 300px\" \/><\/p>\n<p>En ce temps o\u00f9 l&rsquo;environnement est marqu\u00e9 par la violence, les kidnappings, les ran\u00e7onnements et ex\u00e9cutions, \u00a0l&rsquo;angoisse et le manque d&rsquo;espoir, c&rsquo;est dans une \u00e9glise remplie comme un \u0153uf que s&rsquo;est d\u00e9roul\u00e9e la f\u00eate de Notre Dame d\u2019Altagr\u00e2ce.\u00a0 C&rsquo;est un acte de d\u00e9fi contre un environnement hostile, o\u00f9 la joie et la solidarit\u00e9 deviennent un acte de r\u00e9sistance, m\u00eame si la peur est souvent omnipr\u00e9sente.<img data-recalc-dims=\"1\" loading=\"lazy\" decoding=\"async\" class=\"alignright wp-image-14270 size-medium\" src=\"https:\/\/i0.wp.com\/fmahaiti.org\/site\/wp-content\/uploads\/2026\/01\/procession.jpeg?resize=300%2C197&#038;ssl=1\" alt=\"\" width=\"300\" height=\"197\" srcset=\"https:\/\/i0.wp.com\/fmahaiti.org\/site\/wp-content\/uploads\/2026\/01\/procession.jpeg?resize=300%2C197&amp;ssl=1 300w, https:\/\/i0.wp.com\/fmahaiti.org\/site\/wp-content\/uploads\/2026\/01\/procession.jpeg?resize=1024%2C672&amp;ssl=1 1024w, https:\/\/i0.wp.com\/fmahaiti.org\/site\/wp-content\/uploads\/2026\/01\/procession.jpeg?resize=768%2C504&amp;ssl=1 768w, https:\/\/i0.wp.com\/fmahaiti.org\/site\/wp-content\/uploads\/2026\/01\/procession.jpeg?w=1080&amp;ssl=1 1080w\" sizes=\"auto, (max-width: 300px) 100vw, 300px\" \/><\/p>\n<p>La f\u00eate patronale, pr\u00e9c\u00e9d\u00e9e d&rsquo;une neuvaine de pri\u00e8res, a connu un vif succ\u00e8s gr\u00e2ce \u00e0 une forte mobilisation et une ambiance festive. Les S\u0153urs de la Communaut\u00e9 Provinciale, ont v\u00e9cu la Neuvaine comme un temps fort de gr\u00e2ce, favorisant un renouvellement profond de leur vie de foi autour du th\u00e8me \u00ab Tankou Manman Mari, an nou tounen Temwen \u00bb<\/p>\n<p><img data-recalc-dims=\"1\" loading=\"lazy\" decoding=\"async\" class=\"alignleft wp-image-14276 size-medium\" src=\"https:\/\/i0.wp.com\/fmahaiti.org\/site\/wp-content\/uploads\/2026\/01\/paroisse.jpeg?resize=300%2C206&#038;ssl=1\" alt=\"\" width=\"300\" height=\"206\" srcset=\"https:\/\/i0.wp.com\/fmahaiti.org\/site\/wp-content\/uploads\/2026\/01\/paroisse.jpeg?resize=300%2C206&amp;ssl=1 300w, https:\/\/i0.wp.com\/fmahaiti.org\/site\/wp-content\/uploads\/2026\/01\/paroisse.jpeg?resize=1024%2C702&amp;ssl=1 1024w, https:\/\/i0.wp.com\/fmahaiti.org\/site\/wp-content\/uploads\/2026\/01\/paroisse.jpeg?resize=768%2C526&amp;ssl=1 768w, https:\/\/i0.wp.com\/fmahaiti.org\/site\/wp-content\/uploads\/2026\/01\/paroisse.jpeg?w=1080&amp;ssl=1 1080w\" sizes=\"auto, (max-width: 300px) 100vw, 300px\" \/><\/p>\n<p><img data-recalc-dims=\"1\" loading=\"lazy\" decoding=\"async\" class=\"alignright wp-image-14268 size-medium\" src=\"https:\/\/i0.wp.com\/fmahaiti.org\/site\/wp-content\/uploads\/2026\/01\/Pretres.jpeg?resize=300%2C196&#038;ssl=1\" alt=\"\" width=\"300\" height=\"196\" srcset=\"https:\/\/i0.wp.com\/fmahaiti.org\/site\/wp-content\/uploads\/2026\/01\/Pretres.jpeg?resize=300%2C196&amp;ssl=1 300w, https:\/\/i0.wp.com\/fmahaiti.org\/site\/wp-content\/uploads\/2026\/01\/Pretres.jpeg?resize=1024%2C669&amp;ssl=1 1024w, https:\/\/i0.wp.com\/fmahaiti.org\/site\/wp-content\/uploads\/2026\/01\/Pretres.jpeg?resize=768%2C501&amp;ssl=1 768w, https:\/\/i0.wp.com\/fmahaiti.org\/site\/wp-content\/uploads\/2026\/01\/Pretres.jpeg?w=1037&amp;ssl=1 1037w\" sizes=\"auto, (max-width: 300px) 100vw, 300px\" \/>Des Pr\u00eatres de diff\u00e9rentes paroisses sont venus c\u00e9l\u00e9brer notre Dame d&rsquo;Altagr\u00e2ce aux c\u00f4t\u00e9 de Monseigneur Max Leroy M\u00e9sidor, l\u2019Archev\u00eaque de Port-au-Prince. Dans son hom\u00e9lie, il a encourag\u00e9 les fid\u00e8les \u00e0 consacrer du temps \u00e0 la pri\u00e8re et \u00e0 l\u2019\u00e9coute de la voix de Dieu. Il a insist\u00e9 sur l\u2019importance de la r\u00e9silience spirituelle face aux \u00e9preuves, particuli\u00e8rement en ces moments de grande souffrance, encourageant les fid\u00e8les \u00e0 ne pas avoir peur de se tourner vers les Pr\u00eatres pour trouver du r\u00e9confort. Il nous a laiss\u00e9 un vibrant message ax\u00e9 sur les 4 attitudes de Marie :<\/p>\n<ul>\n<li>Ecouter<\/li>\n<li>Poser des questions au Seigneur quand on ne comprend pas<\/li>\n<li>Faire confiance \u00e0 Dieu<\/li>\n<li>Dire Oui au seigneur<\/li>\n<\/ul>\n<p><img data-recalc-dims=\"1\" loading=\"lazy\" decoding=\"async\" class=\"aligncenter wp-image-14269 size-large\" src=\"https:\/\/i0.wp.com\/fmahaiti.org\/site\/wp-content\/uploads\/2026\/01\/chorale.jpeg?resize=843%2C496&#038;ssl=1\" alt=\"\" width=\"843\" height=\"496\" srcset=\"https:\/\/i0.wp.com\/fmahaiti.org\/site\/wp-content\/uploads\/2026\/01\/chorale.jpeg?resize=1024%2C602&amp;ssl=1 1024w, https:\/\/i0.wp.com\/fmahaiti.org\/site\/wp-content\/uploads\/2026\/01\/chorale.jpeg?resize=300%2C176&amp;ssl=1 300w, https:\/\/i0.wp.com\/fmahaiti.org\/site\/wp-content\/uploads\/2026\/01\/chorale.jpeg?resize=768%2C451&amp;ssl=1 768w, https:\/\/i0.wp.com\/fmahaiti.org\/site\/wp-content\/uploads\/2026\/01\/chorale.jpeg?w=1064&amp;ssl=1 1064w\" sizes=\"auto, (max-width: 843px) 100vw, 843px\" \/><\/p>\n<p>C\u2019est ce que l\u2019Eglise attend de nous. Etre T\u00e9moins comme Marie jusqu\u2019au bout.<\/p>\n<p><img data-recalc-dims=\"1\" loading=\"lazy\" decoding=\"async\" class=\"alignleft wp-image-14273 size-medium\" src=\"https:\/\/i0.wp.com\/fmahaiti.org\/site\/wp-content\/uploads\/2026\/01\/communaute.jpeg?resize=300%2C212&#038;ssl=1\" alt=\"\" width=\"300\" height=\"212\" srcset=\"https:\/\/i0.wp.com\/fmahaiti.org\/site\/wp-content\/uploads\/2026\/01\/communaute.jpeg?resize=300%2C212&amp;ssl=1 300w, https:\/\/i0.wp.com\/fmahaiti.org\/site\/wp-content\/uploads\/2026\/01\/communaute.jpeg?w=634&amp;ssl=1 634w\" sizes=\"auto, (max-width: 300px) 100vw, 300px\" \/>Au retour \u00e0 la maison, un d\u00eener de f\u00eate a r\u00e9uni les S\u0153urs de la Maison Provinciale autour de Sr Altagr\u00e2ce. La journ\u00e9e s\u2019est cl\u00f4tur\u00e9e avec la pri\u00e8re des V\u00eapres bien anim\u00e9e suivie de la partie culturelle dans la soir\u00e9e avec les enfants du Foyer et le Personnel de soutien.<img data-recalc-dims=\"1\" loading=\"lazy\" decoding=\"async\" class=\"alignright wp-image-14278 size-medium\" src=\"https:\/\/i0.wp.com\/fmahaiti.org\/site\/wp-content\/uploads\/2026\/01\/Personnel.jpeg?resize=300%2C205&#038;ssl=1\" alt=\"\" width=\"300\" height=\"205\" srcset=\"https:\/\/i0.wp.com\/fmahaiti.org\/site\/wp-content\/uploads\/2026\/01\/Personnel.jpeg?resize=300%2C205&amp;ssl=1 300w, https:\/\/i0.wp.com\/fmahaiti.org\/site\/wp-content\/uploads\/2026\/01\/Personnel.jpeg?w=624&amp;ssl=1 624w\" sizes=\"auto, (max-width: 300px) 100vw, 300px\" \/><\/p>\n<p>Au mot du soir, l\u2019\u00e9lue du jour, Sr Altagr\u00e2ce Mathias,\u00a0 a remerci\u00e9 infiniment pour toutes les marques d\u2019attention difficiles \u00e0 \u00e9num\u00e9rer : les chants au r\u00e9veil, les moments de pri\u00e8res, la messe, la pr\u00e9sence des convives, les mots, le repas,\u2026. Tout et tout ! Elle nous a laiss\u00e9es avec des pens\u00e9es sur Laura Vicu\u0148a qu\u2019on se pr\u00e9parait \u00e0 c\u00e9l\u00e9brer le lendemain, soit le 22 Janvier et a stimul\u00e9 les S\u0153urs \u00e0 participer avec beaucoup de foi \u00e0 la Neuvaine de Saint Jean Bosco notre Patron.<\/p>\n<p>Vraiment nous rendons \u00a0gr\u00e2ce \u00e0 Dieu, le Seigneur Tout-Puissant, pour cette journ\u00e9e extraordinaire remplie de Son amour !<img data-recalc-dims=\"1\" loading=\"lazy\" decoding=\"async\" class=\"alignleft wp-image-14284 size-medium\" src=\"https:\/\/i0.wp.com\/fmahaiti.org\/site\/wp-content\/uploads\/2026\/01\/e7c6797a-558f-4866-b7a3-79c6d81be80d-1.jpeg?resize=300%2C143&#038;ssl=1\" alt=\"\" width=\"300\" height=\"143\" srcset=\"https:\/\/i0.wp.com\/fmahaiti.org\/site\/wp-content\/uploads\/2026\/01\/e7c6797a-558f-4866-b7a3-79c6d81be80d-1.jpeg?resize=300%2C143&amp;ssl=1 300w, https:\/\/i0.wp.com\/fmahaiti.org\/site\/wp-content\/uploads\/2026\/01\/e7c6797a-558f-4866-b7a3-79c6d81be80d-1.jpeg?resize=768%2C365&amp;ssl=1 768w, https:\/\/i0.wp.com\/fmahaiti.org\/site\/wp-content\/uploads\/2026\/01\/e7c6797a-558f-4866-b7a3-79c6d81be80d-1.jpeg?w=883&amp;ssl=1 883w\" sizes=\"auto, (max-width: 300px) 100vw, 300px\" \/><img data-recalc-dims=\"1\" loading=\"lazy\" decoding=\"async\" class=\"aligncenter wp-image-14281 size-medium\" src=\"https:\/\/i0.wp.com\/fmahaiti.org\/site\/wp-content\/uploads\/2026\/01\/dba43369-db48-4be8-86a3-3984120d96e6.jpeg?resize=300%2C144&#038;ssl=1\" alt=\"\" width=\"300\" height=\"144\" srcset=\"https:\/\/i0.wp.com\/fmahaiti.org\/site\/wp-content\/uploads\/2026\/01\/dba43369-db48-4be8-86a3-3984120d96e6.jpeg?resize=300%2C144&amp;ssl=1 300w, https:\/\/i0.wp.com\/fmahaiti.org\/site\/wp-content\/uploads\/2026\/01\/dba43369-db48-4be8-86a3-3984120d96e6.jpeg?resize=768%2C367&amp;ssl=1 768w, https:\/\/i0.wp.com\/fmahaiti.org\/site\/wp-content\/uploads\/2026\/01\/dba43369-db48-4be8-86a3-3984120d96e6.jpeg?w=809&amp;ssl=1 809w\" sizes=\"auto, (max-width: 300px) 100vw, 300px\" \/><img data-recalc-dims=\"1\" loading=\"lazy\" decoding=\"async\" class=\"aligncenter wp-image-14283 size-medium\" src=\"https:\/\/i0.wp.com\/fmahaiti.org\/site\/wp-content\/uploads\/2026\/01\/danse.jpeg?resize=300%2C148&#038;ssl=1\" alt=\"\" width=\"300\" height=\"148\" srcset=\"https:\/\/i0.wp.com\/fmahaiti.org\/site\/wp-content\/uploads\/2026\/01\/danse.jpeg?resize=300%2C148&amp;ssl=1 300w, https:\/\/i0.wp.com\/fmahaiti.org\/site\/wp-content\/uploads\/2026\/01\/danse.jpeg?resize=768%2C380&amp;ssl=1 768w, https:\/\/i0.wp.com\/fmahaiti.org\/site\/wp-content\/uploads\/2026\/01\/danse.jpeg?w=837&amp;ssl=1 837w\" sizes=\"auto, (max-width: 300px) 100vw, 300px\" \/><img data-recalc-dims=\"1\" loading=\"lazy\" decoding=\"async\" class=\"alignleft wp-image-14285 size-full\" src=\"https:\/\/i0.wp.com\/fmahaiti.org\/site\/wp-content\/uploads\/2026\/01\/42674877-dace-4b42-9e6f-b855da0ee83e.jpeg?resize=462%2C693&#038;ssl=1\" alt=\"\" width=\"462\" height=\"693\" srcset=\"https:\/\/i0.wp.com\/fmahaiti.org\/site\/wp-content\/uploads\/2026\/01\/42674877-dace-4b42-9e6f-b855da0ee83e.jpeg?w=462&amp;ssl=1 462w, https:\/\/i0.wp.com\/fmahaiti.org\/site\/wp-content\/uploads\/2026\/01\/42674877-dace-4b42-9e6f-b855da0ee83e.jpeg?resize=200%2C300&amp;ssl=1 200w\" sizes=\"auto, (max-width: 462px) 100vw, 462px\" \/><\/p>\n<p><img data-recalc-dims=\"1\" loading=\"lazy\" decoding=\"async\" class=\"alignleft wp-image-14279 size-medium\" src=\"https:\/\/i0.wp.com\/fmahaiti.org\/site\/wp-content\/uploads\/2026\/01\/mot-du-soir.jpeg?resize=300%2C154&#038;ssl=1\" alt=\"\" width=\"300\" height=\"154\" srcset=\"https:\/\/i0.wp.com\/fmahaiti.org\/site\/wp-content\/uploads\/2026\/01\/mot-du-soir.jpeg?resize=300%2C154&amp;ssl=1 300w, https:\/\/i0.wp.com\/fmahaiti.org\/site\/wp-content\/uploads\/2026\/01\/mot-du-soir.jpeg?resize=768%2C394&amp;ssl=1 768w, https:\/\/i0.wp.com\/fmahaiti.org\/site\/wp-content\/uploads\/2026\/01\/mot-du-soir.jpeg?w=848&amp;ssl=1 848w\" sizes=\"auto, (max-width: 300px) 100vw, 300px\" \/><\/p>\n","protected":false},"excerpt":{"rendered":"<p>Cette date du 21 Janvier \u00a0est un jour doublement important pour nous, les Filles de Marie Auxiliatrice d\u2019Ha\u00efti\u00a0: celui de c\u00e9l\u00e9brer la solennit\u00e9 de Notre&hellip;<\/p>\n","protected":false},"author":4,"featured_media":14285,"comment_status":"open","ping_status":"open","sticky":false,"template":"","format":"standard","meta":{"_jetpack_memberships_contains_paid_content":false,"footnotes":"","jetpack_publicize_message":"","jetpack_publicize_feature_enabled":true,"jetpack_social_post_already_shared":true,"jetpack_social_options":{"image_generator_settings":{"template":"highway","default_image_id":0,"font":"","enabled":false},"version":2}},"categories":[17,4,32],"tags":[],"class_list":["post-14264","post","type-post","status-publish","format-standard","has-post-thumbnail","hentry","category-eglise","category-fetes","category-vie-de-la-province"],"jetpack_publicize_connections":[],"jetpack_featured_media_url":"https:\/\/i0.wp.com\/fmahaiti.org\/site\/wp-content\/uploads\/2026\/01\/42674877-dace-4b42-9e6f-b855da0ee83e.jpeg?fit=462%2C693&ssl=1","jetpack_sharing_enabled":true,"jetpack_shortlink":"https:\/\/wp.me\/pcR5kd-3I4","jetpack-related-posts":[{"id":11435,"url":"https:\/\/fmahaiti.org\/site\/2025\/02\/05\/surprise-reussie\/","url_meta":{"origin":14264,"position":0},"title":"Surprise r\u00e9ussie!","author":"Sr Monette Octave","date":"5 f\u00e9vrier 2025","format":false,"excerpt":"Un anniversaire de naissance c\u00e9l\u00e9br\u00e9 avec beaucoup d\u2019\u00e9clats! Tout respirait l\u2019air de f\u00eate, au rendez-vous pour accueillir cette nouvelle journ\u00e9e! F\u00eater l\u2019anniversaire de S\u0153ur Altagr\u00e2ce en ce jour de notre Dame d\u2019Altagr\u00e2ce, la joie est doubl\u00e9e! Des d\u00e9l\u00e9gations venant de toutes les communaut\u00e9s de la zone m\u00e9tropolitaine et des repr\u00e9sentantes\u2026","rel":"","context":"Dans &quot;Convivialit\u00e9&quot;","block_context":{"text":"Convivialit\u00e9","link":"https:\/\/fmahaiti.org\/site\/category\/convivialite\/"},"img":{"alt_text":"","src":"https:\/\/i0.wp.com\/fmahaiti.org\/site\/wp-content\/uploads\/2025\/02\/5055ad8e-7485-46ec-aae2-bcf48f2931f2.jpg?fit=1200%2C779&ssl=1&resize=350%2C200","width":350,"height":200,"srcset":"https:\/\/i0.wp.com\/fmahaiti.org\/site\/wp-content\/uploads\/2025\/02\/5055ad8e-7485-46ec-aae2-bcf48f2931f2.jpg?fit=1200%2C779&ssl=1&resize=350%2C200 1x, https:\/\/i0.wp.com\/fmahaiti.org\/site\/wp-content\/uploads\/2025\/02\/5055ad8e-7485-46ec-aae2-bcf48f2931f2.jpg?fit=1200%2C779&ssl=1&resize=525%2C300 1.5x, https:\/\/i0.wp.com\/fmahaiti.org\/site\/wp-content\/uploads\/2025\/02\/5055ad8e-7485-46ec-aae2-bcf48f2931f2.jpg?fit=1200%2C779&ssl=1&resize=700%2C400 2x, https:\/\/i0.wp.com\/fmahaiti.org\/site\/wp-content\/uploads\/2025\/02\/5055ad8e-7485-46ec-aae2-bcf48f2931f2.jpg?fit=1200%2C779&ssl=1&resize=1050%2C600 3x"},"classes":[]},{"id":3414,"url":"https:\/\/fmahaiti.org\/site\/2022\/05\/23\/celebration-des-150-ans-de-la-congregation-des-filles-de-marie-auxiliatrice-en-haiti\/","url_meta":{"origin":14264,"position":1},"title":"C\u00e9l\u00e9bration des 150 ans de la Congr\u00e9gation des Filles de Marie Auxiliatrice en Ha\u00efti","author":"Sr Monette Octave","date":"23 mai 2022","format":false,"excerpt":"\u00a0 Grande foire baptis\u00e9\u00a0: \u00ab\u00a0Foire \u00c9cologique et scientifique du Cent cinquantenaire\u00a0\u00bb Toute la famille Sal\u00e9sienne s\u2019\u00e9tait donn\u00e9e rendez-vous en un lieu, un espace, une date pour c\u00e9l\u00e9brer les 150 ans de la Fondation de l\u2019Institut. La Communaut\u00e9 Marie Dominique Mazzarello s\u2019est agrandie pour recevoir des d\u00e9l\u00e9gations de toutes les communaut\u00e9s\u2026","rel":"","context":"Dans &quot;C\u00e9l\u00e9bration 150 ans FMA&quot;","block_context":{"text":"C\u00e9l\u00e9bration 150 ans FMA","link":"https:\/\/fmahaiti.org\/site\/category\/celebration-150-ans-fma\/"},"img":{"alt_text":"","src":"https:\/\/i0.wp.com\/fmahaiti.org\/site\/wp-content\/uploads\/2022\/05\/DSC09708-scaled.jpg?fit=1200%2C900&ssl=1&resize=350%2C200","width":350,"height":200,"srcset":"https:\/\/i0.wp.com\/fmahaiti.org\/site\/wp-content\/uploads\/2022\/05\/DSC09708-scaled.jpg?fit=1200%2C900&ssl=1&resize=350%2C200 1x, https:\/\/i0.wp.com\/fmahaiti.org\/site\/wp-content\/uploads\/2022\/05\/DSC09708-scaled.jpg?fit=1200%2C900&ssl=1&resize=525%2C300 1.5x, https:\/\/i0.wp.com\/fmahaiti.org\/site\/wp-content\/uploads\/2022\/05\/DSC09708-scaled.jpg?fit=1200%2C900&ssl=1&resize=700%2C400 2x, https:\/\/i0.wp.com\/fmahaiti.org\/site\/wp-content\/uploads\/2022\/05\/DSC09708-scaled.jpg?fit=1200%2C900&ssl=1&resize=1050%2C600 3x"},"classes":[]},{"id":9222,"url":"https:\/\/fmahaiti.org\/site\/2024\/08\/06\/une-journee-de-reconnaissance-et-dunite-pour-les-salesiennes-en-haiti\/","url_meta":{"origin":14264,"position":2},"title":"Une Journ\u00e9e de Reconnaissance et d&rsquo;Unit\u00e9 pour les Sal\u00e9siennes d&rsquo;Ha\u00efti!","author":"Sr Monette Octave","date":"6 ao\u00fbt 2024","format":false,"excerpt":"Le \u00a0vendredi 26 juillet 2024, a eu lieu une journ\u00e9e particuli\u00e8rement significative pour les Filles de Marie Auxiliatrices (FMA), plus pr\u00e9cis\u00e9ment les S\u0153urs Sal\u00e9siennes d\u2019Ha\u00efti. Cette date marquait non seulement la f\u00eate de Sainte Anne et Saint Joachim, les parents de la Vierge Marie, mais co\u00efncidait \u00e9galement avec la traditionnelle\u2026","rel":"","context":"Dans &quot;F\u00eate de la reconnaissance&quot;","block_context":{"text":"F\u00eate de la reconnaissance","link":"https:\/\/fmahaiti.org\/site\/category\/fete-de-la-reconnaissance\/"},"img":{"alt_text":"","src":"https:\/\/i0.wp.com\/fmahaiti.org\/site\/wp-content\/uploads\/2024\/08\/merci-2.jpg?fit=697%2C397&ssl=1&resize=350%2C200","width":350,"height":200,"srcset":"https:\/\/i0.wp.com\/fmahaiti.org\/site\/wp-content\/uploads\/2024\/08\/merci-2.jpg?fit=697%2C397&ssl=1&resize=350%2C200 1x, https:\/\/i0.wp.com\/fmahaiti.org\/site\/wp-content\/uploads\/2024\/08\/merci-2.jpg?fit=697%2C397&ssl=1&resize=525%2C300 1.5x"},"classes":[]},{"id":2927,"url":"https:\/\/fmahaiti.org\/site\/2022\/01\/22\/un-jour-j-tant-attendu-celebre-en-plusieurs-moments-2\/","url_meta":{"origin":14264,"position":3},"title":"Un jour \u00ab\u00a0J\u00a0\u00bb tant attendu, c\u00e9l\u00e9br\u00e9 en plusieurs moments","author":"Sr Monette Octave","date":"22 janvier 2022","format":false,"excerpt":"Rassembl\u00e9es autour de la table Eucharistique, diff\u00e9rentes d\u00e9l\u00e9gations de S\u0153urs de la zone m\u00e9tropolitaine sont venues c\u00e9l\u00e9brer la Provinciale, Sr Altagr\u00e2ce Mathias au local de la Maison Provinciale. Nous avons remerci\u00e9 le Seigneur pour le don de sa vie le jeudi 20 Janvier en vue de lui donner la possibilit\u00e9\u2026","rel":"","context":"Dans &quot;Convivialit\u00e9&quot;","block_context":{"text":"Convivialit\u00e9","link":"https:\/\/fmahaiti.org\/site\/category\/convivialite\/"},"img":{"alt_text":"","src":"https:\/\/i0.wp.com\/fmahaiti.org\/site\/wp-content\/uploads\/2022\/01\/sr-alta.jpeg?fit=809%2C1080&ssl=1&resize=350%2C200","width":350,"height":200,"srcset":"https:\/\/i0.wp.com\/fmahaiti.org\/site\/wp-content\/uploads\/2022\/01\/sr-alta.jpeg?fit=809%2C1080&ssl=1&resize=350%2C200 1x, https:\/\/i0.wp.com\/fmahaiti.org\/site\/wp-content\/uploads\/2022\/01\/sr-alta.jpeg?fit=809%2C1080&ssl=1&resize=525%2C300 1.5x, https:\/\/i0.wp.com\/fmahaiti.org\/site\/wp-content\/uploads\/2022\/01\/sr-alta.jpeg?fit=809%2C1080&ssl=1&resize=700%2C400 2x"},"classes":[]},{"id":8616,"url":"https:\/\/fmahaiti.org\/site\/2024\/05\/26\/une-famille-religieuse-qui-est-toute-de-marie\/","url_meta":{"origin":14264,"position":4},"title":"Une Famille religieuse qui est toute de Marie!","author":"Sr Monette Octave","date":"26 mai 2024","format":false,"excerpt":"Chaque ann\u00e9e, nous prenons le temps de bien pr\u00e9parer notre c\u0153ur \u00e0 travers la neuvaine pour bien c\u00e9l\u00e9brer notre maman du ciel\u00a0: Marie Auxiliatrice. C\u2019est une des plus grandes f\u00eates de la famille sal\u00e9sienne. Don Bosco a confi\u00e9 toute son \u0153uvre \u00e0 la Vierge sous cette d\u00e9nomination. Il a fait\u2026","rel":"","context":"Dans &quot;Eglise&quot;","block_context":{"text":"Eglise","link":"https:\/\/fmahaiti.org\/site\/category\/eglise\/"},"img":{"alt_text":"","src":"https:\/\/i0.wp.com\/fmahaiti.org\/site\/wp-content\/uploads\/2024\/05\/d8188c85-80dd-44be-921e-008ecdceaa44.jpg?fit=1032%2C774&ssl=1&resize=350%2C200","width":350,"height":200,"srcset":"https:\/\/i0.wp.com\/fmahaiti.org\/site\/wp-content\/uploads\/2024\/05\/d8188c85-80dd-44be-921e-008ecdceaa44.jpg?fit=1032%2C774&ssl=1&resize=350%2C200 1x, https:\/\/i0.wp.com\/fmahaiti.org\/site\/wp-content\/uploads\/2024\/05\/d8188c85-80dd-44be-921e-008ecdceaa44.jpg?fit=1032%2C774&ssl=1&resize=525%2C300 1.5x, https:\/\/i0.wp.com\/fmahaiti.org\/site\/wp-content\/uploads\/2024\/05\/d8188c85-80dd-44be-921e-008ecdceaa44.jpg?fit=1032%2C774&ssl=1&resize=700%2C400 2x"},"classes":[]},{"id":2788,"url":"https:\/\/fmahaiti.org\/site\/2022\/01\/05\/assemblee-provinciale-decembre-2021\/","url_meta":{"origin":14264,"position":5},"title":"Assembl\u00e9e Provinciale D\u00e9cembre 2021","author":"Sr Monette Octave","date":"5 janvier 2022","format":false,"excerpt":"Notre derni\u00e8re Assembl\u00e9e Provinciale avait eu lieu en D\u00e9cembre 2020. \u00c0 cause des probl\u00e8mes sociaux politiques et la COVID 19, nous avons rat\u00e9 l\u2019Assembl\u00e9e du mois de Juillet 2021. Bon gr\u00e9, mal gr\u00e9, nous arrivons \u00e0 r\u00e9aliser notre Assembl\u00e9e Provinciale du 27 au 29 D\u00e9cembre 2021 \u00e0 la Maison Provinciale.\u2026","rel":"","context":"Dans &quot;Sal\u00e9sianit\u00e9&quot;","block_context":{"text":"Sal\u00e9sianit\u00e9","link":"https:\/\/fmahaiti.org\/site\/category\/salesianite\/"},"img":{"alt_text":"","src":"https:\/\/i0.wp.com\/fmahaiti.org\/site\/wp-content\/uploads\/2022\/01\/IMG_0831-1-scaled.jpg?fit=1200%2C900&ssl=1&resize=350%2C200","width":350,"height":200,"srcset":"https:\/\/i0.wp.com\/fmahaiti.org\/site\/wp-content\/uploads\/2022\/01\/IMG_0831-1-scaled.jpg?fit=1200%2C900&ssl=1&resize=350%2C200 1x, https:\/\/i0.wp.com\/fmahaiti.org\/site\/wp-content\/uploads\/2022\/01\/IMG_0831-1-scaled.jpg?fit=1200%2C900&ssl=1&resize=525%2C300 1.5x, https:\/\/i0.wp.com\/fmahaiti.org\/site\/wp-content\/uploads\/2022\/01\/IMG_0831-1-scaled.jpg?fit=1200%2C900&ssl=1&resize=700%2C400 2x, https:\/\/i0.wp.com\/fmahaiti.org\/site\/wp-content\/uploads\/2022\/01\/IMG_0831-1-scaled.jpg?fit=1200%2C900&ssl=1&resize=1050%2C600 3x"},"classes":[]}],"_links":{"self":[{"href":"https:\/\/fmahaiti.org\/site\/wp-json\/wp\/v2\/posts\/14264","targetHints":{"allow":["GET"]}}],"collection":[{"href":"https:\/\/fmahaiti.org\/site\/wp-json\/wp\/v2\/posts"}],"about":[{"href":"https:\/\/fmahaiti.org\/site\/wp-json\/wp\/v2\/types\/post"}],"author":[{"embeddable":true,"href":"https:\/\/fmahaiti.org\/site\/wp-json\/wp\/v2\/users\/4"}],"replies":[{"embeddable":true,"href":"https:\/\/fmahaiti.org\/site\/wp-json\/wp\/v2\/comments?post=14264"}],"version-history":[{"count":3,"href":"https:\/\/fmahaiti.org\/site\/wp-json\/wp\/v2\/posts\/14264\/revisions"}],"predecessor-version":[{"id":14291,"href":"https:\/\/fmahaiti.org\/site\/wp-json\/wp\/v2\/posts\/14264\/revisions\/14291"}],"wp:featuredmedia":[{"embeddable":true,"href":"https:\/\/fmahaiti.org\/site\/wp-json\/wp\/v2\/media\/14285"}],"wp:attachment":[{"href":"https:\/\/fmahaiti.org\/site\/wp-json\/wp\/v2\/media?parent=14264"}],"wp:term":[{"taxonomy":"category","embeddable":true,"href":"https:\/\/fmahaiti.org\/site\/wp-json\/wp\/v2\/categories?post=14264"},{"taxonomy":"post_tag","embeddable":true,"href":"https:\/\/fmahaiti.org\/site\/wp-json\/wp\/v2\/tags?post=14264"}],"curies":[{"name":"wp","href":"https:\/\/api.w.org\/{rel}","templated":true}]}}