{"id":14249,"date":"2026-01-23T11:36:16","date_gmt":"2026-01-23T16:36:16","guid":{"rendered":"https:\/\/fmahaiti.org\/site\/?p=14249"},"modified":"2026-01-23T11:36:16","modified_gmt":"2026-01-23T16:36:16","slug":"une-journee-de-tournage-artistique-et-pastoral-a-linstitution-saint-joseph-educateur","status":"publish","type":"post","link":"https:\/\/fmahaiti.org\/site\/2026\/01\/23\/une-journee-de-tournage-artistique-et-pastoral-a-linstitution-saint-joseph-educateur\/","title":{"rendered":"Une journ\u00e9e de tournage artistique et pastoral \u00e0 l\u2019Institution Saint Joseph \u00c9ducateur"},"content":{"rendered":"<p><img data-recalc-dims=\"1\" loading=\"lazy\" decoding=\"async\" class=\"aligncenter wp-image-14250 size-full\" src=\"https:\/\/i0.wp.com\/fmahaiti.org\/site\/wp-content\/uploads\/2026\/01\/1769053730299blob.png?resize=843%2C474&#038;ssl=1\" alt=\"\" width=\"843\" height=\"474\" srcset=\"https:\/\/i0.wp.com\/fmahaiti.org\/site\/wp-content\/uploads\/2026\/01\/1769053730299blob.png?w=1920&amp;ssl=1 1920w, https:\/\/i0.wp.com\/fmahaiti.org\/site\/wp-content\/uploads\/2026\/01\/1769053730299blob.png?resize=300%2C169&amp;ssl=1 300w, https:\/\/i0.wp.com\/fmahaiti.org\/site\/wp-content\/uploads\/2026\/01\/1769053730299blob.png?resize=1024%2C576&amp;ssl=1 1024w, https:\/\/i0.wp.com\/fmahaiti.org\/site\/wp-content\/uploads\/2026\/01\/1769053730299blob.png?resize=768%2C432&amp;ssl=1 768w, https:\/\/i0.wp.com\/fmahaiti.org\/site\/wp-content\/uploads\/2026\/01\/1769053730299blob.png?resize=1536%2C864&amp;ssl=1 1536w, https:\/\/i0.wp.com\/fmahaiti.org\/site\/wp-content\/uploads\/2026\/01\/1769053730299blob.png?w=1686&amp;ssl=1 1686w\" sizes=\"auto, (max-width: 843px) 100vw, 843px\" \/><\/p>\n<p>Le samedi 17 janvier 2026 restera une date m\u00e9morable dans l\u2019histoire de l\u2019Institution Saint Joseph \u00c9ducateur. En effet, une activit\u00e9 de tournage artistique et pastoral y a \u00e9t\u00e9 r\u00e9alis\u00e9e, mettant en lumi\u00e8re les talents des \u00e9l\u00e8ves ainsi que leur engagement spirituel au service de Dieu et de la Vierge Marie.<img data-recalc-dims=\"1\" loading=\"lazy\" decoding=\"async\" class=\"alignright wp-image-14254 size-medium\" src=\"https:\/\/i0.wp.com\/fmahaiti.org\/site\/wp-content\/uploads\/2026\/01\/1769053829331blob.png?resize=300%2C169&#038;ssl=1\" alt=\"\" width=\"300\" height=\"169\" srcset=\"https:\/\/i0.wp.com\/fmahaiti.org\/site\/wp-content\/uploads\/2026\/01\/1769053829331blob.png?resize=300%2C169&amp;ssl=1 300w, https:\/\/i0.wp.com\/fmahaiti.org\/site\/wp-content\/uploads\/2026\/01\/1769053829331blob.png?resize=1024%2C576&amp;ssl=1 1024w, https:\/\/i0.wp.com\/fmahaiti.org\/site\/wp-content\/uploads\/2026\/01\/1769053829331blob.png?resize=768%2C432&amp;ssl=1 768w, https:\/\/i0.wp.com\/fmahaiti.org\/site\/wp-content\/uploads\/2026\/01\/1769053829331blob.png?resize=1536%2C864&amp;ssl=1 1536w, https:\/\/i0.wp.com\/fmahaiti.org\/site\/wp-content\/uploads\/2026\/01\/1769053829331blob.png?w=1920&amp;ssl=1 1920w, https:\/\/i0.wp.com\/fmahaiti.org\/site\/wp-content\/uploads\/2026\/01\/1769053829331blob.png?w=1686&amp;ssl=1 1686w\" sizes=\"auto, (max-width: 300px) 100vw, 300px\" \/><\/p>\n<p>Les principaux b\u00e9n\u00e9ficiaires de cette initiative ont \u00e9t\u00e9 les \u00e9l\u00e8ves de NS2, laur\u00e9ats du concours organis\u00e9 le dimanche 7 d\u00e9cembre 2025 \u00e0 l\u2019occasion de la f\u00eate de l\u2019Immacul\u00e9e Conception, autour du th\u00e8me :<br \/>\n<strong>\u00ab Avec Marie, chantons la beaut\u00e9 d\u2019un c\u0153ur pur \u00bb<\/strong>.<\/p>\n<p><img data-recalc-dims=\"1\" loading=\"lazy\" decoding=\"async\" class=\"alignleft wp-image-14251 size-medium\" src=\"https:\/\/i0.wp.com\/fmahaiti.org\/site\/wp-content\/uploads\/2026\/01\/1769053779316blob.png?resize=300%2C169&#038;ssl=1\" alt=\"\" width=\"300\" height=\"169\" srcset=\"https:\/\/i0.wp.com\/fmahaiti.org\/site\/wp-content\/uploads\/2026\/01\/1769053779316blob.png?resize=300%2C169&amp;ssl=1 300w, https:\/\/i0.wp.com\/fmahaiti.org\/site\/wp-content\/uploads\/2026\/01\/1769053779316blob.png?resize=1024%2C576&amp;ssl=1 1024w, https:\/\/i0.wp.com\/fmahaiti.org\/site\/wp-content\/uploads\/2026\/01\/1769053779316blob.png?resize=768%2C432&amp;ssl=1 768w, https:\/\/i0.wp.com\/fmahaiti.org\/site\/wp-content\/uploads\/2026\/01\/1769053779316blob.png?resize=1536%2C864&amp;ssl=1 1536w, https:\/\/i0.wp.com\/fmahaiti.org\/site\/wp-content\/uploads\/2026\/01\/1769053779316blob.png?w=1920&amp;ssl=1 1920w, https:\/\/i0.wp.com\/fmahaiti.org\/site\/wp-content\/uploads\/2026\/01\/1769053779316blob.png?w=1686&amp;ssl=1 1686w\" sizes=\"auto, (max-width: 300px) 100vw, 300px\" \/>\u00c0 cette activit\u00e9 s\u2019est \u00e9galement jointe une \u00e9l\u00e8ve de 8e ann\u00e9e, Volcy Kettina, sp\u00e9cialement invit\u00e9e pour r\u00e9aliser son propre tournage, signe de l\u2019ouverture de l\u2019institution \u00e0 encourager et valoriser les talents \u00e0 diff\u00e9rents niveaux scolaires.<\/p>\n<p>L\u2019objectif principal de ce tournage \u00e9tait de produire une vid\u00e9o souvenir, mais aussi de cr\u00e9er un outil d\u2019inspiration destin\u00e9 aux autres jeunes, les invitant \u00e0 cultiver la puret\u00e9 du c\u0153ur, la foi et l\u2019expression artistique comme moyens d\u2019\u00e9vang\u00e9lisation.<\/p>\n<p>D\u00e8s 7 heures du matin, les 22 \u00e9l\u00e8ves participants se sont r\u00e9unis, accompagn\u00e9s de S\u0153ur CHERY Rose Andr\u00e9e, de Monsieur SAINT-CYR Wilbens, professeur docteur et psychologue, d\u2019un jeune photographe professionnel, Kerry PIERRE, ainsi que d\u2019un technicien en informatique, Monsieur Alberto Junior Jean Brice. Le d\u00e9part a eu lieu \u00e0 8 heures, marquant le d\u00e9but d\u2019une journ\u00e9e riche en activit\u00e9s et en d\u00e9couvertes.<\/p>\n<p>La premi\u00e8re s\u00e9ance de tournage s\u2019est d\u00e9roul\u00e9e \u00e0 l\u2019H\u00f4tel Franco Ville, avant de se poursuivre dans diff\u00e9rents lieux embl\u00e9matiques :<\/p>\n<ul>\n<li>Petite Rivi\u00e8re,<\/li>\n<li>CESA \u2013 Coll\u00e8ge Saint Antoine de Padoue,<img data-recalc-dims=\"1\" loading=\"lazy\" decoding=\"async\" class=\"alignright wp-image-14252 size-medium\" src=\"https:\/\/i0.wp.com\/fmahaiti.org\/site\/wp-content\/uploads\/2026\/01\/1769053758136blob.png?resize=300%2C169&#038;ssl=1\" alt=\"\" width=\"300\" height=\"169\" srcset=\"https:\/\/i0.wp.com\/fmahaiti.org\/site\/wp-content\/uploads\/2026\/01\/1769053758136blob.png?resize=300%2C169&amp;ssl=1 300w, https:\/\/i0.wp.com\/fmahaiti.org\/site\/wp-content\/uploads\/2026\/01\/1769053758136blob.png?resize=1024%2C576&amp;ssl=1 1024w, https:\/\/i0.wp.com\/fmahaiti.org\/site\/wp-content\/uploads\/2026\/01\/1769053758136blob.png?resize=768%2C432&amp;ssl=1 768w, https:\/\/i0.wp.com\/fmahaiti.org\/site\/wp-content\/uploads\/2026\/01\/1769053758136blob.png?resize=1536%2C864&amp;ssl=1 1536w, https:\/\/i0.wp.com\/fmahaiti.org\/site\/wp-content\/uploads\/2026\/01\/1769053758136blob.png?w=1920&amp;ssl=1 1920w, https:\/\/i0.wp.com\/fmahaiti.org\/site\/wp-content\/uploads\/2026\/01\/1769053758136blob.png?w=1686&amp;ssl=1 1686w\" sizes=\"auto, (max-width: 300px) 100vw, 300px\" \/><\/li>\n<li>Coll\u00e8ge Immacul\u00e9e Conception,<\/li>\n<li>HOP (Ha\u00efti Oc\u00e9an Project).<\/li>\n<\/ul>\n<p>La journ\u00e9e s\u2019est achev\u00e9e \u00e0 Caritas, o\u00f9 les \u00e9l\u00e8ves ont v\u00e9cu un moment de d\u00e9tente, de fraternit\u00e9 et de communion au bord de la mer.<\/p>\n<p>Le retour \u00e0 Anse-\u00e0-Veau s\u2019est effectu\u00e9 vers 20 heures, dans une atmosph\u00e8re de joie, de gratitude et de satisfaction g\u00e9n\u00e9rale. Cette journ\u00e9e, marqu\u00e9e par de riches dimensions humaines, spirituelles et artistiques, restera profond\u00e9ment grav\u00e9e dans les m\u00e9moires.<\/p>\n<p>R\u00e9alis\u00e9e pour la premi\u00e8re fois \u00e0 l\u2019Institution Saint Joseph \u00c9ducateur, cette activit\u00e9 inaugure une nouvelle dynamique \u00e9ducative et pastorale, ouvrant la voie \u00e0 d\u2019autres initiatives cr\u00e9atives au service de la formation int\u00e9grale des jeunes.<\/p>\n<p><img data-recalc-dims=\"1\" loading=\"lazy\" decoding=\"async\" class=\"alignleft wp-image-14253 size-medium\" src=\"https:\/\/i0.wp.com\/fmahaiti.org\/site\/wp-content\/uploads\/2026\/01\/1769053795852blob.png?resize=300%2C169&#038;ssl=1\" alt=\"\" width=\"300\" height=\"169\" srcset=\"https:\/\/i0.wp.com\/fmahaiti.org\/site\/wp-content\/uploads\/2026\/01\/1769053795852blob.png?resize=300%2C169&amp;ssl=1 300w, https:\/\/i0.wp.com\/fmahaiti.org\/site\/wp-content\/uploads\/2026\/01\/1769053795852blob.png?resize=1024%2C576&amp;ssl=1 1024w, https:\/\/i0.wp.com\/fmahaiti.org\/site\/wp-content\/uploads\/2026\/01\/1769053795852blob.png?resize=768%2C432&amp;ssl=1 768w, https:\/\/i0.wp.com\/fmahaiti.org\/site\/wp-content\/uploads\/2026\/01\/1769053795852blob.png?resize=1536%2C864&amp;ssl=1 1536w, https:\/\/i0.wp.com\/fmahaiti.org\/site\/wp-content\/uploads\/2026\/01\/1769053795852blob.png?w=1920&amp;ssl=1 1920w, https:\/\/i0.wp.com\/fmahaiti.org\/site\/wp-content\/uploads\/2026\/01\/1769053795852blob.png?w=1686&amp;ssl=1 1686w\" sizes=\"auto, (max-width: 300px) 100vw, 300px\" \/><\/p>\n<p>Nous rendons gr\u00e2ce au Seigneur pour sa b\u00e9n\u00e9diction abondante et remercions la Vierge Marie Immacul\u00e9e pour son intercession maternelle, gr\u00e2ce \u00e0 laquelle tout s\u2019est d\u00e9roul\u00e9 dans la paix, l\u2019harmonie et le succ\u00e8s.<\/p>\n<p>CHERY Rose Andr\u00e9e pour la communaut\u00e9 de l\u2019Anse \u00e0 Veau<\/p>\n","protected":false},"excerpt":{"rendered":"<p>Le samedi 17 janvier 2026 restera une date m\u00e9morable dans l\u2019histoire de l\u2019Institution Saint Joseph \u00c9ducateur. En effet, une activit\u00e9 de tournage artistique et pastoral&hellip;<\/p>\n","protected":false},"author":4,"featured_media":14251,"comment_status":"open","ping_status":"open","sticky":false,"template":"","format":"standard","meta":{"_jetpack_memberships_contains_paid_content":false,"footnotes":"","jetpack_publicize_message":"","jetpack_publicize_feature_enabled":true,"jetpack_social_post_already_shared":true,"jetpack_social_options":{"image_generator_settings":{"template":"highway","default_image_id":0,"font":"","enabled":false},"version":2}},"categories":[13,9],"tags":[],"class_list":["post-14249","post","type-post","status-publish","format-standard","has-post-thumbnail","hentry","category-activites","category-jeunes"],"jetpack_publicize_connections":[],"jetpack_featured_media_url":"https:\/\/i0.wp.com\/fmahaiti.org\/site\/wp-content\/uploads\/2026\/01\/1769053779316blob.png?fit=1920%2C1080&ssl=1","jetpack_sharing_enabled":true,"jetpack_shortlink":"https:\/\/wp.me\/pcR5kd-3HP","jetpack-related-posts":[{"id":2525,"url":"https:\/\/fmahaiti.org\/site\/2021\/11\/21\/journee-mondiale-des-jeunes-a-linstitution-saint-joseph-educateur-de-anse-a-veau\/","url_meta":{"origin":14249,"position":0},"title":"Journ\u00e9e mondiale des jeunes \u00e0 l&rsquo;institution saint Joseph \u00c9ducateur de Anse-\u00e0-Veau","author":"Sr Martha Seide","date":"21 novembre 2021","format":false,"excerpt":"A l'occasion de la journ\u00e9e mondiale de la jeunesse qui se tiendra \u00e0 Lisbonne au Portugal en 2023, le Pape Fran\u00e7ois continue l'accompagnement des jeunes en les invitant \u00e0 se lever en suivant l'exemple de Paul de Tarse. D'o\u00f9 le th\u00e8me de la journ\u00e9e: \u00ab\u00a0L\u00e8ve-toi : car je t\u2019\u00e9tablis t\u00e9moin\u2026","rel":"","context":"Dans &quot;Espace Jeunes&quot;","block_context":{"text":"Espace Jeunes","link":"https:\/\/fmahaiti.org\/site\/category\/jeunes\/"},"img":{"alt_text":"","src":"https:\/\/i0.wp.com\/fmahaiti.org\/site\/wp-content\/uploads\/2021\/11\/1jmj21.jpeg?fit=1008%2C756&ssl=1&resize=350%2C200","width":350,"height":200,"srcset":"https:\/\/i0.wp.com\/fmahaiti.org\/site\/wp-content\/uploads\/2021\/11\/1jmj21.jpeg?fit=1008%2C756&ssl=1&resize=350%2C200 1x, https:\/\/i0.wp.com\/fmahaiti.org\/site\/wp-content\/uploads\/2021\/11\/1jmj21.jpeg?fit=1008%2C756&ssl=1&resize=525%2C300 1.5x, https:\/\/i0.wp.com\/fmahaiti.org\/site\/wp-content\/uploads\/2021\/11\/1jmj21.jpeg?fit=1008%2C756&ssl=1&resize=700%2C400 2x"},"classes":[]},{"id":13526,"url":"https:\/\/fmahaiti.org\/site\/2025\/11\/19\/vertiere-flamme-de-liberte\/","url_meta":{"origin":14249,"position":1},"title":"Verti\u00e8re flamme de libert\u00e9!","author":"Sr Monette Octave","date":"19 novembre 2025","format":false,"excerpt":"En ce lundi 17 novembre 2025, l\u2019Institution Saint Joseph \u00c9ducateur a fait m\u00e9moire de l\u2019anniversaire de la Bataille de Verti\u00e8re, \u00e0 travers une activit\u00e9 symbolique et \u00e9ducative qui a anticip\u00e9 la date historique du 18 novembre. La c\u00e9r\u00e9monie a d\u00e9but\u00e9 avec le mot du jour pr\u00e9sent\u00e9 par Monsieur SEVERE Ronald,\u2026","rel":"","context":"Dans &quot;Activit\u00e9s&quot;","block_context":{"text":"Activit\u00e9s","link":"https:\/\/fmahaiti.org\/site\/category\/activites\/"},"img":{"alt_text":"","src":"https:\/\/i0.wp.com\/fmahaiti.org\/site\/wp-content\/uploads\/2025\/11\/7.png?fit=1050%2C600&ssl=1&resize=350%2C200","width":350,"height":200,"srcset":"https:\/\/i0.wp.com\/fmahaiti.org\/site\/wp-content\/uploads\/2025\/11\/7.png?fit=1050%2C600&ssl=1&resize=350%2C200 1x, https:\/\/i0.wp.com\/fmahaiti.org\/site\/wp-content\/uploads\/2025\/11\/7.png?fit=1050%2C600&ssl=1&resize=525%2C300 1.5x, https:\/\/i0.wp.com\/fmahaiti.org\/site\/wp-content\/uploads\/2025\/11\/7.png?fit=1050%2C600&ssl=1&resize=700%2C400 2x, https:\/\/i0.wp.com\/fmahaiti.org\/site\/wp-content\/uploads\/2025\/11\/7.png?fit=1050%2C600&ssl=1&resize=1050%2C600 3x"},"classes":[]},{"id":12208,"url":"https:\/\/fmahaiti.org\/site\/2025\/06\/05\/linstitution-marie-auxiliatrice-celebre-avec-ferveur-sainte-marie-dominique-mazzarello\/","url_meta":{"origin":14249,"position":2},"title":"L\u2019institution Marie Auxiliatrice C\u00e9l\u00e8bre avec Ferveur Sainte Marie Dominique Mazzarello","author":"Marie Auxiliatrice Cap-Haitien","date":"5 juin 2025","format":false,"excerpt":"\u00a0 \u00a0 Le mardi 13 Mai 2025 restera grav\u00e9 dans les m\u00e9moires des \u00e9l\u00e8ves du cours secondaire de l\u2019Institution Marie Auxiliatrice du Cap-Ha\u00eftien. En ce jour empreint de solennit\u00e9, la communaut\u00e9 \u00e9ducative s'est rassembl\u00e9e pour c\u00e9l\u00e9brer avec une joie et une d\u00e9votion palpables Sainte Marie Dominique Mazzarello, figure inspirante et\u2026","rel":"","context":"Dans &quot;Eglise&quot;","block_context":{"text":"Eglise","link":"https:\/\/fmahaiti.org\/site\/category\/eglise\/"},"img":{"alt_text":"","src":"https:\/\/i0.wp.com\/fmahaiti.org\/site\/wp-content\/uploads\/2025\/05\/IMG_20250513_094847674_HDR-scaled.jpg?fit=1027%2C1200&ssl=1&resize=350%2C200","width":350,"height":200,"srcset":"https:\/\/i0.wp.com\/fmahaiti.org\/site\/wp-content\/uploads\/2025\/05\/IMG_20250513_094847674_HDR-scaled.jpg?fit=1027%2C1200&ssl=1&resize=350%2C200 1x, https:\/\/i0.wp.com\/fmahaiti.org\/site\/wp-content\/uploads\/2025\/05\/IMG_20250513_094847674_HDR-scaled.jpg?fit=1027%2C1200&ssl=1&resize=525%2C300 1.5x, https:\/\/i0.wp.com\/fmahaiti.org\/site\/wp-content\/uploads\/2025\/05\/IMG_20250513_094847674_HDR-scaled.jpg?fit=1027%2C1200&ssl=1&resize=700%2C400 2x"},"classes":[]},{"id":9633,"url":"https:\/\/fmahaiti.org\/site\/2024\/10\/03\/la-rentree-scolaire-un-nouveau-depart\/","url_meta":{"origin":14249,"position":3},"title":"La rentr\u00e9e scolaire : Un nouveau d\u00e9part!","author":"Joseph Educateur Anse-a-Veaux","date":"3 octobre 2024","format":false,"excerpt":"La rentr\u00e9e scolaire est un \u00e9l\u00e9ment cl\u00e9 de l\u00b4ann\u00e9e, tant pour les S\u0153urs, les El\u00e8ves, que pour les Enseignants. Elle marque un nouveau d\u00e9part, plein de promesses et de d\u00e9fis. Ce matin, 1er octobre 2024 nous ouvrons pour une nouvelle ann\u00e9e acad\u00e9mique les portes de notre Institution St Joseph Educateur\u2026","rel":"","context":"Dans &quot;\u00c9ducation&quot;","block_context":{"text":"\u00c9ducation","link":"https:\/\/fmahaiti.org\/site\/category\/education\/"},"img":{"alt_text":"","src":"https:\/\/i0.wp.com\/fmahaiti.org\/site\/wp-content\/uploads\/2024\/10\/IMG-20241001-WA0024.jpg?fit=782%2C407&ssl=1&resize=350%2C200","width":350,"height":200,"srcset":"https:\/\/i0.wp.com\/fmahaiti.org\/site\/wp-content\/uploads\/2024\/10\/IMG-20241001-WA0024.jpg?fit=782%2C407&ssl=1&resize=350%2C200 1x, https:\/\/i0.wp.com\/fmahaiti.org\/site\/wp-content\/uploads\/2024\/10\/IMG-20241001-WA0024.jpg?fit=782%2C407&ssl=1&resize=525%2C300 1.5x, https:\/\/i0.wp.com\/fmahaiti.org\/site\/wp-content\/uploads\/2024\/10\/IMG-20241001-WA0024.jpg?fit=782%2C407&ssl=1&resize=700%2C400 2x"},"classes":[]},{"id":14371,"url":"https:\/\/fmahaiti.org\/site\/2026\/02\/01\/la-fete-de-la-bienheureuse-laura-vicuna-a-linstitution-saint-joseph-educateur\/","url_meta":{"origin":14249,"position":4},"title":"La f\u00eate de la Bienheureuse Laura Vicu\u00f1a \u00e0 l\u2019Institution Saint Joseph \u00c9ducateur","author":"Sr Monette Octave","date":"1 f\u00e9vrier 2026","format":false,"excerpt":"Une journ\u00e9e de foi, de gratitude et d\u2019engagement au f\u00e9minin Le jeudi 22 janvier 2026, l\u2019Institution Saint Joseph \u00c9ducateur a c\u00e9l\u00e9br\u00e9 avec ferveur et cr\u00e9ativit\u00e9 la f\u00eate de la Bienheureuse Laura Vicu\u00f1a, mod\u00e8le lumineux de puret\u00e9, de courage et de fid\u00e9lit\u00e9 \u00e0 Dieu. Cette journ\u00e9e, sp\u00e9cialement d\u00e9di\u00e9e aux filles de\u2026","rel":"","context":"Article similaire","block_context":{"text":"Article similaire","link":""},"img":{"alt_text":"","src":"https:\/\/i0.wp.com\/fmahaiti.org\/site\/wp-content\/uploads\/2026\/02\/1769290062907blob.png?fit=1200%2C675&ssl=1&resize=350%2C200","width":350,"height":200,"srcset":"https:\/\/i0.wp.com\/fmahaiti.org\/site\/wp-content\/uploads\/2026\/02\/1769290062907blob.png?fit=1200%2C675&ssl=1&resize=350%2C200 1x, https:\/\/i0.wp.com\/fmahaiti.org\/site\/wp-content\/uploads\/2026\/02\/1769290062907blob.png?fit=1200%2C675&ssl=1&resize=525%2C300 1.5x, https:\/\/i0.wp.com\/fmahaiti.org\/site\/wp-content\/uploads\/2026\/02\/1769290062907blob.png?fit=1200%2C675&ssl=1&resize=700%2C400 2x, https:\/\/i0.wp.com\/fmahaiti.org\/site\/wp-content\/uploads\/2026\/02\/1769290062907blob.png?fit=1200%2C675&ssl=1&resize=1050%2C600 3x"},"classes":[]},{"id":8356,"url":"https:\/\/fmahaiti.org\/site\/2024\/05\/04\/fete-de-saint-joseph-travailleur-a-saint-martin\/","url_meta":{"origin":14249,"position":5},"title":"F\u00eate de Saint Joseph travailleur \u00e0 Saint-Martin","author":"Marie Dominique Saint Martin","date":"4 mai 2024","format":false,"excerpt":"La communaut\u00e9 de Quartier D\u2019Orl\u00e9ans a c\u00e9l\u00e9br\u00e9 avec ferveur leur Saint Patron, Saint Joseph travailleur le 1er Mai 2024. Les fid\u00e8les des deux autres communaut\u00e9s : Marigot et Grand-Case sont venus en foule pour rendre gr\u00e2ce au Seigneur pour le don Saint Joseph comme mod\u00e8le de tous les travailleurs. La\u2026","rel":"","context":"Dans &quot;Eglise&quot;","block_context":{"text":"Eglise","link":"https:\/\/fmahaiti.org\/site\/category\/eglise\/"},"img":{"alt_text":"","src":"https:\/\/i0.wp.com\/fmahaiti.org\/site\/wp-content\/uploads\/2024\/05\/ffc4251e-fd1d-42b4-b3df-43b3d86430de.jpg?fit=464%2C802&ssl=1&resize=350%2C200","width":350,"height":200},"classes":[]}],"_links":{"self":[{"href":"https:\/\/fmahaiti.org\/site\/wp-json\/wp\/v2\/posts\/14249","targetHints":{"allow":["GET"]}}],"collection":[{"href":"https:\/\/fmahaiti.org\/site\/wp-json\/wp\/v2\/posts"}],"about":[{"href":"https:\/\/fmahaiti.org\/site\/wp-json\/wp\/v2\/types\/post"}],"author":[{"embeddable":true,"href":"https:\/\/fmahaiti.org\/site\/wp-json\/wp\/v2\/users\/4"}],"replies":[{"embeddable":true,"href":"https:\/\/fmahaiti.org\/site\/wp-json\/wp\/v2\/comments?post=14249"}],"version-history":[{"count":1,"href":"https:\/\/fmahaiti.org\/site\/wp-json\/wp\/v2\/posts\/14249\/revisions"}],"predecessor-version":[{"id":14255,"href":"https:\/\/fmahaiti.org\/site\/wp-json\/wp\/v2\/posts\/14249\/revisions\/14255"}],"wp:featuredmedia":[{"embeddable":true,"href":"https:\/\/fmahaiti.org\/site\/wp-json\/wp\/v2\/media\/14251"}],"wp:attachment":[{"href":"https:\/\/fmahaiti.org\/site\/wp-json\/wp\/v2\/media?parent=14249"}],"wp:term":[{"taxonomy":"category","embeddable":true,"href":"https:\/\/fmahaiti.org\/site\/wp-json\/wp\/v2\/categories?post=14249"},{"taxonomy":"post_tag","embeddable":true,"href":"https:\/\/fmahaiti.org\/site\/wp-json\/wp\/v2\/tags?post=14249"}],"curies":[{"name":"wp","href":"https:\/\/api.w.org\/{rel}","templated":true}]}}