{"id":14245,"date":"2026-01-23T11:51:34","date_gmt":"2026-01-23T16:51:34","guid":{"rendered":"https:\/\/fmahaiti.org\/site\/?p=14245"},"modified":"2026-01-23T11:51:34","modified_gmt":"2026-01-23T16:51:34","slug":"une-journee-speciale-a-lhonneur-de-laura-vicuna","status":"publish","type":"post","link":"https:\/\/fmahaiti.org\/site\/2026\/01\/23\/une-journee-speciale-a-lhonneur-de-laura-vicuna\/","title":{"rendered":"Une journ\u00e9e sp\u00e9ciale \u00e0 l\u2019honneur de Laura Vicu\u00f1a"},"content":{"rendered":"<p><img data-recalc-dims=\"1\" loading=\"lazy\" decoding=\"async\" class=\"aligncenter wp-image-14257 size-full\" src=\"https:\/\/i0.wp.com\/fmahaiti.org\/site\/wp-content\/uploads\/2026\/01\/thumbnail.jpeg?resize=843%2C394&#038;ssl=1\" alt=\"\" width=\"843\" height=\"394\" srcset=\"https:\/\/i0.wp.com\/fmahaiti.org\/site\/wp-content\/uploads\/2026\/01\/thumbnail.jpeg?w=1054&amp;ssl=1 1054w, https:\/\/i0.wp.com\/fmahaiti.org\/site\/wp-content\/uploads\/2026\/01\/thumbnail.jpeg?resize=300%2C140&amp;ssl=1 300w, https:\/\/i0.wp.com\/fmahaiti.org\/site\/wp-content\/uploads\/2026\/01\/thumbnail.jpeg?resize=1024%2C478&amp;ssl=1 1024w, https:\/\/i0.wp.com\/fmahaiti.org\/site\/wp-content\/uploads\/2026\/01\/thumbnail.jpeg?resize=768%2C358&amp;ssl=1 768w\" sizes=\"auto, (max-width: 843px) 100vw, 843px\" \/><\/p>\n<p>En ce jour m\u00e9morable, la Communaut\u00e9 Educative s&rsquo;est drap\u00e9e d&rsquo;une atmosph\u00e8re d\u2019all\u00e9gresse et de ferveur pour c\u00e9l\u00e9brer la f\u00eate de la Bienheureuse Laura Vicu\u00f1a. Cette figure embl\u00e9matique, ic\u00f4ne de puret\u00e9, de courage et de fid\u00e9lit\u00e9 ind\u00e9fectible \u00e0 Dieu, a \u00e9t\u00e9 mise \u00e0 l\u2019honneur \u00e0 travers une s\u00e9rie d\u2019hommages refl\u00e9tant l\u2019excellence du projet \u00e9ducatif sal\u00e9sien.<\/p>\n<p><img data-recalc-dims=\"1\" loading=\"lazy\" decoding=\"async\" class=\"alignleft wp-image-14259 size-medium\" src=\"https:\/\/i0.wp.com\/fmahaiti.org\/site\/wp-content\/uploads\/2026\/01\/thumbnail-2.jpeg?resize=199%2C300&#038;ssl=1\" alt=\"\" width=\"199\" height=\"300\" srcset=\"https:\/\/i0.wp.com\/fmahaiti.org\/site\/wp-content\/uploads\/2026\/01\/thumbnail-2.jpeg?resize=199%2C300&amp;ssl=1 199w, https:\/\/i0.wp.com\/fmahaiti.org\/site\/wp-content\/uploads\/2026\/01\/thumbnail-2.jpeg?w=292&amp;ssl=1 292w\" sizes=\"auto, (max-width: 199px) 100vw, 199px\" \/>La journ\u00e9e s\u2019est ouverte sur le traditionnel \u00ab mot du jour \u00bb, d\u00e9livr\u00e9 avec une \u00e9loquence marqu\u00e9e de simplicit\u00e9 par S\u0153ur Marjorie BOURSIQUOT ,la directrice de l&rsquo;IMM. En soulignant la pertinence intemporelle du t\u00e9moignage de Laura Vicu\u00f1a, elle a invit\u00e9 les jeunes \u00e0 puiser dans cette vie exemplaire une boussole pour leur propre parcours contemporain.<\/p>\n<p><img data-recalc-dims=\"1\" loading=\"lazy\" decoding=\"async\" class=\"alignright wp-image-14258 size-medium\" src=\"https:\/\/i0.wp.com\/fmahaiti.org\/site\/wp-content\/uploads\/2026\/01\/thumbnail-4.jpeg?resize=300%2C141&#038;ssl=1\" alt=\"\" width=\"300\" height=\"141\" srcset=\"https:\/\/i0.wp.com\/fmahaiti.org\/site\/wp-content\/uploads\/2026\/01\/thumbnail-4.jpeg?resize=300%2C141&amp;ssl=1 300w, https:\/\/i0.wp.com\/fmahaiti.org\/site\/wp-content\/uploads\/2026\/01\/thumbnail-4.jpeg?resize=768%2C361&amp;ssl=1 768w, https:\/\/i0.wp.com\/fmahaiti.org\/site\/wp-content\/uploads\/2026\/01\/thumbnail-4.jpeg?w=923&amp;ssl=1 923w\" sizes=\"auto, (max-width: 300px) 100vw, 300px\" \/>\u200bL&rsquo;immersion dans l&rsquo;histoire de la Bienheureuse s&rsquo;est poursuivie avec l\u2019intervention de Madame Anne-Marie JEAN-PHILIPPE, enseignante de la 2\u00e8me ann\u00e9e A. Par une pr\u00e9sentation didactique et habit\u00e9e, elle a retrac\u00e9 le destin singulier de cette jeune fille qui \u00e9rigea l\u2019amour, la foi et le don de soi en principes de vie absolus, jusqu\u2019au sacrifice ultime. \u200bAu c\u0153ur de cette c\u00e9l\u00e9bration figurait la reconnaissance du m\u00e9rite. Les crit\u00e8res de s\u00e9lection des \u00ab Laura \u00bb de chaque classe ont \u00e9t\u00e9 rigoureusement rappel\u00e9s, mettant en exergue des vertus cardinales telles que la responsabilit\u00e9, l&rsquo;esprit de service, le respect et l\u2019exemplarit\u00e9.<\/p>\n<div dir=\"auto\">\u200bLe moment le plus solennel fut sans conteste le couronnement des laur\u00e9ates, du pr\u00e9scolaire \u00e0 la 6\u00e8me ann\u00e9e. Cette distinction a suscit\u00e9 une vive \u00e9motion, renfor\u00e7ant chez les \u00e9l\u00e8ves une saine \u00e9mulation. \u00c0 l\u2019issue d\u2019un concours de connaissances pointu sur la vie de la Bienheureuse, le titre prestigieux de \u00ab Laura des Laura \u00bb a \u00e9t\u00e9 d\u00e9cern\u00e9 \u00e0 Fran\u00e7ois Mirdaphca (4\u00e8me ann\u00e9e B), \u00e9l\u00e8ve de la classe de Madame Marie Carmelle DOMOND, dont la ma\u00eetrise du sujet et l\u2019attitude irr\u00e9prochable ont fait l&rsquo;unanimit\u00e9.<\/div>\n<div dir=\"auto\">\u200bLa reconnaissance s&rsquo;est \u00e9tendue au corps professoral avec la nomination de Madame Lucim\u00e8ne CANDIO (6\u00e8me ann\u00e9e B) comme \u00ab Laura des professeurs \u00bb, honorant ainsi ses hautes qualit\u00e9s morales et p\u00e9dagogiques.<img data-recalc-dims=\"1\" loading=\"lazy\" decoding=\"async\" class=\"alignright wp-image-14260 size-large\" src=\"https:\/\/i0.wp.com\/fmahaiti.org\/site\/wp-content\/uploads\/2026\/01\/thumbnail-1.jpeg?resize=843%2C183&#038;ssl=1\" alt=\"\" width=\"843\" height=\"183\" srcset=\"https:\/\/i0.wp.com\/fmahaiti.org\/site\/wp-content\/uploads\/2026\/01\/thumbnail-1.jpeg?resize=1024%2C222&amp;ssl=1 1024w, https:\/\/i0.wp.com\/fmahaiti.org\/site\/wp-content\/uploads\/2026\/01\/thumbnail-1.jpeg?resize=300%2C65&amp;ssl=1 300w, https:\/\/i0.wp.com\/fmahaiti.org\/site\/wp-content\/uploads\/2026\/01\/thumbnail-1.jpeg?resize=768%2C166&amp;ssl=1 768w, https:\/\/i0.wp.com\/fmahaiti.org\/site\/wp-content\/uploads\/2026\/01\/thumbnail-1.jpeg?w=1081&amp;ssl=1 1081w\" sizes=\"auto, (max-width: 843px) 100vw, 843px\" \/><\/div>\n<div dir=\"auto\">\u200b<\/div>\n<div dir=\"auto\">\u200bLa dimension festive du cycle primaire a \u00e9t\u00e9 magnifi\u00e9e par une prestation chor\u00e9graphique dynamique, ex\u00e9cut\u00e9e par les gar\u00e7ons de la 3\u00e8me ann\u00e9e, apportant une note de liesse \u00e0 l\u2019assembl\u00e9e.<img data-recalc-dims=\"1\" loading=\"lazy\" decoding=\"async\" class=\"alignright wp-image-14262 size-medium\" src=\"https:\/\/i0.wp.com\/fmahaiti.org\/site\/wp-content\/uploads\/2026\/01\/thumbnail-3.jpeg?resize=154%2C300&#038;ssl=1\" alt=\"\" width=\"154\" height=\"300\" srcset=\"https:\/\/i0.wp.com\/fmahaiti.org\/site\/wp-content\/uploads\/2026\/01\/thumbnail-3.jpeg?resize=154%2C300&amp;ssl=1 154w, https:\/\/i0.wp.com\/fmahaiti.org\/site\/wp-content\/uploads\/2026\/01\/thumbnail-3.jpeg?w=499&amp;ssl=1 499w\" sizes=\"auto, (max-width: 154px) 100vw, 154px\" \/><\/div>\n<div dir=\"auto\">\u200bDans un registre tout aussi noble, les \u00e9l\u00e8ves du secondaire (S1 \u00e0 S4) ont tenu \u00e0 marquer l&rsquo;\u00e9v\u00e9nement par un plaidoyer vibrant sur la dignit\u00e9 de la femme. Le titre prestigieux de \u00ab Laura des Laura \u00bb a \u00e9t\u00e9 d\u00e9cern\u00e9 \u00e0 Marie- Francesca JEUNE ,\u00e9l\u00e8ve du nouveau secondaire II. Les jeunes gens ont exprim\u00e9 leur profonde estime pour leurs condisciples f\u00e9minines, rappelant la place primordiale qu\u2019elles occupent au sein de la soci\u00e9t\u00e9.<img data-recalc-dims=\"1\" loading=\"lazy\" decoding=\"async\" class=\"alignleft wp-image-14261 size-medium\" src=\"https:\/\/i0.wp.com\/fmahaiti.org\/site\/wp-content\/uploads\/2026\/01\/thumbnail-5.jpeg?resize=300%2C135&#038;ssl=1\" alt=\"\" width=\"300\" height=\"135\" srcset=\"https:\/\/i0.wp.com\/fmahaiti.org\/site\/wp-content\/uploads\/2026\/01\/thumbnail-5.jpeg?resize=300%2C135&amp;ssl=1 300w, https:\/\/i0.wp.com\/fmahaiti.org\/site\/wp-content\/uploads\/2026\/01\/thumbnail-5.jpeg?resize=1024%2C461&amp;ssl=1 1024w, https:\/\/i0.wp.com\/fmahaiti.org\/site\/wp-content\/uploads\/2026\/01\/thumbnail-5.jpeg?resize=768%2C346&amp;ssl=1 768w, https:\/\/i0.wp.com\/fmahaiti.org\/site\/wp-content\/uploads\/2026\/01\/thumbnail-5.jpeg?w=1080&amp;ssl=1 1080w\" sizes=\"auto, (max-width: 300px) 100vw, 300px\" \/><\/div>\n<div dir=\"auto\">\u200b<\/div>\n<div dir=\"auto\">\u200bEn guise de cl\u00f4ture, S\u0153ur Marjorie d&rsquo;un c\u00f4t\u00e9 a exprim\u00e9 sa gratitude envers l&rsquo;ensemble des acteurs de cette journ\u00e9e\u00a0 ,et de l&rsquo;autre c\u00f4t\u00e9\u00a0au secondaire,Soeur Rose-Monique JOLICOEUR. Elles ont exhort\u00e9 chaque membre de la communaut\u00e9 \u00e0 faire de l\u2019esprit de Laura Vicu\u00f1a un guide quotidien, transformant cet \u00e9v\u00e8nement\u00a0 en un v\u00e9ritable acte de formation humaine et chr\u00e9tienne. Cette journ\u00e9e demeurera, pour l&rsquo;institution, le symbole d&rsquo;une \u00e9ducation qui allie la transmission du savoir \u00e0 la culture de l&rsquo;\u00e2me, fid\u00e8le \u00e0 l&rsquo;h\u00e9ritage de Don Bosco.<\/div>\n<div dir=\"auto\"><\/div>\n<div dir=\"auto\" style=\"text-align: center;\"><em>Sr Sophie AUGUSTE ,antenne de communication pour la communaut\u00e9 Madeleine Morano.<\/em><\/div>\n<div class=\"yj6qo\"><\/div>\n<div class=\"adL\" dir=\"auto\"><\/div>\n","protected":false},"excerpt":{"rendered":"<p>En ce jour m\u00e9morable, la Communaut\u00e9 Educative s&rsquo;est drap\u00e9e d&rsquo;une atmosph\u00e8re d\u2019all\u00e9gresse et de ferveur pour c\u00e9l\u00e9brer la f\u00eate de la Bienheureuse Laura Vicu\u00f1a. Cette&hellip;<\/p>\n","protected":false},"author":11,"featured_media":14257,"comment_status":"open","ping_status":"open","sticky":false,"template":"","format":"standard","meta":{"_jetpack_memberships_contains_paid_content":false,"footnotes":"","jetpack_publicize_message":"","jetpack_publicize_feature_enabled":true,"jetpack_social_post_already_shared":true,"jetpack_social_options":{"image_generator_settings":{"template":"highway","default_image_id":0,"font":"","enabled":false},"version":2}},"categories":[7,15],"tags":[],"class_list":["post-14245","post","type-post","status-publish","format-standard","has-post-thumbnail","hentry","category-education","category-salesianite"],"jetpack_publicize_connections":[],"jetpack_featured_media_url":"https:\/\/i0.wp.com\/fmahaiti.org\/site\/wp-content\/uploads\/2026\/01\/thumbnail.jpeg?fit=1054%2C492&ssl=1","jetpack_sharing_enabled":true,"jetpack_shortlink":"https:\/\/wp.me\/pcR5kd-3HL","jetpack-related-posts":[{"id":14328,"url":"https:\/\/fmahaiti.org\/site\/2026\/01\/28\/celebration-de-la-fete-de-la-bienheureuse-laura-vicuna-et-la-journee-bleue-au-jardin-jean-paul-ii\/","url_meta":{"origin":14245,"position":0},"title":"C\u00e9l\u00e9bration de la f\u00eate de la Bienheureuse Laura Vicu\u00f1a et la Journ\u00e9e Bleue au jardin Jean Paul II","author":"Sr Monette Octave","date":"28 janvier 2026","format":false,"excerpt":"Le jeudi 22 janvier nous rappelle la f\u00eate de la Bienheureuse Laura Vicu\u00f1a, jeune adolescente de la famille Sal\u00e9sienne, mod\u00e8le de foi, de puret\u00e9 et de courage pour tous les enfants et les jeunes du monde Sal\u00e9sien. En ce jour de f\u00eate, nous avons voulu rendre hommage \u00e0 sa vie\u2026","rel":"","context":"Dans &quot;Activit\u00e9s&quot;","block_context":{"text":"Activit\u00e9s","link":"https:\/\/fmahaiti.org\/site\/category\/activites\/"},"img":{"alt_text":"","src":"https:\/\/i0.wp.com\/fmahaiti.org\/site\/wp-content\/uploads\/2026\/01\/1000394855.jpg?fit=780%2C1040&ssl=1&resize=350%2C200","width":350,"height":200,"srcset":"https:\/\/i0.wp.com\/fmahaiti.org\/site\/wp-content\/uploads\/2026\/01\/1000394855.jpg?fit=780%2C1040&ssl=1&resize=350%2C200 1x, https:\/\/i0.wp.com\/fmahaiti.org\/site\/wp-content\/uploads\/2026\/01\/1000394855.jpg?fit=780%2C1040&ssl=1&resize=525%2C300 1.5x, https:\/\/i0.wp.com\/fmahaiti.org\/site\/wp-content\/uploads\/2026\/01\/1000394855.jpg?fit=780%2C1040&ssl=1&resize=700%2C400 2x"},"classes":[]},{"id":11255,"url":"https:\/\/fmahaiti.org\/site\/2025\/01\/22\/laura-vicuna-une-vie-damour-inconditionnel\/","url_meta":{"origin":14245,"position":1},"title":"Laura Vicu\u00f1a : une vie d\u2019amour inconditionnel","author":"Joseph Educateur Anse-a-Veaux","date":"22 janvier 2025","format":false,"excerpt":"La f\u00eate de Laura Vicu\u00f1a est un \u00e9v\u00e9nement marquant qui c\u00e9l\u00e8bre la vie et l\u2019h\u00e9ritage de cette jeune adolescente sainte, exemple de foi, de courage et de d\u00e9vouement. Cette journ\u00e9e est remplie de moments forts, marqu\u00e9s par des gestes symboliques et des activit\u00e9s qui rappellent l\u2019importance de sa vie. Ce\u2026","rel":"","context":"Dans &quot;Famille Sal\u00e9sienne&quot;","block_context":{"text":"Famille Sal\u00e9sienne","link":"https:\/\/fmahaiti.org\/site\/category\/famille-salesienne\/"},"img":{"alt_text":"","src":"https:\/\/i0.wp.com\/fmahaiti.org\/site\/wp-content\/uploads\/2025\/01\/IMG-20250124-WA0035.jpg?fit=870%2C486&ssl=1&resize=350%2C200","width":350,"height":200,"srcset":"https:\/\/i0.wp.com\/fmahaiti.org\/site\/wp-content\/uploads\/2025\/01\/IMG-20250124-WA0035.jpg?fit=870%2C486&ssl=1&resize=350%2C200 1x, https:\/\/i0.wp.com\/fmahaiti.org\/site\/wp-content\/uploads\/2025\/01\/IMG-20250124-WA0035.jpg?fit=870%2C486&ssl=1&resize=525%2C300 1.5x, https:\/\/i0.wp.com\/fmahaiti.org\/site\/wp-content\/uploads\/2025\/01\/IMG-20250124-WA0035.jpg?fit=870%2C486&ssl=1&resize=700%2C400 2x"},"classes":[]},{"id":14334,"url":"https:\/\/fmahaiti.org\/site\/2026\/02\/01\/laura-vicuna-modele-de-foi-et-de-perseverance\/","url_meta":{"origin":14245,"position":2},"title":"Laura Vicu\u00f1a, mod\u00e8le de foi et de pers\u00e9v\u00e9rance!","author":"Noviciat FMA Thorland","date":"1 f\u00e9vrier 2026","format":false,"excerpt":"En ce jour m\u00e9morable pour la famille sal\u00e9sienne, les \u00e9l\u00e8ves de l\u2019Institution Jean Cagliero ont voulu marquer cette journ\u00e9e en la rendant sp\u00e9ciale pour toutes les filles de l\u2019\u00e9cole ainsi que leurs enseignantes. D\u00e8s l\u2019arriv\u00e9e des \u00e9l\u00e8ves, les gar\u00e7ons ont marqu\u00e9 cet accueil en offrant des fleurs \u00e0 leurs camarades\u2026","rel":"","context":"Dans &quot;\u00c9ducation&quot;","block_context":{"text":"\u00c9ducation","link":"https:\/\/fmahaiti.org\/site\/category\/education\/"},"img":{"alt_text":"","src":"https:\/\/i0.wp.com\/fmahaiti.org\/site\/wp-content\/uploads\/2026\/01\/WhatsApp-Image-2026-01-28-at-18.09.48-1.jpeg?fit=782%2C413&ssl=1&resize=350%2C200","width":350,"height":200,"srcset":"https:\/\/i0.wp.com\/fmahaiti.org\/site\/wp-content\/uploads\/2026\/01\/WhatsApp-Image-2026-01-28-at-18.09.48-1.jpeg?fit=782%2C413&ssl=1&resize=350%2C200 1x, https:\/\/i0.wp.com\/fmahaiti.org\/site\/wp-content\/uploads\/2026\/01\/WhatsApp-Image-2026-01-28-at-18.09.48-1.jpeg?fit=782%2C413&ssl=1&resize=525%2C300 1.5x, https:\/\/i0.wp.com\/fmahaiti.org\/site\/wp-content\/uploads\/2026\/01\/WhatsApp-Image-2026-01-28-at-18.09.48-1.jpeg?fit=782%2C413&ssl=1&resize=700%2C400 2x"},"classes":[]},{"id":14371,"url":"https:\/\/fmahaiti.org\/site\/2026\/02\/01\/la-fete-de-la-bienheureuse-laura-vicuna-a-linstitution-saint-joseph-educateur\/","url_meta":{"origin":14245,"position":3},"title":"La f\u00eate de la Bienheureuse Laura Vicu\u00f1a \u00e0 l\u2019Institution Saint Joseph \u00c9ducateur","author":"Sr Monette Octave","date":"1 f\u00e9vrier 2026","format":false,"excerpt":"Une journ\u00e9e de foi, de gratitude et d\u2019engagement au f\u00e9minin Le jeudi 22 janvier 2026, l\u2019Institution Saint Joseph \u00c9ducateur a c\u00e9l\u00e9br\u00e9 avec ferveur et cr\u00e9ativit\u00e9 la f\u00eate de la Bienheureuse Laura Vicu\u00f1a, mod\u00e8le lumineux de puret\u00e9, de courage et de fid\u00e9lit\u00e9 \u00e0 Dieu. Cette journ\u00e9e, sp\u00e9cialement d\u00e9di\u00e9e aux filles de\u2026","rel":"","context":"Article similaire","block_context":{"text":"Article similaire","link":""},"img":{"alt_text":"","src":"https:\/\/i0.wp.com\/fmahaiti.org\/site\/wp-content\/uploads\/2026\/02\/1769290062907blob.png?fit=1200%2C675&ssl=1&resize=350%2C200","width":350,"height":200,"srcset":"https:\/\/i0.wp.com\/fmahaiti.org\/site\/wp-content\/uploads\/2026\/02\/1769290062907blob.png?fit=1200%2C675&ssl=1&resize=350%2C200 1x, https:\/\/i0.wp.com\/fmahaiti.org\/site\/wp-content\/uploads\/2026\/02\/1769290062907blob.png?fit=1200%2C675&ssl=1&resize=525%2C300 1.5x, https:\/\/i0.wp.com\/fmahaiti.org\/site\/wp-content\/uploads\/2026\/02\/1769290062907blob.png?fit=1200%2C675&ssl=1&resize=700%2C400 2x, https:\/\/i0.wp.com\/fmahaiti.org\/site\/wp-content\/uploads\/2026\/02\/1769290062907blob.png?fit=1200%2C675&ssl=1&resize=1050%2C600 3x"},"classes":[]},{"id":4641,"url":"https:\/\/fmahaiti.org\/site\/2023\/01\/25\/laura-vicuna-patronne-de-l-aspirantat\/","url_meta":{"origin":14245,"position":4},"title":"Laura Vicuna, patronne de l&rsquo; Aspirantat","author":"Sr. Marie Pierrette Louijuste","date":"25 janvier 2023","format":false,"excerpt":"\u00c0 un jour de la f\u00eate de leur Patrone, la Bienheureuse Laura Vicu\u00f1a, les aspirantes et les postulantes la c\u00e9l\u00e8brent ce lundi 23 janvier avec les \u00e9l\u00e8ves au \"Mot du jour\". C'est toute une cat\u00e9ch\u00e8se qu'elles pr\u00e9sentent aux \u00e9l\u00e8ves et \u00e9tudiants de l'EPMA \u00e0 travers des chansons des chor\u00e9graphies et\u2026","rel":"","context":"Dans &quot;Saintet\u00e9&quot;","block_context":{"text":"Saintet\u00e9","link":"https:\/\/fmahaiti.org\/site\/category\/saintete\/"},"img":{"alt_text":"","src":"https:\/\/i0.wp.com\/fmahaiti.org\/site\/wp-content\/uploads\/2023\/01\/aspi1.jpg?fit=1156%2C650&ssl=1&resize=350%2C200","width":350,"height":200,"srcset":"https:\/\/i0.wp.com\/fmahaiti.org\/site\/wp-content\/uploads\/2023\/01\/aspi1.jpg?fit=1156%2C650&ssl=1&resize=350%2C200 1x, https:\/\/i0.wp.com\/fmahaiti.org\/site\/wp-content\/uploads\/2023\/01\/aspi1.jpg?fit=1156%2C650&ssl=1&resize=525%2C300 1.5x, https:\/\/i0.wp.com\/fmahaiti.org\/site\/wp-content\/uploads\/2023\/01\/aspi1.jpg?fit=1156%2C650&ssl=1&resize=700%2C400 2x, https:\/\/i0.wp.com\/fmahaiti.org\/site\/wp-content\/uploads\/2023\/01\/aspi1.jpg?fit=1156%2C650&ssl=1&resize=1050%2C600 3x"},"classes":[]},{"id":4592,"url":"https:\/\/fmahaiti.org\/site\/2023\/01\/23\/laura-salesienne-du-present-la-communaute-de-lanse-a-vecu-anticipe-le-fete-de-laura\/","url_meta":{"origin":14245,"position":5},"title":"Laura ! Salesienne du pr\u00e9sent ! La communaut\u00e9 de l&rsquo;Anse a v\u00e9cu anticip\u00e9 le f\u00eate de Laura","author":"Joseph Educateur Anse-a-Veaux","date":"23 janvier 2023","format":false,"excerpt":"Nous c\u00e9l\u00e9brons aujourd'hui, \u00a020 janvier, \u00a0de mani\u00e8re anticip\u00e9e, \u00a0la f\u00eate de la bienheureuse Laura Vicu\u00f1a, mod\u00e8le d'amour et de don pour les autres. Adolescente, \u00a0qui a vite compris le sens des valeurs, le prototype juv\u00e9nile dont cette nouvelle g\u00e9n\u00e9ration a besoin aujourd'hui au c\u0153ur de leur r\u00e9alit\u00e9 complexe. \u00a0En moins\u2026","rel":"","context":"Dans &quot;Saintet\u00e9&quot;","block_context":{"text":"Saintet\u00e9","link":"https:\/\/fmahaiti.org\/site\/category\/saintete\/"},"img":{"alt_text":"","src":"https:\/\/i0.wp.com\/fmahaiti.org\/site\/wp-content\/uploads\/2023\/01\/Laura-scaled.jpg?fit=1200%2C900&ssl=1&resize=350%2C200","width":350,"height":200,"srcset":"https:\/\/i0.wp.com\/fmahaiti.org\/site\/wp-content\/uploads\/2023\/01\/Laura-scaled.jpg?fit=1200%2C900&ssl=1&resize=350%2C200 1x, https:\/\/i0.wp.com\/fmahaiti.org\/site\/wp-content\/uploads\/2023\/01\/Laura-scaled.jpg?fit=1200%2C900&ssl=1&resize=525%2C300 1.5x, https:\/\/i0.wp.com\/fmahaiti.org\/site\/wp-content\/uploads\/2023\/01\/Laura-scaled.jpg?fit=1200%2C900&ssl=1&resize=700%2C400 2x, https:\/\/i0.wp.com\/fmahaiti.org\/site\/wp-content\/uploads\/2023\/01\/Laura-scaled.jpg?fit=1200%2C900&ssl=1&resize=1050%2C600 3x"},"classes":[]}],"_links":{"self":[{"href":"https:\/\/fmahaiti.org\/site\/wp-json\/wp\/v2\/posts\/14245","targetHints":{"allow":["GET"]}}],"collection":[{"href":"https:\/\/fmahaiti.org\/site\/wp-json\/wp\/v2\/posts"}],"about":[{"href":"https:\/\/fmahaiti.org\/site\/wp-json\/wp\/v2\/types\/post"}],"author":[{"embeddable":true,"href":"https:\/\/fmahaiti.org\/site\/wp-json\/wp\/v2\/users\/11"}],"replies":[{"embeddable":true,"href":"https:\/\/fmahaiti.org\/site\/wp-json\/wp\/v2\/comments?post=14245"}],"version-history":[{"count":4,"href":"https:\/\/fmahaiti.org\/site\/wp-json\/wp\/v2\/posts\/14245\/revisions"}],"predecessor-version":[{"id":14263,"href":"https:\/\/fmahaiti.org\/site\/wp-json\/wp\/v2\/posts\/14245\/revisions\/14263"}],"wp:featuredmedia":[{"embeddable":true,"href":"https:\/\/fmahaiti.org\/site\/wp-json\/wp\/v2\/media\/14257"}],"wp:attachment":[{"href":"https:\/\/fmahaiti.org\/site\/wp-json\/wp\/v2\/media?parent=14245"}],"wp:term":[{"taxonomy":"category","embeddable":true,"href":"https:\/\/fmahaiti.org\/site\/wp-json\/wp\/v2\/categories?post=14245"},{"taxonomy":"post_tag","embeddable":true,"href":"https:\/\/fmahaiti.org\/site\/wp-json\/wp\/v2\/tags?post=14245"}],"curies":[{"name":"wp","href":"https:\/\/api.w.org\/{rel}","templated":true}]}}