{"id":14236,"date":"2026-01-22T16:12:41","date_gmt":"2026-01-22T21:12:41","guid":{"rendered":"https:\/\/fmahaiti.org\/site\/?p=14236"},"modified":"2026-01-23T18:05:11","modified_gmt":"2026-01-23T23:05:11","slug":"visite-de-la-provinciale","status":"publish","type":"post","link":"https:\/\/fmahaiti.org\/site\/2026\/01\/22\/visite-de-la-provinciale\/","title":{"rendered":"Visite de la Provinciale"},"content":{"rendered":"<p><img data-recalc-dims=\"1\" loading=\"lazy\" decoding=\"async\" class=\"aligncenter wp-image-14239 size-full\" src=\"https:\/\/i0.wp.com\/fmahaiti.org\/site\/wp-content\/uploads\/2026\/01\/20260115_141802-scaled.jpg?resize=843%2C408&#038;ssl=1\" alt=\"\" width=\"843\" height=\"408\" srcset=\"https:\/\/i0.wp.com\/fmahaiti.org\/site\/wp-content\/uploads\/2026\/01\/20260115_141802-scaled.jpg?w=2560&amp;ssl=1 2560w, https:\/\/i0.wp.com\/fmahaiti.org\/site\/wp-content\/uploads\/2026\/01\/20260115_141802-scaled.jpg?resize=300%2C145&amp;ssl=1 300w, https:\/\/i0.wp.com\/fmahaiti.org\/site\/wp-content\/uploads\/2026\/01\/20260115_141802-scaled.jpg?resize=1024%2C496&amp;ssl=1 1024w, https:\/\/i0.wp.com\/fmahaiti.org\/site\/wp-content\/uploads\/2026\/01\/20260115_141802-scaled.jpg?resize=768%2C372&amp;ssl=1 768w, https:\/\/i0.wp.com\/fmahaiti.org\/site\/wp-content\/uploads\/2026\/01\/20260115_141802-scaled.jpg?resize=1536%2C744&amp;ssl=1 1536w, https:\/\/i0.wp.com\/fmahaiti.org\/site\/wp-content\/uploads\/2026\/01\/20260115_141802-scaled.jpg?resize=2048%2C992&amp;ssl=1 2048w, https:\/\/i0.wp.com\/fmahaiti.org\/site\/wp-content\/uploads\/2026\/01\/20260115_141802-scaled.jpg?w=1686&amp;ssl=1 1686w\" sizes=\"auto, (max-width: 843px) 100vw, 843px\" \/><\/p>\n<p><strong>Les deux premiers jours d\u2019une Visite inoubliable<\/strong><\/p>\n<p>Le mercredi 14 janvier 2026, la communaut\u00e9 Marie Dominique Mazzarello a eu le grand plaisir d\u2019accueillir, \u00e0 9h45, notre ch\u00e8re Provinciale S\u0153ur Altagr\u00e2ce Mathias \u00e0 l\u2019occasion de sa visite canonique.<\/p>\n<p>Elle fut re\u00e7ue avec chaleur par les \u00e9l\u00e8ves de l\u2019\u00e9cole\u202f: la fanfare a jou\u00e9 quelques morceaux, une belle gerbe de fleurs lui a \u00e9t\u00e9 offerte, et la pr\u00e9sidente de l\u2019\u00e9cole, Mademoiselle Salomon Christela Victoria a prononc\u00e9 un discours pour souhaiter bienvenue \u00e0 la Provinciale.<img data-recalc-dims=\"1\" loading=\"lazy\" decoding=\"async\" class=\"alignright wp-image-14238 size-medium\" src=\"https:\/\/i0.wp.com\/fmahaiti.org\/site\/wp-content\/uploads\/2026\/01\/20260115_091531.jpg?resize=300%2C222&#038;ssl=1\" alt=\"\" width=\"300\" height=\"222\" srcset=\"https:\/\/i0.wp.com\/fmahaiti.org\/site\/wp-content\/uploads\/2026\/01\/20260115_091531-scaled.jpg?resize=300%2C222&amp;ssl=1 300w, https:\/\/i0.wp.com\/fmahaiti.org\/site\/wp-content\/uploads\/2026\/01\/20260115_091531-scaled.jpg?resize=1024%2C758&amp;ssl=1 1024w, https:\/\/i0.wp.com\/fmahaiti.org\/site\/wp-content\/uploads\/2026\/01\/20260115_091531-scaled.jpg?resize=768%2C568&amp;ssl=1 768w, https:\/\/i0.wp.com\/fmahaiti.org\/site\/wp-content\/uploads\/2026\/01\/20260115_091531-scaled.jpg?resize=1536%2C1137&amp;ssl=1 1536w, https:\/\/i0.wp.com\/fmahaiti.org\/site\/wp-content\/uploads\/2026\/01\/20260115_091531-scaled.jpg?resize=2048%2C1516&amp;ssl=1 2048w, https:\/\/i0.wp.com\/fmahaiti.org\/site\/wp-content\/uploads\/2026\/01\/20260115_091531-scaled.jpg?w=1686&amp;ssl=1 1686w, https:\/\/i0.wp.com\/fmahaiti.org\/site\/wp-content\/uploads\/2026\/01\/20260115_091531-scaled.jpg?w=2529&amp;ssl=1 2529w\" sizes=\"auto, (max-width: 300px) 100vw, 300px\" \/><\/p>\n<p><strong>Jeudi 15 janvier<\/strong><\/p>\n<p>Le jeudi 15 janvier 2026, le secondaire et le troisi\u00e8me cycle ainsi que les groupes d\u2019engagement du Coll\u00e8ge Marie Dominique Mazzarello ont eu l\u2019immense honneur de recevoir la visite de S\u0153ur Altagr\u00e2ce Matthias, Provinciale des Filles de Marie Auxiliatrice en Ha\u00efti, en trois temps.<\/p>\n<p>En ce jour inoubliable, la visite avait commenc\u00e9 avec les \u00e9l\u00e8ves du secondaire \u00e0 7 heures 45, qui lui ont donn\u00e9 un accueil chaleureux, \u00e0 la hauteur des valeurs et de l\u2019esprit qui caract\u00e9risent notre coll\u00e8ge.<\/p>\n<p>Dans le but de faire sentir \u00e0 la Provinciale combien sa visite est pr\u00e9cieuse, ils ont pr\u00e9sent\u00e9, \u00e0 l\u2019auditorium de l\u2019\u00e9tablissement, une riche animation culturelle m\u00ealant chants, danses et th\u00e9\u00e2tre. Cette prestation, pr\u00e9par\u00e9e avec soin et enthousiasme, a \u00e9t\u00e9 un v\u00e9ritable r\u00e9gal pour les yeux et a t\u00e9moign\u00e9 du talent, de la cr\u00e9ativit\u00e9 et de l\u2019engagement des \u00e9l\u00e8ves.<\/p>\n<p><img data-recalc-dims=\"1\" loading=\"lazy\" decoding=\"async\" class=\"alignleft wp-image-14237 size-medium\" src=\"https:\/\/i0.wp.com\/fmahaiti.org\/site\/wp-content\/uploads\/2026\/01\/IMG-20260115-WA0154.jpg?resize=300%2C225&#038;ssl=1\" alt=\"\" width=\"300\" height=\"225\" srcset=\"https:\/\/i0.wp.com\/fmahaiti.org\/site\/wp-content\/uploads\/2026\/01\/IMG-20260115-WA0154.jpg?resize=300%2C225&amp;ssl=1 300w, https:\/\/i0.wp.com\/fmahaiti.org\/site\/wp-content\/uploads\/2026\/01\/IMG-20260115-WA0154.jpg?resize=768%2C576&amp;ssl=1 768w, https:\/\/i0.wp.com\/fmahaiti.org\/site\/wp-content\/uploads\/2026\/01\/IMG-20260115-WA0154.jpg?w=1020&amp;ssl=1 1020w\" sizes=\"auto, (max-width: 300px) 100vw, 300px\" \/>\u00c0 l\u2019issue de cette animation, S\u0153ur Altagr\u00e2ce Mathias a adress\u00e9 un discours profond\u00e9ment inspirant \u00e0 l\u2019assembl\u00e9e. Elle a encourag\u00e9 les \u00e9l\u00e8ves \u00e0 garder l\u2019esp\u00e9rance, \u00e0 s\u2019\u00e9difier dans la foi, rappelant avec conviction que la foi demeure le fondement essentiel de notre cheminement personnel et communautaire. Elle les a invit\u00e9s \u00e0 \u00eatre des personnes qui aspirent \u00e0 de grandes choses, surtout \u00e0 la saintet\u00e9 qui se vit au quotidien de fa\u00e7on ordinaire, sans chercher \u00e0 faire de grands sacrifices mais par de petits sacrifices de tous les jours.<\/p>\n<p>Pour cl\u00f4turer la c\u00e9r\u00e9monie, notre Premi\u00e8re Ministre, Mlle Tibert, a exprim\u00e9, au nom de toute la communaut\u00e9 scolaire, de sinc\u00e8res remerciements \u00e0 S\u0153ur Altagr\u00e2ce pour sa pr\u00e9sence attentive, son \u00e9coute et l\u2019int\u00e9r\u00eat manifest\u00e9 tout au long de l\u2019animation culturelle.<\/p>\n<p><strong>Troisi\u00e8me cycle<\/strong><\/p>\n<p>\u00c0 10 heures 30, l\u2019ambiance avait continu\u00e9 \u00e0 \u00eatre non seulement sereine mais aussi joviale avec les \u00e9l\u00e8ves du troisi\u00e8me cycle, qui ont re\u00e7u S\u0153ur Altagr\u00e2ce encore \u00e0 l\u2019auditorium par un accueil chaleureux, hors pair et par une partie culturelle qui faisait vibrer le c\u0153ur de toute l\u2019assistance, particuli\u00e8rement notre aim\u00e9e S\u0153ur Altagr\u00e2ce Matthias, \u00e0 qui tout a \u00e9t\u00e9 d\u00e9di\u00e9.<\/p>\n<p>Apr\u00e8s la partie culturelle o\u00f9 un petit th\u00e9\u00e2tre mettait en lumi\u00e8re sur le th\u00e8me de l\u2019ann\u00e9e\u202f: \u00ab\u202fEnracin\u00e9s et \u00e9difi\u00e9s en Lui, restons fermes dans la foi\u202f\u00bb, ainsi que des danses et des chants, notre Provinciale a pris la parole pour inviter les enfants \u00e0 avoir une foi authentique et vibrante, tout en restant enracin\u00e9s et \u00e9difi\u00e9s en Christ, chemin qui n\u2019est pas toujours facile. Elle a soulign\u00e9 que, dans la famille sal\u00e9sienne, nous vivons une ann\u00e9e remplie de l\u2019Esprit. Et m\u00eame si l\u2019\u00c9glise vient de clore l\u2019ann\u00e9e jubilaire, cela ne veut pas dire que nous ne devons pas cultiver et garder l\u2019esp\u00e9rance afin de rester enracin\u00e9s et \u00e9difi\u00e9s en Lui.<img data-recalc-dims=\"1\" loading=\"lazy\" decoding=\"async\" class=\"alignright wp-image-14240 size-medium\" src=\"https:\/\/i0.wp.com\/fmahaiti.org\/site\/wp-content\/uploads\/2026\/01\/20260115_135612-1.jpg?resize=300%2C138&#038;ssl=1\" alt=\"\" width=\"300\" height=\"138\" srcset=\"https:\/\/i0.wp.com\/fmahaiti.org\/site\/wp-content\/uploads\/2026\/01\/20260115_135612-1-scaled.jpg?resize=300%2C138&amp;ssl=1 300w, https:\/\/i0.wp.com\/fmahaiti.org\/site\/wp-content\/uploads\/2026\/01\/20260115_135612-1-scaled.jpg?resize=1024%2C472&amp;ssl=1 1024w, https:\/\/i0.wp.com\/fmahaiti.org\/site\/wp-content\/uploads\/2026\/01\/20260115_135612-1-scaled.jpg?resize=768%2C354&amp;ssl=1 768w, https:\/\/i0.wp.com\/fmahaiti.org\/site\/wp-content\/uploads\/2026\/01\/20260115_135612-1-scaled.jpg?resize=1536%2C708&amp;ssl=1 1536w, https:\/\/i0.wp.com\/fmahaiti.org\/site\/wp-content\/uploads\/2026\/01\/20260115_135612-1-scaled.jpg?resize=2048%2C945&amp;ssl=1 2048w, https:\/\/i0.wp.com\/fmahaiti.org\/site\/wp-content\/uploads\/2026\/01\/20260115_135612-1-scaled.jpg?w=1686&amp;ssl=1 1686w, https:\/\/i0.wp.com\/fmahaiti.org\/site\/wp-content\/uploads\/2026\/01\/20260115_135612-1-scaled.jpg?w=2529&amp;ssl=1 2529w\" sizes=\"auto, (max-width: 300px) 100vw, 300px\" \/><\/p>\n<p>Apr\u00e8s les sages conseils de S\u0153ur Altagr\u00e2ce, un groupe d\u2019\u00e9l\u00e8ves est pass\u00e9 devant pour lire, au nom de tous les \u00e9l\u00e8ves, une carte marquant leur gratitude et offrir des cadeaux \u00e0 la Provinciale.<\/p>\n<p><strong>Les groupes d\u2019engagement<\/strong><\/p>\n<p>Les visites ont continu\u00e9 et ont pris fin dans l\u2019apr\u00e8s-midi \u00e0 13 heures 30 avec les trois groupes d\u2019engagement du secondaire et du troisi\u00e8me cycle\u202f: CACH, MEJ, VIDES.<\/p>\n<p>Les groupes ont accueilli la Provinciale d\u2019abord par un beau chant de bienvenue, chant\u00e9 avec c\u0153ur et des voix harmonieuses, suivi du discours de la pr\u00e9sidente du groupe Cach, Mademoiselle Jacques Oberde Starlins. Apr\u00e8s son pr\u00e9cieux discours, dans lequel elle a soulign\u00e9 les valeurs qu\u2019ils cherchent \u00e0 travailler en tant que caschistes, les jeunes du groupe Vides ont dans\u00e9 une musique de Boukman Eksperyans intitul\u00e9e \u00ab\u202fImamou\u202f\u00bb.<img data-recalc-dims=\"1\" loading=\"lazy\" decoding=\"async\" class=\"alignright wp-image-14241 size-full\" src=\"https:\/\/i0.wp.com\/fmahaiti.org\/site\/wp-content\/uploads\/2026\/01\/IMG-20260115-WA0106.jpg?resize=843%2C326&#038;ssl=1\" alt=\"\" width=\"843\" height=\"326\" srcset=\"https:\/\/i0.wp.com\/fmahaiti.org\/site\/wp-content\/uploads\/2026\/01\/IMG-20260115-WA0106.jpg?w=1020&amp;ssl=1 1020w, https:\/\/i0.wp.com\/fmahaiti.org\/site\/wp-content\/uploads\/2026\/01\/IMG-20260115-WA0106.jpg?resize=300%2C116&amp;ssl=1 300w, https:\/\/i0.wp.com\/fmahaiti.org\/site\/wp-content\/uploads\/2026\/01\/IMG-20260115-WA0106.jpg?resize=768%2C297&amp;ssl=1 768w\" sizes=\"auto, (max-width: 843px) 100vw, 843px\" \/><\/p>\n<p>Apr\u00e8s la danse, la pr\u00e9sidente du groupe Vides, Mademoiselle Doriane Douzable, a pris la parole pour remercier S\u0153ur Altagr\u00e2ce pour sa proximit\u00e9. Dans son message, S\u0153ur Altagr\u00e2ce leur a dit combien ils sont chanceux de faire partie d\u2019un groupe et les a invit\u00e9s \u00e0 \u00eatre fid\u00e8les aux groupes auxquels ils appartiennent, tout en cultivant le sens d\u2019appartenance.<\/p>\n<p>Cette journ\u00e9e, riche en \u00e9motions, restera grav\u00e9e dans les m\u00e9moires. Entre rires, pri\u00e8res et moments de fraternit\u00e9, les \u00e9l\u00e8ves du Coll\u00e8ge Marie Dominique Mazzarello ont su profiter pleinement de la visite de notre tr\u00e8s ch\u00e8re R\u00e9v\u00e9rende S\u0153ur Altagr\u00e2ce Mathias.<\/p>\n<p>Mademoiselle Onicha\u00eblla Pierre responsable de la communication de l\u2019\u00e9cole<br \/>\net S\u0153ur Lundjie Solivert Antenne de communication pour la communaut\u00e9 de P\u00e9tion-Ville<\/p>\n","protected":false},"excerpt":{"rendered":"<p>Les deux premiers jours d\u2019une Visite inoubliable Le mercredi 14 janvier 2026, la communaut\u00e9 Marie Dominique Mazzarello a eu le grand plaisir d\u2019accueillir, \u00e0 9h45,&hellip;<\/p>\n","protected":false},"author":4,"featured_media":14239,"comment_status":"open","ping_status":"open","sticky":false,"template":"","format":"standard","meta":{"_jetpack_memberships_contains_paid_content":false,"footnotes":"","jetpack_publicize_message":"","jetpack_publicize_feature_enabled":true,"jetpack_social_post_already_shared":true,"jetpack_social_options":{"image_generator_settings":{"template":"highway","default_image_id":0,"font":"","enabled":false},"version":2}},"categories":[22],"tags":[],"class_list":["post-14236","post","type-post","status-publish","format-standard","has-post-thumbnail","hentry","category-nouvelles"],"jetpack_publicize_connections":[],"jetpack_featured_media_url":"https:\/\/i0.wp.com\/fmahaiti.org\/site\/wp-content\/uploads\/2026\/01\/20260115_141802-scaled.jpg?fit=2560%2C1240&ssl=1","jetpack_sharing_enabled":true,"jetpack_shortlink":"https:\/\/wp.me\/pcR5kd-3HC","jetpack-related-posts":[{"id":14438,"url":"https:\/\/fmahaiti.org\/site\/2026\/01\/30\/14438\/","url_meta":{"origin":14236,"position":0},"title":"Une visite qui continue \u00e0 mettre de l\u2019ambiance dans l\u2019\u0153uvre de P\u00e9tion-Ville!","author":"Sr Monette Octave","date":"30 janvier 2026","format":false,"excerpt":"Le vendredi 16 janvier 2026, \u00e0 9h la Provinciale a eu l\u2019opportunit\u00e9 de rencontrer les plus jeunes de nos destinataires\u202f: les \u00e9l\u00e8ves du cours primaire. Avec le foulard des groupes d\u2019engagement autour du cou, ils ont offert un accueil chaleureux et m\u00e9rit\u00e9 \u00e0 la Provinciale qu\u2019ils d\u00e9siraient tant rencontrer. Un\u2026","rel":"","context":"Dans &quot;\u00c9ducation&quot;","block_context":{"text":"\u00c9ducation","link":"https:\/\/fmahaiti.org\/site\/category\/education\/"},"img":{"alt_text":"","src":"https:\/\/i0.wp.com\/fmahaiti.org\/site\/wp-content\/uploads\/2026\/02\/thumbnail-3-2.jpeg?fit=1080%2C707&ssl=1&resize=350%2C200","width":350,"height":200,"srcset":"https:\/\/i0.wp.com\/fmahaiti.org\/site\/wp-content\/uploads\/2026\/02\/thumbnail-3-2.jpeg?fit=1080%2C707&ssl=1&resize=350%2C200 1x, https:\/\/i0.wp.com\/fmahaiti.org\/site\/wp-content\/uploads\/2026\/02\/thumbnail-3-2.jpeg?fit=1080%2C707&ssl=1&resize=525%2C300 1.5x, https:\/\/i0.wp.com\/fmahaiti.org\/site\/wp-content\/uploads\/2026\/02\/thumbnail-3-2.jpeg?fit=1080%2C707&ssl=1&resize=700%2C400 2x, https:\/\/i0.wp.com\/fmahaiti.org\/site\/wp-content\/uploads\/2026\/02\/thumbnail-3-2.jpeg?fit=1080%2C707&ssl=1&resize=1050%2C600 3x"},"classes":[]},{"id":10402,"url":"https:\/\/fmahaiti.org\/site\/2024\/12\/12\/un-temps-de-verification-et-de-renouvellement-spirituel\/","url_meta":{"origin":14236,"position":1},"title":"Un temps de v\u00e9rification et de renouvellement spirituel!","author":"Dominique Mazzarello Petion-Ville","date":"12 d\u00e9cembre 2024","format":false,"excerpt":"La communaut\u00e9 Marie Dominique Mazzarello a eu la joie d\u2019accueillir la Provinciale des filles de Marie Auxiliatrice dans sa visite canonique pour l\u2019ann\u00e9e acad\u00e9mique 2024-2025. Cette visite se situe peu apr\u00e8s deux semaines de turbulence dans la commune de P\u00e9tion-Ville. Elle est marqu\u00e9e par la simplicit\u00e9, la profondeur spirituelle et\u2026","rel":"","context":"Dans &quot;Vie de la Province&quot;","block_context":{"text":"Vie de la Province","link":"https:\/\/fmahaiti.org\/site\/category\/vie-de-la-province\/"},"img":{"alt_text":"","src":"https:\/\/i0.wp.com\/fmahaiti.org\/site\/wp-content\/uploads\/2024\/12\/IMG-20241202-WA0061.jpg?fit=876%2C479&ssl=1&resize=350%2C200","width":350,"height":200,"srcset":"https:\/\/i0.wp.com\/fmahaiti.org\/site\/wp-content\/uploads\/2024\/12\/IMG-20241202-WA0061.jpg?fit=876%2C479&ssl=1&resize=350%2C200 1x, https:\/\/i0.wp.com\/fmahaiti.org\/site\/wp-content\/uploads\/2024\/12\/IMG-20241202-WA0061.jpg?fit=876%2C479&ssl=1&resize=525%2C300 1.5x, https:\/\/i0.wp.com\/fmahaiti.org\/site\/wp-content\/uploads\/2024\/12\/IMG-20241202-WA0061.jpg?fit=876%2C479&ssl=1&resize=700%2C400 2x"},"classes":[]},{"id":7185,"url":"https:\/\/fmahaiti.org\/site\/2023\/12\/21\/elle-marche-dans-notre-maison\/","url_meta":{"origin":14236,"position":2},"title":"Elle marche dans notre maison","author":"Marie Regine Thorland","date":"21 d\u00e9cembre 2023","format":false,"excerpt":"\u00ab Chaque ann\u00e9e la Provinciale \u00e9tablira \u00e0 temps le plan g\u00e9n\u00e9ral de ses visites et le communiquera aux communaut\u00e9s. A l\u2019occasion de sa visite, elle partagera fraternellement la vie quotidienne des S\u0153urs et v\u00e9rifiera avec elles la validit\u00e9 de leur projet communautaire, pour une animation efficace \u00bb. Nous dit le\u2026","rel":"","context":"Dans &quot;Activit\u00e9s&quot;","block_context":{"text":"Activit\u00e9s","link":"https:\/\/fmahaiti.org\/site\/category\/activites\/"},"img":{"alt_text":"","src":"https:\/\/i0.wp.com\/fmahaiti.org\/site\/wp-content\/uploads\/2023\/12\/Visite.jpg?fit=1080%2C497&ssl=1&resize=350%2C200","width":350,"height":200,"srcset":"https:\/\/i0.wp.com\/fmahaiti.org\/site\/wp-content\/uploads\/2023\/12\/Visite.jpg?fit=1080%2C497&ssl=1&resize=350%2C200 1x, https:\/\/i0.wp.com\/fmahaiti.org\/site\/wp-content\/uploads\/2023\/12\/Visite.jpg?fit=1080%2C497&ssl=1&resize=525%2C300 1.5x, https:\/\/i0.wp.com\/fmahaiti.org\/site\/wp-content\/uploads\/2023\/12\/Visite.jpg?fit=1080%2C497&ssl=1&resize=700%2C400 2x, https:\/\/i0.wp.com\/fmahaiti.org\/site\/wp-content\/uploads\/2023\/12\/Visite.jpg?fit=1080%2C497&ssl=1&resize=1050%2C600 3x"},"classes":[]},{"id":14264,"url":"https:\/\/fmahaiti.org\/site\/2026\/01\/23\/21-janvier-2026-un-jour-doublement-important-pour-nous-les-filles-de-marie-auxiliatrice-dhaiti\/","url_meta":{"origin":14236,"position":3},"title":"21 Janvier 2026, un jour doublement important pour nous, les Filles de Marie Auxiliatrice d\u2019Ha\u00efti!","author":"Sr Monette Octave","date":"23 janvier 2026","format":false,"excerpt":"Cette date du 21 Janvier \u00a0est un jour doublement important pour nous, les Filles de Marie Auxiliatrice d\u2019Ha\u00efti\u00a0: celui de c\u00e9l\u00e9brer la solennit\u00e9 de Notre Dame d\u2019Altagr\u00e2ce et celui de souhaiter un joyeux anniversaire \u00e0 notre Provinciale, Sr Altagr\u00e2ce Mathias. Malgr\u00e9 la conjoncture actuelle, tout a \u00e9t\u00e9 au rendez-vous pour\u2026","rel":"","context":"Dans &quot;Eglise&quot;","block_context":{"text":"Eglise","link":"https:\/\/fmahaiti.org\/site\/category\/eglise\/"},"img":{"alt_text":"","src":"https:\/\/i0.wp.com\/fmahaiti.org\/site\/wp-content\/uploads\/2026\/01\/42674877-dace-4b42-9e6f-b855da0ee83e.jpeg?fit=462%2C693&ssl=1&resize=350%2C200","width":350,"height":200},"classes":[]},{"id":14880,"url":"https:\/\/fmahaiti.org\/site\/2026\/03\/19\/14880\/","url_meta":{"origin":14236,"position":4},"title":"Visite canonique \u00e0 Anse-\u00e0-Veau","author":"Sr Monette Octave","date":"19 mars 2026","format":false,"excerpt":"Il est des moments o\u00f9 Dieu se rend pr\u00e9sent d\u2019une mani\u00e8re particuli\u00e8re, \u00e0 travers des visages, des paroles et des gestes simples. La visite canonique de cette ann\u00e9e 2026 restera grav\u00e9e dans nos c\u0153urs comme un v\u00e9ritable temps de gr\u00e2ce, une visitation du Seigneur au milieu de sa communaut\u00e9. C\u2019est\u2026","rel":"","context":"Dans &quot;Vie de la Province&quot;","block_context":{"text":"Vie de la Province","link":"https:\/\/fmahaiti.org\/site\/category\/vie-de-la-province\/"},"img":{"alt_text":"","src":"https:\/\/i0.wp.com\/fmahaiti.org\/site\/wp-content\/uploads\/2026\/03\/thumbnail-5.jpeg?fit=1080%2C608&ssl=1&resize=350%2C200","width":350,"height":200,"srcset":"https:\/\/i0.wp.com\/fmahaiti.org\/site\/wp-content\/uploads\/2026\/03\/thumbnail-5.jpeg?fit=1080%2C608&ssl=1&resize=350%2C200 1x, https:\/\/i0.wp.com\/fmahaiti.org\/site\/wp-content\/uploads\/2026\/03\/thumbnail-5.jpeg?fit=1080%2C608&ssl=1&resize=525%2C300 1.5x, https:\/\/i0.wp.com\/fmahaiti.org\/site\/wp-content\/uploads\/2026\/03\/thumbnail-5.jpeg?fit=1080%2C608&ssl=1&resize=700%2C400 2x, https:\/\/i0.wp.com\/fmahaiti.org\/site\/wp-content\/uploads\/2026\/03\/thumbnail-5.jpeg?fit=1080%2C608&ssl=1&resize=1050%2C600 3x"},"classes":[]},{"id":7902,"url":"https:\/\/fmahaiti.org\/site\/2024\/03\/02\/la-visite-canonique-temps-de-renouvellement-et-de-partage\/","url_meta":{"origin":14236,"position":5},"title":"La visite Canonique, temps de renouvellement et de partage","author":"Marie Auxiliatrice Cap-Haitien","date":"2 mars 2024","format":false,"excerpt":"\"A l\u2019occasion de sa visite, la Provinciale partagera fraternellement la vie quotidienne des S\u0153urs et v\u00e9rifiera avec elles la validit\u00e9 de leur projet communautaire, pour une animation efficace.\" Une partie de l\u2019article 147 des constitutions des FMA nous dit\u00a0:\u00a0\u00ab\u00a0Au moins une fois par an, la Provinciale visitera les maisons de\u2026","rel":"","context":"Dans &quot;Vie de la Province&quot;","block_context":{"text":"Vie de la Province","link":"https:\/\/fmahaiti.org\/site\/category\/vie-de-la-province\/"},"img":{"alt_text":"","src":"https:\/\/i0.wp.com\/fmahaiti.org\/site\/wp-content\/uploads\/2024\/03\/IMG-20240305-WA0010.jpg?fit=854%2C677&ssl=1&resize=350%2C200","width":350,"height":200,"srcset":"https:\/\/i0.wp.com\/fmahaiti.org\/site\/wp-content\/uploads\/2024\/03\/IMG-20240305-WA0010.jpg?fit=854%2C677&ssl=1&resize=350%2C200 1x, https:\/\/i0.wp.com\/fmahaiti.org\/site\/wp-content\/uploads\/2024\/03\/IMG-20240305-WA0010.jpg?fit=854%2C677&ssl=1&resize=525%2C300 1.5x, https:\/\/i0.wp.com\/fmahaiti.org\/site\/wp-content\/uploads\/2024\/03\/IMG-20240305-WA0010.jpg?fit=854%2C677&ssl=1&resize=700%2C400 2x"},"classes":[]}],"_links":{"self":[{"href":"https:\/\/fmahaiti.org\/site\/wp-json\/wp\/v2\/posts\/14236","targetHints":{"allow":["GET"]}}],"collection":[{"href":"https:\/\/fmahaiti.org\/site\/wp-json\/wp\/v2\/posts"}],"about":[{"href":"https:\/\/fmahaiti.org\/site\/wp-json\/wp\/v2\/types\/post"}],"author":[{"embeddable":true,"href":"https:\/\/fmahaiti.org\/site\/wp-json\/wp\/v2\/users\/4"}],"replies":[{"embeddable":true,"href":"https:\/\/fmahaiti.org\/site\/wp-json\/wp\/v2\/comments?post=14236"}],"version-history":[{"count":3,"href":"https:\/\/fmahaiti.org\/site\/wp-json\/wp\/v2\/posts\/14236\/revisions"}],"predecessor-version":[{"id":14292,"href":"https:\/\/fmahaiti.org\/site\/wp-json\/wp\/v2\/posts\/14236\/revisions\/14292"}],"wp:featuredmedia":[{"embeddable":true,"href":"https:\/\/fmahaiti.org\/site\/wp-json\/wp\/v2\/media\/14239"}],"wp:attachment":[{"href":"https:\/\/fmahaiti.org\/site\/wp-json\/wp\/v2\/media?parent=14236"}],"wp:term":[{"taxonomy":"category","embeddable":true,"href":"https:\/\/fmahaiti.org\/site\/wp-json\/wp\/v2\/categories?post=14236"},{"taxonomy":"post_tag","embeddable":true,"href":"https:\/\/fmahaiti.org\/site\/wp-json\/wp\/v2\/tags?post=14236"}],"curies":[{"name":"wp","href":"https:\/\/api.w.org\/{rel}","templated":true}]}}