{"id":14219,"date":"2026-01-16T12:30:20","date_gmt":"2026-01-16T17:30:20","guid":{"rendered":"https:\/\/fmahaiti.org\/site\/?p=14219"},"modified":"2026-01-16T12:35:17","modified_gmt":"2026-01-16T17:35:17","slug":"journees-de-spiritualite-salesienne-2026","status":"publish","type":"post","link":"https:\/\/fmahaiti.org\/site\/2026\/01\/16\/journees-de-spiritualite-salesienne-2026\/","title":{"rendered":"Journ\u00e9es de Spiritualit\u00e9 sal\u00e9sienne 2026"},"content":{"rendered":"<p><img data-recalc-dims=\"1\" loading=\"lazy\" decoding=\"async\" class=\"wp-image-14220 size-large aligncenter\" src=\"https:\/\/i0.wp.com\/fmahaiti.org\/site\/wp-content\/uploads\/2026\/01\/GSFS-2026.webp?resize=843%2C562&#038;ssl=1\" alt=\"\" width=\"843\" height=\"562\" srcset=\"https:\/\/i0.wp.com\/fmahaiti.org\/site\/wp-content\/uploads\/2026\/01\/GSFS-2026.webp?resize=1024%2C683&amp;ssl=1 1024w, https:\/\/i0.wp.com\/fmahaiti.org\/site\/wp-content\/uploads\/2026\/01\/GSFS-2026.webp?resize=300%2C200&amp;ssl=1 300w, https:\/\/i0.wp.com\/fmahaiti.org\/site\/wp-content\/uploads\/2026\/01\/GSFS-2026.webp?resize=768%2C512&amp;ssl=1 768w, https:\/\/i0.wp.com\/fmahaiti.org\/site\/wp-content\/uploads\/2026\/01\/GSFS-2026.webp?w=1350&amp;ssl=1 1350w\" sizes=\"auto, (max-width: 843px) 100vw, 843px\" \/><\/p>\n<p class=\"td-post-sub-title\">Du 15 au 18 janvier 2026, la 44e \u00e9dition des Journ\u00e9es de spiritualit\u00e9 de la Famille Sal\u00e9sienne se tiendra \u00e0 Valdocco, Turin.<\/p>\n<p><strong>Turin (Italie).<\/strong>\u00a0Du 15 au 18 janvier 2026 se tiendra \u00e0 Turin la 44<sup>e<\/sup>\u00e9dition des Journ\u00e9es de spiritualit\u00e9 de la Famille Sal\u00e9sienne (JSFS), le rendez-vous traditionnel qui a pour objectif de raviver la spiritualit\u00e9 sal\u00e9sienne dans ses dimensions fondamentales, dans un esprit de communion avec les 32 groupes de la FS, autour de l\u2019<strong><a href=\"https:\/\/www.cgfmanet.org\/fr\/ifma-fr\/faites-ce-quil-vous-dira-presentation-de-letrenne-2026\/\" target=\"_blank\" rel=\"noopener\">\u00c9trenne 2026<\/a><\/strong>\u00a0du Recteur majeur, don Fabio Attard :\u00a0<strong>\u00ab Faites ce qu\u2019il vous dira. Croyants, libres pour servir \u00bb.<\/strong><\/p>\n<p>Environ 350 participants sont attendus \u00e0 Valdocco, dont des responsables et des membres des groupes de la Famille Sal\u00e9sienne, parmi lesquels la Sup\u00e9rieure g\u00e9n\u00e9rale de l\u2019Institut des Filles de Marie Auxiliatrice, M\u00e8re Chiara Cazzuola, la conseill\u00e8re g\u00e9n\u00e9rale pour la Famille sal\u00e9sienne, s\u0153ur Leslie S\u00e1ndigo, ainsi que d\u2019autres conseill\u00e8res et plusieurs d\u00e9l\u00e9gu\u00e9es FMA de la Famille sal\u00e9sienne provenant des provinces.<\/p>\n<p><em>\u00ab Ce sont des journ\u00e9es de communion en famille. Ces journ\u00e9es sont consacr\u00e9es \u00e0 l\u2019approfondissement de l\u2019\u00c9trenne, au partage, \u00e0 la pri\u00e8re, \u00e0 la disponibilit\u00e9 pour la rencontre, l\u2019\u00e9coute et le discernement afin de faire de bons choix, comme l\u2019a fait Marie \u00e0 Cana, o\u00f9 elle engagea la force de sa foi \u00bb, a expliqu\u00e9 don Joan Llu\u00eds Play\u00e0, d\u00e9l\u00e9gu\u00e9 g\u00e9n\u00e9ral du Recteur majeur pour la Famille sal\u00e9sienne, dans un message diffus\u00e9 aux personnes inscrites aux JSFS 2026.<\/em><\/p>\n<p>Comme chaque ann\u00e9e, ces journ\u00e9es offriront des moments d\u2019approfondissement spirituel, de lectio divina, de dialogue et de partage entre les diff\u00e9rents groupes de la Famille Sal\u00e9sienne. Le\u00a0<strong><a href=\"https:\/\/drive.google.com\/drive\/u\/0\/folders\/19ukLIW4v9zYRxpRYEdG_nas6HZXXmQu9\" target=\"_blank\" rel=\"noopener\">programme<\/a><\/strong>\u00a0pr\u00e9voit la pr\u00e9sentation et l\u2019approfondissement de l\u2019\u00c9trenne, des t\u00e9moignages de vie et d\u2019accompagnement dans la foi, des c\u00e9l\u00e9brations, des temps de pri\u00e8re, ainsi que des moments de fraternit\u00e9.<\/p>\n<p>Une attention particuli\u00e8re sera accord\u00e9e aux jeunes, aux la\u00efcs et\u00a0<strong>aux Sal\u00e9siens Coop\u00e9rateurs, dans le cadre du 150<sup>e<\/sup>\u00a0anniversaire de leur fondation<\/strong>.<\/p>\n<p>Outre les moments de spiritualit\u00e9 partag\u00e9e lors des c\u00e9l\u00e9brations et liturgies communes, ainsi que les temps de r\u00e9flexion et d\u2019\u00e9coute, les JSFS 2026 comprendront \u00e9galement\u00a0<strong>des ateliers libres qui permettront d\u2019enrichir l\u2019exp\u00e9rience individuelle des participants \u00e0 Turin.<\/strong><\/p>\n<p>Dans l\u2019apr\u00e8s-midi du 16 janvier, les participants pourront choisir parmi quatre options diff\u00e9rentes, en fonction de leurs d\u00e9sirs et de leurs centres d\u2019int\u00e9r\u00eat : \u2013 visiter l\u2019exposition\u00a0<strong>\u00ab Les ailes de Maria Troncatti \u00bb<\/strong>, consacr\u00e9 \u00e0 la derni\u00e8re sainte de la Famille Sal\u00e9sienne ; \u2013 visiter l\u2019exposition sur saint Piergiorgio Frassati, jeune mod\u00e8le de saintet\u00e9 turinois du XX<sup>e<\/sup>\u00a0si\u00e8cle ; \u2013 visiter le mus\u00e9e Casa Don Bosco de Valdocco, pour une immersion dans les racines du charisme sal\u00e9sien ; \u2013 \u00e9couter un t\u00e9moignage sur Akash Bashir, jeune ancien \u00e9l\u00e8ve sal\u00e9sien dont la cause de martyre est en cours. (Source : InfoANS)<\/p>\n<p>Afin de favoriser la participation mondiale, il sera possible de suivre les moments forts des Journ\u00e9es indiqu\u00e9s dans le programme en ligne, sur la cha\u00eene YouTube\u00a0<strong><a href=\"https:\/\/www.youtube.com\/ANSchannel\" target=\"_blank\" rel=\"noopener\">ANS Channel<\/a><\/strong>.<\/p>\n<p><strong>Pour plus d\u2019informations :\u00a0<\/strong><strong><a href=\"http:\/\/www.famigliasalesiana.org\/\" target=\"_blank\" rel=\"noopener\">www.famigliasalesiana.org<\/a><\/strong><\/p>\n<p style=\"text-align: right;\">Source: https:\/\/www.cgfmanet.org\/fr<\/p>\n<p style=\"text-align: center;\">Suivez les journ\u00e9es en temps r\u00e9el<\/p>\n<p><span class=\"embed-youtube\" style=\"text-align:center; display: block;\"><iframe loading=\"lazy\" class=\"youtube-player\" width=\"843\" height=\"475\" src=\"https:\/\/www.youtube.com\/embed\/6pMSyCjUbh4?version=3&#038;rel=1&#038;showsearch=0&#038;showinfo=1&#038;iv_load_policy=1&#038;fs=1&#038;hl=fr-FR&#038;autohide=2&#038;wmode=transparent\" allowfullscreen=\"true\" style=\"border:0;\" sandbox=\"allow-scripts allow-same-origin allow-popups allow-presentation allow-popups-to-escape-sandbox\"><\/iframe><\/span><\/p>\n<p>&nbsp;<\/p>\n<p><span class=\"embed-youtube\" style=\"text-align:center; display: block;\"><iframe loading=\"lazy\" class=\"youtube-player\" width=\"843\" height=\"475\" src=\"https:\/\/www.youtube.com\/embed\/TAIsJOoRbJI?version=3&#038;rel=1&#038;showsearch=0&#038;showinfo=1&#038;iv_load_policy=1&#038;fs=1&#038;hl=fr-FR&#038;autohide=2&#038;wmode=transparent\" allowfullscreen=\"true\" style=\"border:0;\" sandbox=\"allow-scripts allow-same-origin allow-popups allow-presentation allow-popups-to-escape-sandbox\"><\/iframe><\/span><\/p>\n","protected":false},"excerpt":{"rendered":"<p>Du 15 au 18 janvier 2026, la 44e \u00e9dition des Journ\u00e9es de spiritualit\u00e9 de la Famille Sal\u00e9sienne se tiendra \u00e0 Valdocco, Turin. Turin (Italie).\u00a0Du 15&hellip;<\/p>\n","protected":false},"author":2,"featured_media":14220,"comment_status":"open","ping_status":"open","sticky":false,"template":"","format":"standard","meta":{"_jetpack_memberships_contains_paid_content":false,"footnotes":"","jetpack_publicize_message":"","jetpack_publicize_feature_enabled":true,"jetpack_social_post_already_shared":true,"jetpack_social_options":{"image_generator_settings":{"template":"highway","default_image_id":0,"font":"","enabled":false},"version":2}},"categories":[18,15],"tags":[],"class_list":["post-14219","post","type-post","status-publish","format-standard","has-post-thumbnail","hentry","category-famille-salesienne","category-salesianite"],"jetpack_publicize_connections":[],"jetpack_featured_media_url":"https:\/\/i0.wp.com\/fmahaiti.org\/site\/wp-content\/uploads\/2026\/01\/GSFS-2026.webp?fit=1350%2C900&ssl=1","jetpack_sharing_enabled":true,"jetpack_shortlink":"https:\/\/wp.me\/pcR5kd-3Hl","jetpack-related-posts":[{"id":11159,"url":"https:\/\/fmahaiti.org\/site\/2025\/01\/17\/16-19-janvier-2025-journees-de-spiritualite-salesienne-turin\/","url_meta":{"origin":14219,"position":0},"title":"16-19 janvier 2025: Journ\u00e9es de Spiritualit\u00e9 sal\u00e9sienne Turin","author":"Sr Martha Seide","date":"17 janvier 2025","format":false,"excerpt":"Ancr\u00e9s dans l'Esp\u00e9rance qui ne d\u00e9\u00e7oit pas Cette ann\u00e9e, les 43\u00b0 Journ\u00e9es de la Spiritualit\u00e9 Sal\u00e9sienne se d\u00e9roulent du 16 au 19 janvier, comme d\u2019habitude, \u00e0 Valdocco. Elles repr\u00e9sentent, pour toute la Famille Sal\u00e9sienne dispers\u00e9e dans le monde, une occasion pr\u00e9cieuse de rencontre, de r\u00e9flexion et de renouveau spirituel. Chaque\u2026","rel":"","context":"Dans &quot;Famille Sal\u00e9sienne&quot;","block_context":{"text":"Famille Sal\u00e9sienne","link":"https:\/\/fmahaiti.org\/site\/category\/famille-salesienne\/"},"img":{"alt_text":"","src":"https:\/\/i0.wp.com\/fmahaiti.org\/site\/wp-content\/uploads\/2025\/01\/01_Manifesto_FS_FRA-scaled.jpg?fit=848%2C1200&ssl=1&resize=350%2C200","width":350,"height":200,"srcset":"https:\/\/i0.wp.com\/fmahaiti.org\/site\/wp-content\/uploads\/2025\/01\/01_Manifesto_FS_FRA-scaled.jpg?fit=848%2C1200&ssl=1&resize=350%2C200 1x, https:\/\/i0.wp.com\/fmahaiti.org\/site\/wp-content\/uploads\/2025\/01\/01_Manifesto_FS_FRA-scaled.jpg?fit=848%2C1200&ssl=1&resize=525%2C300 1.5x, https:\/\/i0.wp.com\/fmahaiti.org\/site\/wp-content\/uploads\/2025\/01\/01_Manifesto_FS_FRA-scaled.jpg?fit=848%2C1200&ssl=1&resize=700%2C400 2x"},"classes":[]},{"id":7498,"url":"https:\/\/fmahaiti.org\/site\/2024\/01\/19\/turin-18-21-janvier-2024-42-edition-des-journees-de-spiritualite-salesienne\/","url_meta":{"origin":14219,"position":1},"title":"Turin: 18-21 janvier 2024, 42\u00b0 \u00e9dition des Journ\u00e9es de Spiritualit\u00e9 Sal\u00e9sienne","author":"Sr Martha Seide","date":"19 janvier 2024","format":false,"excerpt":"Le r\u00eave qui fait r\u00eaver Les Journ\u00e9es de spiritualit\u00e9 sont en cours \u00e0\u00a0 Valdocco-Turin, Italie, du 18 au 21 janvier 2024. Ce sont des journ\u00e9es qui accueillent tous les groupes de la famille sal\u00e9sienne venus du monde entier. L\u2019\u00e9v\u00e9nement traditionnel qui vise \u00e0 raviver la Spiritualit\u00e9 Sal\u00e9sienne dans ses dimensions\u2026","rel":"","context":"Dans &quot;Famille Sal\u00e9sienne&quot;","block_context":{"text":"Famille Sal\u00e9sienne","link":"https:\/\/fmahaiti.org\/site\/category\/famille-salesienne\/"},"img":{"alt_text":"","src":"https:\/\/i0.wp.com\/fmahaiti.org\/site\/wp-content\/uploads\/2024\/01\/FRA_POSTER_STRENNA_2024_FS-scaled.jpg?fit=1200%2C860&ssl=1&resize=350%2C200","width":350,"height":200,"srcset":"https:\/\/i0.wp.com\/fmahaiti.org\/site\/wp-content\/uploads\/2024\/01\/FRA_POSTER_STRENNA_2024_FS-scaled.jpg?fit=1200%2C860&ssl=1&resize=350%2C200 1x, https:\/\/i0.wp.com\/fmahaiti.org\/site\/wp-content\/uploads\/2024\/01\/FRA_POSTER_STRENNA_2024_FS-scaled.jpg?fit=1200%2C860&ssl=1&resize=525%2C300 1.5x, https:\/\/i0.wp.com\/fmahaiti.org\/site\/wp-content\/uploads\/2024\/01\/FRA_POSTER_STRENNA_2024_FS-scaled.jpg?fit=1200%2C860&ssl=1&resize=700%2C400 2x, https:\/\/i0.wp.com\/fmahaiti.org\/site\/wp-content\/uploads\/2024\/01\/FRA_POSTER_STRENNA_2024_FS-scaled.jpg?fit=1200%2C860&ssl=1&resize=1050%2C600 3x"},"classes":[]},{"id":2887,"url":"https:\/\/fmahaiti.org\/site\/2022\/01\/13\/journees-de-spiritualite-de-la-famille-salesienne-2022-voici-le-programme\/","url_meta":{"origin":14219,"position":2},"title":"Journ\u00e9es de Spiritualit\u00e9 de la Famille Sal\u00e9sienne 2022 : voici le programme","author":"Sr Martha Seide","date":"13 janvier 2022","format":false,"excerpt":"(ANS - Rome)\u00a0- Il y a une grande attente dans le monde sal\u00e9sien pour les Journ\u00e9es de Spiritualit\u00e9 de la Famille Sal\u00e9sienne (Giornate di Spiritualit\u00e0 della Famiglia Salesiana, GSFS), \u00e9dition 2022. Alors qu'il ne reste qu'un peu plus d'une semaine pour ce rendez-vous important (les 13 -16 janvier 2022), qui\u2026","rel":"","context":"Dans &quot;Famille Sal\u00e9sienne&quot;","block_context":{"text":"Famille Sal\u00e9sienne","link":"https:\/\/fmahaiti.org\/site\/category\/famille-salesienne\/"},"img":{"alt_text":"","src":"https:\/\/i0.wp.com\/fmahaiti.org\/site\/wp-content\/uploads\/2022\/01\/journee-spiritualite-salesienne.jpg?fit=655%2C927&ssl=1&resize=350%2C200","width":350,"height":200,"srcset":"https:\/\/i0.wp.com\/fmahaiti.org\/site\/wp-content\/uploads\/2022\/01\/journee-spiritualite-salesienne.jpg?fit=655%2C927&ssl=1&resize=350%2C200 1x, https:\/\/i0.wp.com\/fmahaiti.org\/site\/wp-content\/uploads\/2022\/01\/journee-spiritualite-salesienne.jpg?fit=655%2C927&ssl=1&resize=525%2C300 1.5x"},"classes":[]},{"id":14389,"url":"https:\/\/fmahaiti.org\/site\/2026\/02\/02\/celebration-de-la-saint-jean-bosco-a-linstitution-marie-regine\/","url_meta":{"origin":14219,"position":3},"title":"C\u00e9l\u00e9bration de la Saint-Jean Bosco \u00e0 l&rsquo;Institution Marie R\u00e9gine","author":"Marie Regine Thorland","date":"2 f\u00e9vrier 2026","format":false,"excerpt":"La Communaut\u00e9 \u00e9ducative de l\u2019Institution Marie R\u00e9gine des S\u0153urs Sal\u00e9siennes de Carrefour a c\u00e9l\u00e9br\u00e9 dans la foi et la ferveur, les vendredi 30 et samedi 31 janvier 2026, la solennit\u00e9 de la f\u00eate de Saint Jean Bosco, p\u00e8re et ma\u00eetre de la jeunesse. Fid\u00e8les aux souhaits du saint patron, les\u2026","rel":"","context":"Dans &quot;Famille Sal\u00e9sienne&quot;","block_context":{"text":"Famille Sal\u00e9sienne","link":"https:\/\/fmahaiti.org\/site\/category\/famille-salesienne\/"},"img":{"alt_text":"","src":"https:\/\/i0.wp.com\/fmahaiti.org\/site\/wp-content\/uploads\/2026\/02\/IMG-20260201-WA0188.jpg?fit=1200%2C679&ssl=1&resize=350%2C200","width":350,"height":200,"srcset":"https:\/\/i0.wp.com\/fmahaiti.org\/site\/wp-content\/uploads\/2026\/02\/IMG-20260201-WA0188.jpg?fit=1200%2C679&ssl=1&resize=350%2C200 1x, https:\/\/i0.wp.com\/fmahaiti.org\/site\/wp-content\/uploads\/2026\/02\/IMG-20260201-WA0188.jpg?fit=1200%2C679&ssl=1&resize=525%2C300 1.5x, https:\/\/i0.wp.com\/fmahaiti.org\/site\/wp-content\/uploads\/2026\/02\/IMG-20260201-WA0188.jpg?fit=1200%2C679&ssl=1&resize=700%2C400 2x, https:\/\/i0.wp.com\/fmahaiti.org\/site\/wp-content\/uploads\/2026\/02\/IMG-20260201-WA0188.jpg?fit=1200%2C679&ssl=1&resize=1050%2C600 3x"},"classes":[]},{"id":14418,"url":"https:\/\/fmahaiti.org\/site\/2026\/02\/02\/90-ans-de-mission-salesienne-sur-la-terre-dhaiti-pour-les-salesiens-de-don-bosco-sdb\/","url_meta":{"origin":14219,"position":4},"title":"90 ans de mission Sal\u00e9sienne sur la terre d\u2019Ha\u00efti pour les Sal\u00e9siens de Don Bosco (SDB)!","author":"Sr Monette Octave","date":"2 f\u00e9vrier 2026","format":false,"excerpt":"Quelle joie de nous rassembler en Famille, le Samedi 31 Janvier 2026, \u00e0 la chapelle de St Jean Bosco \u00e0 P\u00e9tion-Ville, \u00a0pour lancer officiellement l\u2019ouverture du Jubil\u00e9 des 90 ans des Sal\u00e9siens de Don Bosco en Ha\u00efti et les 75 ans de la Chapelle de Saint Jean Bosco \u00e0 P\u00e9tion-Ville\u2026","rel":"","context":"Dans &quot;Eglise&quot;","block_context":{"text":"Eglise","link":"https:\/\/fmahaiti.org\/site\/category\/eglise\/"},"img":{"alt_text":"","src":"https:\/\/i0.wp.com\/fmahaiti.org\/site\/wp-content\/uploads\/2026\/02\/23450a4d-69e3-43eb-8287-29a3a11559d4-1.jpeg?fit=937%2C432&ssl=1&resize=350%2C200","width":350,"height":200,"srcset":"https:\/\/i0.wp.com\/fmahaiti.org\/site\/wp-content\/uploads\/2026\/02\/23450a4d-69e3-43eb-8287-29a3a11559d4-1.jpeg?fit=937%2C432&ssl=1&resize=350%2C200 1x, https:\/\/i0.wp.com\/fmahaiti.org\/site\/wp-content\/uploads\/2026\/02\/23450a4d-69e3-43eb-8287-29a3a11559d4-1.jpeg?fit=937%2C432&ssl=1&resize=525%2C300 1.5x, https:\/\/i0.wp.com\/fmahaiti.org\/site\/wp-content\/uploads\/2026\/02\/23450a4d-69e3-43eb-8287-29a3a11559d4-1.jpeg?fit=937%2C432&ssl=1&resize=700%2C400 2x"},"classes":[]},{"id":3016,"url":"https:\/\/fmahaiti.org\/site\/2022\/01\/31\/bonne-fete-de-saint-jean-bosco\/","url_meta":{"origin":14219,"position":5},"title":"Bonne F\u00eate de Saint Jean Bosco","author":"Sr Martha Seide","date":"31 janvier 2022","format":false,"excerpt":"Quelques traits de sa vie: Jean Bosco est n\u00e9 le 16 ao\u00fbt 1815, \u00e0 Castelnuovo d\u2019Asti, pr\u00e8s de Turin (Nord de l\u2019Italie).\u00a0Il est le troisi\u00e8me gar\u00e7on d\u2019une famille de modestes cultivateurs. \u00c0 9 ans, un \u201cr\u00eave\u201d oriente sa vocation d\u2019\u00e9ducateur. \u00c0 16 ans, il entre au coll\u00e8ge et doit travailler\u2026","rel":"","context":"Dans &quot;Famille Sal\u00e9sienne&quot;","block_context":{"text":"Famille Sal\u00e9sienne","link":"https:\/\/fmahaiti.org\/site\/category\/famille-salesienne\/"},"img":{"alt_text":"","src":"https:\/\/i0.wp.com\/fmahaiti.org\/site\/wp-content\/uploads\/2022\/01\/saint-jean-bosco.jpg?fit=780%2C437&ssl=1&resize=350%2C200","width":350,"height":200,"srcset":"https:\/\/i0.wp.com\/fmahaiti.org\/site\/wp-content\/uploads\/2022\/01\/saint-jean-bosco.jpg?fit=780%2C437&ssl=1&resize=350%2C200 1x, https:\/\/i0.wp.com\/fmahaiti.org\/site\/wp-content\/uploads\/2022\/01\/saint-jean-bosco.jpg?fit=780%2C437&ssl=1&resize=525%2C300 1.5x, https:\/\/i0.wp.com\/fmahaiti.org\/site\/wp-content\/uploads\/2022\/01\/saint-jean-bosco.jpg?fit=780%2C437&ssl=1&resize=700%2C400 2x"},"classes":[]}],"_links":{"self":[{"href":"https:\/\/fmahaiti.org\/site\/wp-json\/wp\/v2\/posts\/14219","targetHints":{"allow":["GET"]}}],"collection":[{"href":"https:\/\/fmahaiti.org\/site\/wp-json\/wp\/v2\/posts"}],"about":[{"href":"https:\/\/fmahaiti.org\/site\/wp-json\/wp\/v2\/types\/post"}],"author":[{"embeddable":true,"href":"https:\/\/fmahaiti.org\/site\/wp-json\/wp\/v2\/users\/2"}],"replies":[{"embeddable":true,"href":"https:\/\/fmahaiti.org\/site\/wp-json\/wp\/v2\/comments?post=14219"}],"version-history":[{"count":3,"href":"https:\/\/fmahaiti.org\/site\/wp-json\/wp\/v2\/posts\/14219\/revisions"}],"predecessor-version":[{"id":14226,"href":"https:\/\/fmahaiti.org\/site\/wp-json\/wp\/v2\/posts\/14219\/revisions\/14226"}],"wp:featuredmedia":[{"embeddable":true,"href":"https:\/\/fmahaiti.org\/site\/wp-json\/wp\/v2\/media\/14220"}],"wp:attachment":[{"href":"https:\/\/fmahaiti.org\/site\/wp-json\/wp\/v2\/media?parent=14219"}],"wp:term":[{"taxonomy":"category","embeddable":true,"href":"https:\/\/fmahaiti.org\/site\/wp-json\/wp\/v2\/categories?post=14219"},{"taxonomy":"post_tag","embeddable":true,"href":"https:\/\/fmahaiti.org\/site\/wp-json\/wp\/v2\/tags?post=14219"}],"curies":[{"name":"wp","href":"https:\/\/api.w.org\/{rel}","templated":true}]}}