{"id":14206,"date":"2026-01-14T08:58:54","date_gmt":"2026-01-14T13:58:54","guid":{"rendered":"https:\/\/fmahaiti.org\/site\/?p=14206"},"modified":"2026-01-14T08:58:54","modified_gmt":"2026-01-14T13:58:54","slug":"nouvelle-pierre-meme-mystere-la-dedicace-du-nouvel-autel-de-la-chapelle-sainte-catherine","status":"publish","type":"post","link":"https:\/\/fmahaiti.org\/site\/2026\/01\/14\/nouvelle-pierre-meme-mystere-la-dedicace-du-nouvel-autel-de-la-chapelle-sainte-catherine\/","title":{"rendered":"Nouvelle Pierre, m\u00eame Myst\u00e8re : La d\u00e9dicace du nouvel Autel de la Chapelle Sainte-Catherine!"},"content":{"rendered":"<p><img data-recalc-dims=\"1\" loading=\"lazy\" decoding=\"async\" class=\"aligncenter wp-image-14209 size-full\" src=\"https:\/\/i0.wp.com\/fmahaiti.org\/site\/wp-content\/uploads\/2026\/01\/IMG-20260113-WA0007.jpg?resize=843%2C455&#038;ssl=1\" alt=\"\" width=\"843\" height=\"455\" srcset=\"https:\/\/i0.wp.com\/fmahaiti.org\/site\/wp-content\/uploads\/2026\/01\/IMG-20260113-WA0007.jpg?w=1040&amp;ssl=1 1040w, https:\/\/i0.wp.com\/fmahaiti.org\/site\/wp-content\/uploads\/2026\/01\/IMG-20260113-WA0007.jpg?resize=300%2C162&amp;ssl=1 300w, https:\/\/i0.wp.com\/fmahaiti.org\/site\/wp-content\/uploads\/2026\/01\/IMG-20260113-WA0007.jpg?resize=1024%2C552&amp;ssl=1 1024w, https:\/\/i0.wp.com\/fmahaiti.org\/site\/wp-content\/uploads\/2026\/01\/IMG-20260113-WA0007.jpg?resize=768%2C414&amp;ssl=1 768w\" sizes=\"auto, (max-width: 843px) 100vw, 843px\" \/><\/p>\n<p>En ce dimanche 11 janvier 2026, jour l\u2019\u00c9glise c\u00e9l\u00e8bre la solennit\u00e9 du Bapt\u00eame du Seigneur, la communaut\u00e9 des S\u0153urs Sal\u00e9siennes du Cap-Haitien a v\u00e9cu un moment de gr\u00e2ce exceptionnelle. Son Excellence Monseigneur Launay Saturn\u00e9 archev\u00eaque m\u00e9tropolitain du Cap-Ha\u00eftien, et deux pr\u00eatres conc\u00e9l\u00e9brant a pr\u00e9sid\u00e9 la c\u00e9r\u00e9monie solennelle de d\u00e9dicace du nouvel autel de la chapelle Sainte-Catherine.<\/p>\n<p><img data-recalc-dims=\"1\" loading=\"lazy\" decoding=\"async\" class=\"alignleft wp-image-14211 size-medium\" src=\"https:\/\/i0.wp.com\/fmahaiti.org\/site\/wp-content\/uploads\/2026\/01\/1768337053233.jpg?resize=300%2C182&#038;ssl=1\" alt=\"\" width=\"300\" height=\"182\" srcset=\"https:\/\/i0.wp.com\/fmahaiti.org\/site\/wp-content\/uploads\/2026\/01\/1768337053233-scaled.jpg?resize=300%2C182&amp;ssl=1 300w, https:\/\/i0.wp.com\/fmahaiti.org\/site\/wp-content\/uploads\/2026\/01\/1768337053233-scaled.jpg?resize=1024%2C622&amp;ssl=1 1024w, https:\/\/i0.wp.com\/fmahaiti.org\/site\/wp-content\/uploads\/2026\/01\/1768337053233-scaled.jpg?resize=768%2C466&amp;ssl=1 768w, https:\/\/i0.wp.com\/fmahaiti.org\/site\/wp-content\/uploads\/2026\/01\/1768337053233-scaled.jpg?resize=1536%2C933&amp;ssl=1 1536w, https:\/\/i0.wp.com\/fmahaiti.org\/site\/wp-content\/uploads\/2026\/01\/1768337053233-scaled.jpg?resize=2048%2C1244&amp;ssl=1 2048w, https:\/\/i0.wp.com\/fmahaiti.org\/site\/wp-content\/uploads\/2026\/01\/1768337053233-scaled.jpg?w=1686&amp;ssl=1 1686w, https:\/\/i0.wp.com\/fmahaiti.org\/site\/wp-content\/uploads\/2026\/01\/1768337053233-scaled.jpg?w=2529&amp;ssl=1 2529w\" sizes=\"auto, (max-width: 300px) 100vw, 300px\" \/>\u200bLa c\u00e9l\u00e9bration a d\u00e9but\u00e9 par une procession d\u2019entr\u00e9e empreinte de gravit\u00e9. Contrairement \u00e0 l\u2019ordinaire, les c\u00e9l\u00e9brants ont p\u00e9n\u00e9tr\u00e9 dans la chapelle sans baiser l&rsquo;autel. Celui-ci, nu, sans nappe ni bougies, attendait de recevoir sa cons\u00e9cration. Ce d\u00e9pouillement initial soulignait le passage de l&rsquo;objet mat\u00e9riel \u00e0 l&rsquo;espace sacr\u00e9. Monseigneur Saturn\u00e9 a imm\u00e9diatement proc\u00e9d\u00e9 \u00e0 l\u2019aspersion de l\u2019assembl\u00e9e, puis du nouvel autel, rappelant la purification n\u00e9cessaire pour entrer dans le myst\u00e8re divin.<\/p>\n<p>\u200bDans une hom\u00e9lie profonde, Monseigneur Saturn\u00e9 a li\u00e9 la f\u00eate du jour \u00e0 la figure de Sainte Catherine, mod\u00e8le de sagesse et de fid\u00e9lit\u00e9. Il a rappel\u00e9 que la mission de J\u00e9sus commence au Jourdain et que chaque eucharistie c\u00e9l\u00e8bre le myst\u00e8re de sa mort et de sa r\u00e9surrection. S&rsquo;adressant aux fid\u00e8les, il a insist\u00e9 sur la port\u00e9e concr\u00e8te du bapt\u00eame : Par le bapt\u00eame, nous devenons membres de l&rsquo;\u00c9glise et Temples de l&rsquo;Esprit Saint. Il (le bapt\u00eame) n&rsquo;est pas un \u00ab\u00a0jeu\u00a0\u00bb. Il doit former une conscience droite. \u00ab Notre oui doit \u00eatre oui \u00bb, exhortant les chr\u00e9tiens \u00e0 \u00eatre des t\u00e9moins de justice et de v\u00e9rit\u00e9 pour ne pas \u00e9craser les autres par leur comportement. D\u2019apr\u00e8s lui, chaque baptis\u00e9 doit agir comme un agent de transformation l\u00e0 o\u00f9 il se trouve, vivant dans le respect de soi et d&rsquo;autrui. Il a pris du temps pour expliquer \u00e0 l\u2019assembl\u00e9e la signification du rite qu\u2019il va proc\u00e9der pour la d\u00e9dicace de l\u2019autel, il leur demande de pr\u00eater attention \u00e0 tout cela.<img data-recalc-dims=\"1\" loading=\"lazy\" decoding=\"async\" class=\"alignright wp-image-14212 size-medium\" src=\"https:\/\/i0.wp.com\/fmahaiti.org\/site\/wp-content\/uploads\/2026\/01\/1768337120519.jpg?resize=300%2C195&#038;ssl=1\" alt=\"\" width=\"300\" height=\"195\" srcset=\"https:\/\/i0.wp.com\/fmahaiti.org\/site\/wp-content\/uploads\/2026\/01\/1768337120519-scaled.jpg?resize=300%2C195&amp;ssl=1 300w, https:\/\/i0.wp.com\/fmahaiti.org\/site\/wp-content\/uploads\/2026\/01\/1768337120519-scaled.jpg?resize=1024%2C667&amp;ssl=1 1024w, https:\/\/i0.wp.com\/fmahaiti.org\/site\/wp-content\/uploads\/2026\/01\/1768337120519-scaled.jpg?resize=768%2C500&amp;ssl=1 768w, https:\/\/i0.wp.com\/fmahaiti.org\/site\/wp-content\/uploads\/2026\/01\/1768337120519-scaled.jpg?resize=1536%2C1000&amp;ssl=1 1536w, https:\/\/i0.wp.com\/fmahaiti.org\/site\/wp-content\/uploads\/2026\/01\/1768337120519-scaled.jpg?resize=2048%2C1333&amp;ssl=1 2048w, https:\/\/i0.wp.com\/fmahaiti.org\/site\/wp-content\/uploads\/2026\/01\/1768337120519-scaled.jpg?w=1686&amp;ssl=1 1686w, https:\/\/i0.wp.com\/fmahaiti.org\/site\/wp-content\/uploads\/2026\/01\/1768337120519-scaled.jpg?w=2529&amp;ssl=1 2529w\" sizes=\"auto, (max-width: 300px) 100vw, 300px\" \/><\/p>\n<p>\u200bTout de suite apr\u00e8s son hom\u00e9lie, on a pass\u00e9 \u00e0 l&rsquo;invocation de la cour c\u00e9leste par le chant des Litanies des Saints, affirmant la communion entre le ciel et la terre. Le rituel de d\u00e9dicace a suivi des \u00e9tapes s\u00e9culaires et mouvantes :<\/p>\n<p>\u200b<strong>L&rsquo;Onction :<\/strong> Monseigneur a consacr\u00e9 l&rsquo;autel avec le Saint Chr\u00eame. Cet acte marque le caract\u00e8re sacr\u00e9 de l&rsquo;autel : on ne peut plus y faire n&rsquo;importe quoi ; il appartient d\u00e9sormais \u00e0 Dieu.<\/p>\n<p><img data-recalc-dims=\"1\" loading=\"lazy\" decoding=\"async\" class=\"alignleft wp-image-14213 size-medium\" src=\"https:\/\/i0.wp.com\/fmahaiti.org\/site\/wp-content\/uploads\/2026\/01\/1768337329604.jpg?resize=300%2C184&#038;ssl=1\" alt=\"\" width=\"300\" height=\"184\" srcset=\"https:\/\/i0.wp.com\/fmahaiti.org\/site\/wp-content\/uploads\/2026\/01\/1768337329604-scaled.jpg?resize=300%2C184&amp;ssl=1 300w, https:\/\/i0.wp.com\/fmahaiti.org\/site\/wp-content\/uploads\/2026\/01\/1768337329604-scaled.jpg?resize=1024%2C629&amp;ssl=1 1024w, https:\/\/i0.wp.com\/fmahaiti.org\/site\/wp-content\/uploads\/2026\/01\/1768337329604-scaled.jpg?resize=768%2C472&amp;ssl=1 768w, https:\/\/i0.wp.com\/fmahaiti.org\/site\/wp-content\/uploads\/2026\/01\/1768337329604-scaled.jpg?resize=1536%2C943&amp;ssl=1 1536w, https:\/\/i0.wp.com\/fmahaiti.org\/site\/wp-content\/uploads\/2026\/01\/1768337329604-scaled.jpg?resize=2048%2C1258&amp;ssl=1 2048w, https:\/\/i0.wp.com\/fmahaiti.org\/site\/wp-content\/uploads\/2026\/01\/1768337329604-scaled.jpg?w=1686&amp;ssl=1 1686w, https:\/\/i0.wp.com\/fmahaiti.org\/site\/wp-content\/uploads\/2026\/01\/1768337329604-scaled.jpg?w=2529&amp;ssl=1 2529w\" sizes=\"auto, (max-width: 300px) 100vw, 300px\" \/>\u200b<strong>L&rsquo;Encensement :<\/strong> Un moment visuel fort a \u00e9t\u00e9 le br\u00fblage de l&rsquo;encens dans cinq vases dispos\u00e9s sur l&rsquo;autel (aux quatre coins et au centre), symbolisant les cinq plaies du Christ. Tandis que la fum\u00e9e montait, l\u2019archev\u00eaque a fait le tour de l&rsquo;autel avec l&rsquo;encensoir, et on chantait le refrain du Psaume 137 (Que ma pri\u00e8re devant toi s&rsquo;\u00e9l\u00e8ve comme un encens, et mes mains comme l\u2019offrande du soir), signifiant que la pri\u00e8re de l&rsquo;\u00c9glise s&rsquo;\u00e9l\u00e8ve vers Dieu depuis ce lieu.<\/p>\n<p>\u200b<strong>L&rsquo;Habillage :<\/strong> Ce n&rsquo;est qu&rsquo;apr\u00e8s ces rites que l&rsquo;autel a \u00e9t\u00e9 par\u00e9 de sa nappe blanche neuve, de ses si\u00e8ges allum\u00e9s et d&rsquo;une gerbe de fleurs, signifiant que la table est pr\u00eate pour le banquet eucharistique. Pendant cette partie, la chorale Fraternit\u00e9 chantait le chant de la lumi\u00e8re.<img data-recalc-dims=\"1\" loading=\"lazy\" decoding=\"async\" class=\"alignright wp-image-14214 size-medium\" src=\"https:\/\/i0.wp.com\/fmahaiti.org\/site\/wp-content\/uploads\/2026\/01\/IMG_20260111_092213903_HDR.jpg?resize=300%2C172&#038;ssl=1\" alt=\"\" width=\"300\" height=\"172\" srcset=\"https:\/\/i0.wp.com\/fmahaiti.org\/site\/wp-content\/uploads\/2026\/01\/IMG_20260111_092213903_HDR-scaled.jpg?resize=300%2C172&amp;ssl=1 300w, https:\/\/i0.wp.com\/fmahaiti.org\/site\/wp-content\/uploads\/2026\/01\/IMG_20260111_092213903_HDR-scaled.jpg?resize=1024%2C589&amp;ssl=1 1024w, https:\/\/i0.wp.com\/fmahaiti.org\/site\/wp-content\/uploads\/2026\/01\/IMG_20260111_092213903_HDR-scaled.jpg?resize=768%2C442&amp;ssl=1 768w, https:\/\/i0.wp.com\/fmahaiti.org\/site\/wp-content\/uploads\/2026\/01\/IMG_20260111_092213903_HDR-scaled.jpg?resize=1536%2C883&amp;ssl=1 1536w, https:\/\/i0.wp.com\/fmahaiti.org\/site\/wp-content\/uploads\/2026\/01\/IMG_20260111_092213903_HDR-scaled.jpg?resize=2048%2C1177&amp;ssl=1 2048w, https:\/\/i0.wp.com\/fmahaiti.org\/site\/wp-content\/uploads\/2026\/01\/IMG_20260111_092213903_HDR-scaled.jpg?w=1686&amp;ssl=1 1686w, https:\/\/i0.wp.com\/fmahaiti.org\/site\/wp-content\/uploads\/2026\/01\/IMG_20260111_092213903_HDR-scaled.jpg?w=2529&amp;ssl=1 2529w\" sizes=\"auto, (max-width: 300px) 100vw, 300px\" \/><\/p>\n<p>\u200bApr\u00e8s le rituel, la messe s&rsquo;est poursuivie avec la pr\u00e9sentation des dons sur ce nouvel autel d\u00e9sormais \u00ab\u00a0vivant\u00a0\u00bb et on continue avec la c\u00e9l\u00e9bration comme \u00e0 l\u2019ordinaire. Apr\u00e8s le chant d\u2019action de gr\u00e2ce, Sr Mathilde Piard l\u2019animatrice de l\u2019\u0153uvre a adress\u00e9 ses remerciements au Monseigneur Launay, aux conc\u00e9l\u00e9brants, au diacre et le s\u00e9minariste qui \u00e9taient pr\u00e9sent, elle\u00a0 remercie les fid\u00e8les d\u2019avoir pris part \u00e0 cette belle activit\u00e9 spirituelle. Sa gratitude va \u00e0 la chorale fraternit\u00e9 de la chapelle, les musiciens, les mimeuses, les servants d\u2019autel et sp\u00e9cialement aux s\u0153urs de la communaut\u00e9 qui ont donn\u00e9 leur collaboration pour la r\u00e9alisation de ce jour.<\/p>\n<p><img data-recalc-dims=\"1\" loading=\"lazy\" decoding=\"async\" class=\"alignleft wp-image-14215 size-medium\" src=\"https:\/\/i0.wp.com\/fmahaiti.org\/site\/wp-content\/uploads\/2026\/01\/IMG_20260111_100933102_HDR.jpg?resize=300%2C300&#038;ssl=1\" alt=\"\" width=\"300\" height=\"300\" srcset=\"https:\/\/i0.wp.com\/fmahaiti.org\/site\/wp-content\/uploads\/2026\/01\/IMG_20260111_100933102_HDR-scaled.jpg?resize=300%2C300&amp;ssl=1 300w, https:\/\/i0.wp.com\/fmahaiti.org\/site\/wp-content\/uploads\/2026\/01\/IMG_20260111_100933102_HDR-scaled.jpg?resize=1024%2C1024&amp;ssl=1 1024w, https:\/\/i0.wp.com\/fmahaiti.org\/site\/wp-content\/uploads\/2026\/01\/IMG_20260111_100933102_HDR-scaled.jpg?resize=150%2C150&amp;ssl=1 150w, https:\/\/i0.wp.com\/fmahaiti.org\/site\/wp-content\/uploads\/2026\/01\/IMG_20260111_100933102_HDR-scaled.jpg?resize=768%2C767&amp;ssl=1 768w, https:\/\/i0.wp.com\/fmahaiti.org\/site\/wp-content\/uploads\/2026\/01\/IMG_20260111_100933102_HDR-scaled.jpg?resize=1536%2C1536&amp;ssl=1 1536w, https:\/\/i0.wp.com\/fmahaiti.org\/site\/wp-content\/uploads\/2026\/01\/IMG_20260111_100933102_HDR-scaled.jpg?resize=2048%2C2046&amp;ssl=1 2048w, https:\/\/i0.wp.com\/fmahaiti.org\/site\/wp-content\/uploads\/2026\/01\/IMG_20260111_100933102_HDR-scaled.jpg?w=1686&amp;ssl=1 1686w, https:\/\/i0.wp.com\/fmahaiti.org\/site\/wp-content\/uploads\/2026\/01\/IMG_20260111_100933102_HDR-scaled.jpg?w=2529&amp;ssl=1 2529w\" sizes=\"auto, (max-width: 300px) 100vw, 300px\" \/>Les S\u0153urs Sal\u00e9siennes et les fid\u00e8les pr\u00e9sents ont ainsi c\u00e9l\u00e9br\u00e9 non seulement une structure de bois, mais le c\u0153ur m\u00eame de leur vie communautaire: le lieu o\u00f9 le sacrifice du Christ se rend pr\u00e9sent.<\/p>\n<p>Cette d\u00e9dicace restera grav\u00e9e dans les m\u00e9moires comme un appel \u00e0 la coh\u00e9rence entre la foi c\u00e9l\u00e9br\u00e9e \u00e0 l&rsquo;autel et la vie men\u00e9e au quotidien dans la soci\u00e9t\u00e9.<\/p>\n<p>&nbsp;<\/p>\n<p><strong>S\u0153ur Est\u00e9phanie Saint-Philippe, antenne de communication pour la communaut\u00e9 Marie Auxiliatrice du Cap-Haitien.\u00a0<\/strong><\/p>\n","protected":false},"excerpt":{"rendered":"<p>En ce dimanche 11 janvier 2026, jour l\u2019\u00c9glise c\u00e9l\u00e8bre la solennit\u00e9 du Bapt\u00eame du Seigneur, la communaut\u00e9 des S\u0153urs Sal\u00e9siennes du Cap-Haitien a v\u00e9cu un&hellip;<\/p>\n","protected":false},"author":8,"featured_media":14214,"comment_status":"open","ping_status":"open","sticky":false,"template":"","format":"standard","meta":{"_jetpack_memberships_contains_paid_content":false,"footnotes":"","jetpack_publicize_message":"","jetpack_publicize_feature_enabled":true,"jetpack_social_post_already_shared":true,"jetpack_social_options":{"image_generator_settings":{"template":"highway","default_image_id":0,"font":"","enabled":false},"version":2}},"categories":[17],"tags":[],"class_list":["post-14206","post","type-post","status-publish","format-standard","has-post-thumbnail","hentry","category-eglise"],"jetpack_publicize_connections":[],"jetpack_featured_media_url":"https:\/\/i0.wp.com\/fmahaiti.org\/site\/wp-content\/uploads\/2026\/01\/IMG_20260111_092213903_HDR-scaled.jpg?fit=2560%2C1472&ssl=1","jetpack_sharing_enabled":true,"jetpack_shortlink":"https:\/\/wp.me\/pcR5kd-3H8","jetpack-related-posts":[{"id":8255,"url":"https:\/\/fmahaiti.org\/site\/2024\/05\/02\/fete-patronale-chapelle-sainte-catherine-de-sienne\/","url_meta":{"origin":14206,"position":0},"title":"F\u00eate Patronale chapelle Sainte Catherine de Sienne","author":"Marie Auxiliatrice Cap-Haitien","date":"2 mai 2024","format":false,"excerpt":"Dans une lettre adress\u00e9e a un abb\u00e9,\u00a0 Sainte Catherine disait : \u00ab C'est la voie du Christ crucifi\u00e9 qui nous donnera toujours la lumi\u00e8re et la gr\u00e2ce. Mais si nous suivons une autre voie, nous marcherons de t\u00e9n\u00e8bres en t\u00e9n\u00e8bres et finalement \u00e0 la mort \u00e9ternelle \u00bb. Sainte Catherine de\u2026","rel":"","context":"Dans &quot;Eglise&quot;","block_context":{"text":"Eglise","link":"https:\/\/fmahaiti.org\/site\/category\/eglise\/"},"img":{"alt_text":"","src":"https:\/\/i0.wp.com\/fmahaiti.org\/site\/wp-content\/uploads\/2024\/05\/IMG-20240501-WA0023.jpg?fit=780%2C776&ssl=1&resize=350%2C200","width":350,"height":200,"srcset":"https:\/\/i0.wp.com\/fmahaiti.org\/site\/wp-content\/uploads\/2024\/05\/IMG-20240501-WA0023.jpg?fit=780%2C776&ssl=1&resize=350%2C200 1x, https:\/\/i0.wp.com\/fmahaiti.org\/site\/wp-content\/uploads\/2024\/05\/IMG-20240501-WA0023.jpg?fit=780%2C776&ssl=1&resize=525%2C300 1.5x, https:\/\/i0.wp.com\/fmahaiti.org\/site\/wp-content\/uploads\/2024\/05\/IMG-20240501-WA0023.jpg?fit=780%2C776&ssl=1&resize=700%2C400 2x"},"classes":[]},{"id":3480,"url":"https:\/\/fmahaiti.org\/site\/2022\/05\/29\/ordination-diaconale-en-vue-du-sacerdoce-de-drood-guy-d-joseph-sdb-haitien\/","url_meta":{"origin":14206,"position":1},"title":"Ordination Diaconale en vue du Sacerdoce de Drood-Guy D. Joseph, SDB ha\u00eftien","author":"Sr Monette Octave","date":"29 mai 2022","format":false,"excerpt":"En ce samedi 28 Mai 2022, il y avait une ambiance, pas ordinaire, \u00e0 la chapelle Saint Jean Bosco de P\u00e9tion-Ville. L\u2019Ev\u00eaque Em\u00e9rite du Cap-Haitien, Monseigneur Louis Nerval K\u00e9breau SDB, \u00a0ordonnait le diacre Drood-Guy D. Joseph SDB, en vue du sacerdoce. L\u2019Eglise a un nouveau pasteur. Il \u00e9tait entour\u00e9 de\u2026","rel":"","context":"Dans &quot;Famille Sal\u00e9sienne&quot;","block_context":{"text":"Famille Sal\u00e9sienne","link":"https:\/\/fmahaiti.org\/site\/category\/famille-salesienne\/"},"img":{"alt_text":"","src":"https:\/\/i0.wp.com\/fmahaiti.org\/site\/wp-content\/uploads\/2022\/05\/a459b50d-8764-492b-89a1-49421b834e71.jpg?fit=1008%2C756&ssl=1&resize=350%2C200","width":350,"height":200,"srcset":"https:\/\/i0.wp.com\/fmahaiti.org\/site\/wp-content\/uploads\/2022\/05\/a459b50d-8764-492b-89a1-49421b834e71.jpg?fit=1008%2C756&ssl=1&resize=350%2C200 1x, https:\/\/i0.wp.com\/fmahaiti.org\/site\/wp-content\/uploads\/2022\/05\/a459b50d-8764-492b-89a1-49421b834e71.jpg?fit=1008%2C756&ssl=1&resize=525%2C300 1.5x, https:\/\/i0.wp.com\/fmahaiti.org\/site\/wp-content\/uploads\/2022\/05\/a459b50d-8764-492b-89a1-49421b834e71.jpg?fit=1008%2C756&ssl=1&resize=700%2C400 2x"},"classes":[]},{"id":8779,"url":"https:\/\/fmahaiti.org\/site\/2024\/06\/02\/la-fete-du-saint-sacrement-une-celebration-de-foi-et-de-communaute\/","url_meta":{"origin":14206,"position":2},"title":"La F\u00eate du Saint-Sacrement : Une C\u00e9l\u00e9bration de Foi et de Communaut\u00e9.","author":"Perpetuel Secours Cayes","date":"2 juin 2024","format":false,"excerpt":"Ce jeudi 30 mai 2024, Tous les fid\u00e8les de la zone pastorale du Sud se sont r\u00e9unis pour c\u00e9l\u00e9brer un moment sacr\u00e9 et profond\u00e9ment significatif dans la tradition catholique depuis le XIII\u00e8me si\u00e8cle. Cette ann\u00e9e, la c\u00e9l\u00e9bration rev\u00eatait une importance particuli\u00e8re, car elle a \u00e9t\u00e9 marqu\u00e9e par la participation des\u2026","rel":"","context":"Dans &quot;Eglise&quot;","block_context":{"text":"Eglise","link":"https:\/\/fmahaiti.org\/site\/category\/eglise\/"},"img":{"alt_text":"","src":"https:\/\/i0.wp.com\/fmahaiti.org\/site\/wp-content\/uploads\/2024\/06\/IMG-20240531-WA0059.jpg?fit=1200%2C1200&ssl=1&resize=350%2C200","width":350,"height":200,"srcset":"https:\/\/i0.wp.com\/fmahaiti.org\/site\/wp-content\/uploads\/2024\/06\/IMG-20240531-WA0059.jpg?fit=1200%2C1200&ssl=1&resize=350%2C200 1x, https:\/\/i0.wp.com\/fmahaiti.org\/site\/wp-content\/uploads\/2024\/06\/IMG-20240531-WA0059.jpg?fit=1200%2C1200&ssl=1&resize=525%2C300 1.5x, https:\/\/i0.wp.com\/fmahaiti.org\/site\/wp-content\/uploads\/2024\/06\/IMG-20240531-WA0059.jpg?fit=1200%2C1200&ssl=1&resize=700%2C400 2x, https:\/\/i0.wp.com\/fmahaiti.org\/site\/wp-content\/uploads\/2024\/06\/IMG-20240531-WA0059.jpg?fit=1200%2C1200&ssl=1&resize=1050%2C600 3x"},"classes":[]},{"id":13765,"url":"https:\/\/fmahaiti.org\/site\/2025\/12\/13\/dernier-samedi-jubilaire\/","url_meta":{"origin":14206,"position":3},"title":"Dernier Samedi jubilaire","author":"Marie Dominique Saint Martin","date":"13 d\u00e9cembre 2025","format":false,"excerpt":"La Paroisse Saint \u2013Barth\u00e9l\u00e9my est l\u2019une des Paroisse Sanctuaire du Dioc\u00e8se de Guadeloupe. Apr\u00e8s le samedi jubilaire dans le Sanctuaire de Saint-Martin de Tours du 27 septembre 2025, est arriv\u00e9 le tour de la Paroisse de Saint-Barth\u00e9l\u00e9my \u00e0 Saint-Barth\u00e9l\u00e9my. Le samedi 6 d\u00e9cembre 2025 vers 7h du matin une bonne\u2026","rel":"","context":"Dans &quot;Activit\u00e9s&quot;","block_context":{"text":"Activit\u00e9s","link":"https:\/\/fmahaiti.org\/site\/category\/activites\/"},"img":{"alt_text":"","src":"https:\/\/i0.wp.com\/fmahaiti.org\/site\/wp-content\/uploads\/2025\/12\/stbarth2.jpeg?fit=586%2C920&ssl=1&resize=350%2C200","width":350,"height":200,"srcset":"https:\/\/i0.wp.com\/fmahaiti.org\/site\/wp-content\/uploads\/2025\/12\/stbarth2.jpeg?fit=586%2C920&ssl=1&resize=350%2C200 1x, https:\/\/i0.wp.com\/fmahaiti.org\/site\/wp-content\/uploads\/2025\/12\/stbarth2.jpeg?fit=586%2C920&ssl=1&resize=525%2C300 1.5x"},"classes":[]},{"id":10552,"url":"https:\/\/fmahaiti.org\/site\/2024\/12\/17\/un-reve-qui-est-devenu-une-realite\/","url_meta":{"origin":14206,"position":4},"title":"Un r\u00eave qui est devenu une r\u00e9alit\u00e9!","author":"Marie Dominique Saint Martin","date":"17 d\u00e9cembre 2024","format":false,"excerpt":"Cette ann\u00e9e la Paroisse de Saint Martin de Tour n\u2019avait pas organis\u00e9 de neuvaine pour la f\u00eate de l\u2019Immacul\u00e9e Conception, Patronne de la Chapelle de la communaut\u00e9 de Grand Case, Marie Etoile de la Mer. En raison de la pr\u00e9paration de l\u2019inauguration et de la b\u00e9n\u00e9diction de la Chapelle, qui\u2026","rel":"","context":"Dans &quot;Eglise&quot;","block_context":{"text":"Eglise","link":"https:\/\/fmahaiti.org\/site\/category\/eglise\/"},"img":{"alt_text":"","src":"https:\/\/i0.wp.com\/fmahaiti.org\/site\/wp-content\/uploads\/2024\/12\/inaugu8.jpg?fit=893%2C1100&ssl=1&resize=350%2C200","width":350,"height":200,"srcset":"https:\/\/i0.wp.com\/fmahaiti.org\/site\/wp-content\/uploads\/2024\/12\/inaugu8.jpg?fit=893%2C1100&ssl=1&resize=350%2C200 1x, https:\/\/i0.wp.com\/fmahaiti.org\/site\/wp-content\/uploads\/2024\/12\/inaugu8.jpg?fit=893%2C1100&ssl=1&resize=525%2C300 1.5x, https:\/\/i0.wp.com\/fmahaiti.org\/site\/wp-content\/uploads\/2024\/12\/inaugu8.jpg?fit=893%2C1100&ssl=1&resize=700%2C400 2x"},"classes":[]},{"id":12552,"url":"https:\/\/fmahaiti.org\/site\/2025\/06\/28\/1860-2025-165-anniversaire-du-concordat-entre-haiti-et-le-saint-siege\/","url_meta":{"origin":14206,"position":5},"title":"1860-2025: 165\u00b0 anniversaire du Concordat entre Haiti et le Saint-Si\u00e8ge","author":"Sr Martha Seide","date":"28 juin 2025","format":false,"excerpt":"A l'occasion du 165\u00b0 anniversaire du Concordat entre le Saint-Si\u00e8ge et la R\u00e9publique d'Ha\u00efti, des initiatives ont \u00e9t\u00e9 organis\u00e9es pendant trois jours pour souligner cet \u00e9v\u00e9nement. Le jeudi 26 juin, on a eu une conf\u00e9rence \u00e0 deux voix sur \u00ab L\u2019histoire des relations entre le Saint-Si\u00e8ge et la R\u00e9publique d\u2019Ha\u00efti\u2026","rel":"","context":"Dans &quot;Comm\u00e9moration&quot;","block_context":{"text":"Comm\u00e9moration","link":"https:\/\/fmahaiti.org\/site\/category\/commemoration\/"},"img":{"alt_text":"","src":"https:\/\/i0.wp.com\/fmahaiti.org\/site\/wp-content\/uploads\/2025\/06\/sr-martha-e-mgr.jpg?fit=1200%2C900&ssl=1&resize=350%2C200","width":350,"height":200,"srcset":"https:\/\/i0.wp.com\/fmahaiti.org\/site\/wp-content\/uploads\/2025\/06\/sr-martha-e-mgr.jpg?fit=1200%2C900&ssl=1&resize=350%2C200 1x, https:\/\/i0.wp.com\/fmahaiti.org\/site\/wp-content\/uploads\/2025\/06\/sr-martha-e-mgr.jpg?fit=1200%2C900&ssl=1&resize=525%2C300 1.5x, https:\/\/i0.wp.com\/fmahaiti.org\/site\/wp-content\/uploads\/2025\/06\/sr-martha-e-mgr.jpg?fit=1200%2C900&ssl=1&resize=700%2C400 2x, https:\/\/i0.wp.com\/fmahaiti.org\/site\/wp-content\/uploads\/2025\/06\/sr-martha-e-mgr.jpg?fit=1200%2C900&ssl=1&resize=1050%2C600 3x"},"classes":[]}],"_links":{"self":[{"href":"https:\/\/fmahaiti.org\/site\/wp-json\/wp\/v2\/posts\/14206","targetHints":{"allow":["GET"]}}],"collection":[{"href":"https:\/\/fmahaiti.org\/site\/wp-json\/wp\/v2\/posts"}],"about":[{"href":"https:\/\/fmahaiti.org\/site\/wp-json\/wp\/v2\/types\/post"}],"author":[{"embeddable":true,"href":"https:\/\/fmahaiti.org\/site\/wp-json\/wp\/v2\/users\/8"}],"replies":[{"embeddable":true,"href":"https:\/\/fmahaiti.org\/site\/wp-json\/wp\/v2\/comments?post=14206"}],"version-history":[{"count":3,"href":"https:\/\/fmahaiti.org\/site\/wp-json\/wp\/v2\/posts\/14206\/revisions"}],"predecessor-version":[{"id":14216,"href":"https:\/\/fmahaiti.org\/site\/wp-json\/wp\/v2\/posts\/14206\/revisions\/14216"}],"wp:featuredmedia":[{"embeddable":true,"href":"https:\/\/fmahaiti.org\/site\/wp-json\/wp\/v2\/media\/14214"}],"wp:attachment":[{"href":"https:\/\/fmahaiti.org\/site\/wp-json\/wp\/v2\/media?parent=14206"}],"wp:term":[{"taxonomy":"category","embeddable":true,"href":"https:\/\/fmahaiti.org\/site\/wp-json\/wp\/v2\/categories?post=14206"},{"taxonomy":"post_tag","embeddable":true,"href":"https:\/\/fmahaiti.org\/site\/wp-json\/wp\/v2\/tags?post=14206"}],"curies":[{"name":"wp","href":"https:\/\/api.w.org\/{rel}","templated":true}]}}