{"id":14175,"date":"2025-12-30T14:27:19","date_gmt":"2025-12-30T19:27:19","guid":{"rendered":"https:\/\/fmahaiti.org\/site\/?p=14175"},"modified":"2026-01-01T14:40:50","modified_gmt":"2026-01-01T19:40:50","slug":"noel-des-eleves-a-la-communaute-jesus-enfant-de-la-cite-militaire","status":"publish","type":"post","link":"https:\/\/fmahaiti.org\/site\/2025\/12\/30\/noel-des-eleves-a-la-communaute-jesus-enfant-de-la-cite-militaire\/","title":{"rendered":"No\u00ebl des \u00e9l\u00e8ves \u00e0 la Communaut\u00e9 J\u00e9sus Enfant de la Cit\u00e9 Militaire!"},"content":{"rendered":"<p><img data-recalc-dims=\"1\" loading=\"lazy\" decoding=\"async\" class=\"aligncenter wp-image-14176 size-full\" src=\"https:\/\/i0.wp.com\/fmahaiti.org\/site\/wp-content\/uploads\/2026\/01\/IMG-20251231-WA0006.jpg?resize=768%2C802&#038;ssl=1\" alt=\"\" width=\"768\" height=\"802\" srcset=\"https:\/\/i0.wp.com\/fmahaiti.org\/site\/wp-content\/uploads\/2026\/01\/IMG-20251231-WA0006.jpg?w=768&amp;ssl=1 768w, https:\/\/i0.wp.com\/fmahaiti.org\/site\/wp-content\/uploads\/2026\/01\/IMG-20251231-WA0006.jpg?resize=287%2C300&amp;ssl=1 287w\" sizes=\"auto, (max-width: 768px) 100vw, 768px\" \/><\/p>\n<p>No\u00ebl pour les religieux symbolise l&rsquo;amour de Dieu pour l&rsquo;humanit\u00e9 enti\u00e8re. Culturellement, No\u00ebl est per\u00e7u comme une grande f\u00eate de famille, de partage, de joie, d&rsquo;\u00e9change des v\u0153ux et des cadeaux avec la figure de P\u00e8re No\u00ebl.<\/p>\n<p><img data-recalc-dims=\"1\" loading=\"lazy\" decoding=\"async\" class=\"alignleft wp-image-14177 size-medium\" src=\"https:\/\/i0.wp.com\/fmahaiti.org\/site\/wp-content\/uploads\/2026\/01\/IMG-20251231-WA0003.jpg?resize=225%2C300&#038;ssl=1\" alt=\"\" width=\"225\" height=\"300\" srcset=\"https:\/\/i0.wp.com\/fmahaiti.org\/site\/wp-content\/uploads\/2026\/01\/IMG-20251231-WA0003.jpg?resize=225%2C300&amp;ssl=1 225w, https:\/\/i0.wp.com\/fmahaiti.org\/site\/wp-content\/uploads\/2026\/01\/IMG-20251231-WA0003.jpg?w=768&amp;ssl=1 768w\" sizes=\"auto, (max-width: 225px) 100vw, 225px\" \/>Ne pouvant pas passer sous silence un si grand \u00e9v\u00e9nement populaire, les \u00e9l\u00e8ves de l&rsquo;Ecole J\u00e9sus Enfant se sont rassembl\u00e9s ce vendredi 19 d\u00e9cembre 2025 pour c\u00e9l\u00e9brer et festoyer fraternellement.<\/p>\n<p>Tout a commenc\u00e9 avec une fervente et vivante c\u00e9l\u00e9bration anim\u00e9e par la responsable de la pastorale, S\u0153ur Faby Colin sur l&rsquo;histoire de la naissance de J\u00e9sus tir\u00e9e de l\u2019\u00e9vangile de Saint Luc au chapitre 2. Celle-ci r\u00e9v\u00e8le une puissante v\u00e9rit\u00e9, le plus grand cadeau de Dieu est venu dans la mani\u00e8re la plus humble apportant l&rsquo;espoir, la lumi\u00e8re et la paix au monde. C&rsquo;est une bonne nouvelle qui m\u00e9rite d\u2019\u00eatre annonc\u00e9e. D\u00e9sormais, rien\u00a0 dans l&rsquo;histoire humaine ne peut se faire sans Dieu. Il est donc inutile de chercher \u00e0 exclure et chasser Dieu dans sa vie. J\u00e9sus est au milieu de nous pour que l\u2019\u00eatre humain, tout \u00eatre humain puisse se lever et se mettre debout.<\/p>\n<p>Apr\u00e8s un temps de silence et de r\u00e9flexion sur l&rsquo;explication sur la naissance de J\u00e9sus, les \u00e9l\u00e8ves sont invit\u00e9s \u00e0 s&rsquo;approcher avec une attitude de foi et de recueillement pour adorer l&rsquo;Enfant J\u00e9sus dans la cr\u00e8che.<img data-recalc-dims=\"1\" loading=\"lazy\" decoding=\"async\" class=\"alignright wp-image-14178 size-medium\" src=\"https:\/\/i0.wp.com\/fmahaiti.org\/site\/wp-content\/uploads\/2026\/01\/IMG-20251231-WA00071.jpg?resize=266%2C300&#038;ssl=1\" alt=\"\" width=\"266\" height=\"300\" srcset=\"https:\/\/i0.wp.com\/fmahaiti.org\/site\/wp-content\/uploads\/2026\/01\/IMG-20251231-WA00071.jpg?resize=266%2C300&amp;ssl=1 266w, https:\/\/i0.wp.com\/fmahaiti.org\/site\/wp-content\/uploads\/2026\/01\/IMG-20251231-WA00071.jpg?resize=909%2C1024&amp;ssl=1 909w, https:\/\/i0.wp.com\/fmahaiti.org\/site\/wp-content\/uploads\/2026\/01\/IMG-20251231-WA00071.jpg?resize=768%2C866&amp;ssl=1 768w, https:\/\/i0.wp.com\/fmahaiti.org\/site\/wp-content\/uploads\/2026\/01\/IMG-20251231-WA00071.jpg?w=929&amp;ssl=1 929w\" sizes=\"auto, (max-width: 266px) 100vw, 266px\" \/><\/p>\n<p>Cette belle c\u00e9l\u00e9bration fut suivie par un moment de convivialit\u00e9. Les \u00e9l\u00e8ves accompagn\u00e9s de leurs Professeurs sont retourn\u00e9s dans leur salle respective autour d&rsquo;un repas, de la musique, des jolies chansons de No\u00ebl, d&rsquo;\u00e9change des v\u0153ux et des cadeaux, des rires et des simples conversations, cr\u00e9ant une ambiance chaleureuse et fraternelle.<\/p>\n<p>Nous remercions le Seigneur pour sa douce pr\u00e9sence et pour la forte collaboration de tout un chacun \u00e0 la r\u00e9alisation de cette agr\u00e9able journ\u00e9e festive \u00e0 No\u00ebl.<\/p>\n<p>Que l&rsquo;Emmanuel Prince de la paix demeure en nos c\u0153urs\u00a0!<\/p>\n<p><img data-recalc-dims=\"1\" loading=\"lazy\" decoding=\"async\" class=\"alignleft wp-image-14179 size-full\" src=\"https:\/\/i0.wp.com\/fmahaiti.org\/site\/wp-content\/uploads\/2026\/01\/IMG-20251231-WA0004.jpg?resize=768%2C1024&#038;ssl=1\" alt=\"\" width=\"768\" height=\"1024\" srcset=\"https:\/\/i0.wp.com\/fmahaiti.org\/site\/wp-content\/uploads\/2026\/01\/IMG-20251231-WA0004.jpg?w=768&amp;ssl=1 768w, https:\/\/i0.wp.com\/fmahaiti.org\/site\/wp-content\/uploads\/2026\/01\/IMG-20251231-WA0004.jpg?resize=225%2C300&amp;ssl=1 225w\" sizes=\"auto, (max-width: 768px) 100vw, 768px\" \/><\/p>\n","protected":false},"excerpt":{"rendered":"<p>No\u00ebl pour les religieux symbolise l&rsquo;amour de Dieu pour l&rsquo;humanit\u00e9 enti\u00e8re. Culturellement, No\u00ebl est per\u00e7u comme une grande f\u00eate de famille, de partage, de joie,&hellip;<\/p>\n","protected":false},"author":4,"featured_media":14179,"comment_status":"open","ping_status":"open","sticky":false,"template":"","format":"standard","meta":{"_jetpack_memberships_contains_paid_content":false,"footnotes":"","jetpack_publicize_message":"","jetpack_publicize_feature_enabled":true,"jetpack_social_post_already_shared":true,"jetpack_social_options":{"image_generator_settings":{"template":"highway","default_image_id":0,"font":"","enabled":false},"version":2}},"categories":[6,28],"tags":[],"class_list":["post-14175","post","type-post","status-publish","format-standard","has-post-thumbnail","hentry","category-convivialite","category-noel"],"jetpack_publicize_connections":[],"jetpack_featured_media_url":"https:\/\/i0.wp.com\/fmahaiti.org\/site\/wp-content\/uploads\/2026\/01\/IMG-20251231-WA0004.jpg?fit=768%2C1024&ssl=1","jetpack_sharing_enabled":true,"jetpack_shortlink":"https:\/\/wp.me\/pcR5kd-3GD","jetpack-related-posts":[{"id":7266,"url":"https:\/\/fmahaiti.org\/site\/2023\/12\/25\/vivons-lesprit-de-noel\/","url_meta":{"origin":14175,"position":0},"title":"Vivons l\u2019esprit de No\u00ebl!","author":"Marie Regine Thorland","date":"25 d\u00e9cembre 2023","format":false,"excerpt":"En pr\u00e9lude \u00e0 la grande c\u00e9l\u00e9bration du Myst\u00e8re de l\u2019Incarnation :( Le Fils\u00a0 de Dieu fait homme parmi nous.)Les coll\u00e9giens de \u00a0Marie R\u00e9gine \u00a0ont c\u00e9l\u00e9br\u00e9 \u00a0ce vendredi 22 d\u00e9cembre avec \u00a0une grande convivialit\u00e9. D\u2019abord nous avons pris le temps pour rendre gr\u00e2ce au Seigneur qui nous a aid\u00e9s \u00e0 sauver\u2026","rel":"","context":"Dans &quot;Activit\u00e9s&quot;","block_context":{"text":"Activit\u00e9s","link":"https:\/\/fmahaiti.org\/site\/category\/activites\/"},"img":{"alt_text":"","src":"https:\/\/i0.wp.com\/fmahaiti.org\/site\/wp-content\/uploads\/2023\/12\/PHOTO-2023-12-22-18-34-27-1.jpg?fit=1200%2C540&ssl=1&resize=350%2C200","width":350,"height":200,"srcset":"https:\/\/i0.wp.com\/fmahaiti.org\/site\/wp-content\/uploads\/2023\/12\/PHOTO-2023-12-22-18-34-27-1.jpg?fit=1200%2C540&ssl=1&resize=350%2C200 1x, https:\/\/i0.wp.com\/fmahaiti.org\/site\/wp-content\/uploads\/2023\/12\/PHOTO-2023-12-22-18-34-27-1.jpg?fit=1200%2C540&ssl=1&resize=525%2C300 1.5x, https:\/\/i0.wp.com\/fmahaiti.org\/site\/wp-content\/uploads\/2023\/12\/PHOTO-2023-12-22-18-34-27-1.jpg?fit=1200%2C540&ssl=1&resize=700%2C400 2x, https:\/\/i0.wp.com\/fmahaiti.org\/site\/wp-content\/uploads\/2023\/12\/PHOTO-2023-12-22-18-34-27-1.jpg?fit=1200%2C540&ssl=1&resize=1050%2C600 3x"},"classes":[]},{"id":4467,"url":"https:\/\/fmahaiti.org\/site\/2022\/12\/31\/linstitution-jesus-enfant-sent-la-noel\/","url_meta":{"origin":14175,"position":1},"title":"L\u2019institution J\u00e9sus Enfant sent la no\u00ebl !","author":"Jesus Enfant Cite Miltaire","date":"31 d\u00e9cembre 2022","format":false,"excerpt":"L\u2019institution J\u00e9sus Enfant sent la no\u00ebl\u00a0! \u00c0 chaque f\u00eate sa tradition et son histoire. No\u00ebl est la c\u00e9l\u00e9bration de la naissance de J\u00e9sus Christ. Cette naissance,\u00a0 chaque 25 d\u00e9cembre, donne aujourd\u2019hui lieu \u00e0 des rassemblements chr\u00e9tiens, familiaux et l\u2019\u00e9change de pr\u00e9sents un peu partout dans le monde entier. Par compte\u2026","rel":"","context":"Article similaire","block_context":{"text":"Article similaire","link":""},"img":{"alt_text":"","src":"https:\/\/i0.wp.com\/fmahaiti.org\/site\/wp-content\/uploads\/2022\/12\/cmnoel2.jpg?fit=728%2C403&ssl=1&resize=350%2C200","width":350,"height":200,"srcset":"https:\/\/i0.wp.com\/fmahaiti.org\/site\/wp-content\/uploads\/2022\/12\/cmnoel2.jpg?fit=728%2C403&ssl=1&resize=350%2C200 1x, https:\/\/i0.wp.com\/fmahaiti.org\/site\/wp-content\/uploads\/2022\/12\/cmnoel2.jpg?fit=728%2C403&ssl=1&resize=525%2C300 1.5x, https:\/\/i0.wp.com\/fmahaiti.org\/site\/wp-content\/uploads\/2022\/12\/cmnoel2.jpg?fit=728%2C403&ssl=1&resize=700%2C400 2x"},"classes":[]},{"id":7444,"url":"https:\/\/fmahaiti.org\/site\/2023\/12\/31\/une-merveilleuse-fete-de-noel-a-linstitution-jesus-enfant\/","url_meta":{"origin":14175,"position":2},"title":"Une merveilleuse f\u00eate de No\u00ebl \u00e0 l\u2019Institution J\u00e9sus Enfant !","author":"Jesus Enfant Cite Miltaire","date":"31 d\u00e9cembre 2023","format":false,"excerpt":"Cette ann\u00e9e, les \u00e9l\u00e8ves de l\u2019Institution J\u00e9sus Enfant des plus petits au plus grands sont sortis de l\u2019ordinaire en organisant la f\u00eate de no\u00ebl d\u2019une mani\u00e8re extraordinaire juste apr\u00e8s les examens de la deuxi\u00e8me \u00e9tape le vendredi 22 d\u00e9cembre 2023. Dans l\u2019ordre du jour trois activit\u00e9s ont \u00e9t\u00e9 r\u00e9alis\u00e9es comme\u2026","rel":"","context":"Dans &quot;Convivialit\u00e9&quot;","block_context":{"text":"Convivialit\u00e9","link":"https:\/\/fmahaiti.org\/site\/category\/convivialite\/"},"img":{"alt_text":"","src":"https:\/\/i0.wp.com\/fmahaiti.org\/site\/wp-content\/uploads\/2023\/12\/c5e8a316-8580-4461-b238-e4414870564c.jpg?fit=1000%2C750&ssl=1&resize=350%2C200","width":350,"height":200,"srcset":"https:\/\/i0.wp.com\/fmahaiti.org\/site\/wp-content\/uploads\/2023\/12\/c5e8a316-8580-4461-b238-e4414870564c.jpg?fit=1000%2C750&ssl=1&resize=350%2C200 1x, https:\/\/i0.wp.com\/fmahaiti.org\/site\/wp-content\/uploads\/2023\/12\/c5e8a316-8580-4461-b238-e4414870564c.jpg?fit=1000%2C750&ssl=1&resize=525%2C300 1.5x, https:\/\/i0.wp.com\/fmahaiti.org\/site\/wp-content\/uploads\/2023\/12\/c5e8a316-8580-4461-b238-e4414870564c.jpg?fit=1000%2C750&ssl=1&resize=700%2C400 2x"},"classes":[]},{"id":10702,"url":"https:\/\/fmahaiti.org\/site\/2024\/12\/23\/lesprit-de-noel-regne-dans-le-coeur-des-enfants-de-lecole-aux-anses-a-pitres\/","url_meta":{"origin":14175,"position":3},"title":"L\u2019Esprit de Noel r\u00e8gne dans le c\u0153ur des enfants de l\u2019\u00e9cole aux Anses-\u00e0-Pitres!","author":"Sr Monette Octave","date":"23 d\u00e9cembre 2024","format":false,"excerpt":"Est-ce possible de c\u00e9l\u00e9brer No\u00ebl\u00a0en Ha\u00efti, dans les \u00e9coles? Aux Anses-a-Pitres, nous disons oui No\u00ebl demeure un t\u00e9moignage vivant de l\u2019adaptabilit\u00e9 culturelle humaine. En revisitant ces origines, les enfants ont pu appr\u00e9cier la richesse et la diversit\u00e9 qui ont fa\u00e7onn\u00e9 nos diff\u00e9rentes activit\u00e9s. Nous C\u00e9l\u00e9brons dans l\u2019aujourd\u2019hui No\u00ebl pour ses\u00a0racines\u2026","rel":"","context":"Dans &quot;Activit\u00e9s&quot;","block_context":{"text":"Activit\u00e9s","link":"https:\/\/fmahaiti.org\/site\/category\/activites\/"},"img":{"alt_text":"","src":"https:\/\/i0.wp.com\/fmahaiti.org\/site\/wp-content\/uploads\/2024\/12\/IMG_20241219_083519_956.jpg?fit=1200%2C1024&ssl=1&resize=350%2C200","width":350,"height":200,"srcset":"https:\/\/i0.wp.com\/fmahaiti.org\/site\/wp-content\/uploads\/2024\/12\/IMG_20241219_083519_956.jpg?fit=1200%2C1024&ssl=1&resize=350%2C200 1x, https:\/\/i0.wp.com\/fmahaiti.org\/site\/wp-content\/uploads\/2024\/12\/IMG_20241219_083519_956.jpg?fit=1200%2C1024&ssl=1&resize=525%2C300 1.5x, https:\/\/i0.wp.com\/fmahaiti.org\/site\/wp-content\/uploads\/2024\/12\/IMG_20241219_083519_956.jpg?fit=1200%2C1024&ssl=1&resize=700%2C400 2x, https:\/\/i0.wp.com\/fmahaiti.org\/site\/wp-content\/uploads\/2024\/12\/IMG_20241219_083519_956.jpg?fit=1200%2C1024&ssl=1&resize=1050%2C600 3x"},"classes":[]},{"id":4463,"url":"https:\/\/fmahaiti.org\/site\/2022\/12\/31\/noel-a-ouanaminthe-2\/","url_meta":{"origin":14175,"position":4},"title":"Noel \u00e0 Ouanaminthe","author":"La Salesienne Ouanaminthe","date":"31 d\u00e9cembre 2022","format":false,"excerpt":"C'est No\u00ebl.:\u00a0No\u00ebl c'est partager ce que l'on a et ce que l'on est pour c\u00e9l\u00e9brer la vie .\u00a0Joyeux No\u00ebl \u00e0 vous tous . Pour tous les chr\u00e9tiens, No\u00ebl est la f\u00eate de la naissance de J\u00e9sus, \u00e0 Bethl\u00e9em. Il a v\u00e9cu la condition des hommes pour leur signifier la proximit\u00e9\u2026","rel":"","context":"Dans &quot;Noel&quot;","block_context":{"text":"Noel","link":"https:\/\/fmahaiti.org\/site\/category\/noel\/"},"img":{"alt_text":"","src":"https:\/\/i0.wp.com\/fmahaiti.org\/site\/wp-content\/uploads\/2022\/12\/ouana-noel1.jpg?fit=719%2C529&ssl=1&resize=350%2C200","width":350,"height":200,"srcset":"https:\/\/i0.wp.com\/fmahaiti.org\/site\/wp-content\/uploads\/2022\/12\/ouana-noel1.jpg?fit=719%2C529&ssl=1&resize=350%2C200 1x, https:\/\/i0.wp.com\/fmahaiti.org\/site\/wp-content\/uploads\/2022\/12\/ouana-noel1.jpg?fit=719%2C529&ssl=1&resize=525%2C300 1.5x, https:\/\/i0.wp.com\/fmahaiti.org\/site\/wp-content\/uploads\/2022\/12\/ouana-noel1.jpg?fit=719%2C529&ssl=1&resize=700%2C400 2x"},"classes":[]},{"id":13938,"url":"https:\/\/fmahaiti.org\/site\/2025\/12\/27\/a-lecole-notre-dame-du-perpetuel-secours-des-cayes-un-noel-desperance\/","url_meta":{"origin":14175,"position":5},"title":"A l\u2019\u00c9cole Notre Dame du Perp\u00e9tuel Secours des Cayes, un  No\u00ebl  d\u2019Esp\u00e9rance !","author":"Perpetuel Secours Cayes","date":"27 d\u00e9cembre 2025","format":false,"excerpt":"\u00ab No\u00ebl est le moment o\u00f9 la joie se partage, o\u00f9 les c\u0153urs s\u2019ouvrent et o\u00f9 l\u2019amour rassemble petits et grands dans une m\u00eame f\u00eate. \u00bb Ceci est tellement vrai que dans la matin\u00e9e du 15 d\u00e9cembre 2025, \u00a0s\u2019est d\u00e9roul\u00e9e dans une ambiance chaleureuse et festive la No\u00ebl avec les\u2026","rel":"","context":"Dans &quot;Noel&quot;","block_context":{"text":"Noel","link":"https:\/\/fmahaiti.org\/site\/category\/noel\/"},"img":{"alt_text":"","src":"https:\/\/i0.wp.com\/fmahaiti.org\/site\/wp-content\/uploads\/2025\/12\/6802c1a8-ce17-485f-b20e-d7bdea459ad6.jpeg?fit=969%2C698&ssl=1&resize=350%2C200","width":350,"height":200,"srcset":"https:\/\/i0.wp.com\/fmahaiti.org\/site\/wp-content\/uploads\/2025\/12\/6802c1a8-ce17-485f-b20e-d7bdea459ad6.jpeg?fit=969%2C698&ssl=1&resize=350%2C200 1x, https:\/\/i0.wp.com\/fmahaiti.org\/site\/wp-content\/uploads\/2025\/12\/6802c1a8-ce17-485f-b20e-d7bdea459ad6.jpeg?fit=969%2C698&ssl=1&resize=525%2C300 1.5x, https:\/\/i0.wp.com\/fmahaiti.org\/site\/wp-content\/uploads\/2025\/12\/6802c1a8-ce17-485f-b20e-d7bdea459ad6.jpeg?fit=969%2C698&ssl=1&resize=700%2C400 2x"},"classes":[]}],"_links":{"self":[{"href":"https:\/\/fmahaiti.org\/site\/wp-json\/wp\/v2\/posts\/14175","targetHints":{"allow":["GET"]}}],"collection":[{"href":"https:\/\/fmahaiti.org\/site\/wp-json\/wp\/v2\/posts"}],"about":[{"href":"https:\/\/fmahaiti.org\/site\/wp-json\/wp\/v2\/types\/post"}],"author":[{"embeddable":true,"href":"https:\/\/fmahaiti.org\/site\/wp-json\/wp\/v2\/users\/4"}],"replies":[{"embeddable":true,"href":"https:\/\/fmahaiti.org\/site\/wp-json\/wp\/v2\/comments?post=14175"}],"version-history":[{"count":1,"href":"https:\/\/fmahaiti.org\/site\/wp-json\/wp\/v2\/posts\/14175\/revisions"}],"predecessor-version":[{"id":14180,"href":"https:\/\/fmahaiti.org\/site\/wp-json\/wp\/v2\/posts\/14175\/revisions\/14180"}],"wp:featuredmedia":[{"embeddable":true,"href":"https:\/\/fmahaiti.org\/site\/wp-json\/wp\/v2\/media\/14179"}],"wp:attachment":[{"href":"https:\/\/fmahaiti.org\/site\/wp-json\/wp\/v2\/media?parent=14175"}],"wp:term":[{"taxonomy":"category","embeddable":true,"href":"https:\/\/fmahaiti.org\/site\/wp-json\/wp\/v2\/categories?post=14175"},{"taxonomy":"post_tag","embeddable":true,"href":"https:\/\/fmahaiti.org\/site\/wp-json\/wp\/v2\/tags?post=14175"}],"curies":[{"name":"wp","href":"https:\/\/api.w.org\/{rel}","templated":true}]}}