{"id":14173,"date":"2025-12-30T14:58:39","date_gmt":"2025-12-30T19:58:39","guid":{"rendered":"https:\/\/fmahaiti.org\/site\/?p=14173"},"modified":"2026-01-01T15:09:59","modified_gmt":"2026-01-01T20:09:59","slug":"le-brunch-de-lesperance","status":"publish","type":"post","link":"https:\/\/fmahaiti.org\/site\/2025\/12\/30\/le-brunch-de-lesperance\/","title":{"rendered":"Le Brunch de l&rsquo;Esp\u00e9rance!"},"content":{"rendered":"<p><img data-recalc-dims=\"1\" loading=\"lazy\" decoding=\"async\" class=\"aligncenter wp-image-14182 size-full\" src=\"https:\/\/i0.wp.com\/fmahaiti.org\/site\/wp-content\/uploads\/2025\/12\/WhatsApp-Image-2025-12-31-at-8.44.19-AM-7.jpeg?resize=843%2C230&#038;ssl=1\" alt=\"\" width=\"843\" height=\"230\" srcset=\"https:\/\/i0.wp.com\/fmahaiti.org\/site\/wp-content\/uploads\/2025\/12\/WhatsApp-Image-2025-12-31-at-8.44.19-AM-7.jpeg?w=1280&amp;ssl=1 1280w, https:\/\/i0.wp.com\/fmahaiti.org\/site\/wp-content\/uploads\/2025\/12\/WhatsApp-Image-2025-12-31-at-8.44.19-AM-7.jpeg?resize=300%2C82&amp;ssl=1 300w, https:\/\/i0.wp.com\/fmahaiti.org\/site\/wp-content\/uploads\/2025\/12\/WhatsApp-Image-2025-12-31-at-8.44.19-AM-7.jpeg?resize=1024%2C279&amp;ssl=1 1024w, https:\/\/i0.wp.com\/fmahaiti.org\/site\/wp-content\/uploads\/2025\/12\/WhatsApp-Image-2025-12-31-at-8.44.19-AM-7.jpeg?resize=768%2C209&amp;ssl=1 768w\" sizes=\"auto, (max-width: 843px) 100vw, 843px\" \/><\/p>\n<p>L&rsquo;esp\u00e9rance est cette force vive qui nous redresse lorsque tout semble nous pousser \u00e0 l&rsquo;immobilit\u00e9. Moteur invisible, elle transforme nos solitudes en un projet commun : celui du vivre-ensemble. M\u00eame lorsque le contexte national se fait chaotique, l&rsquo;esp\u00e9rance continue de briller. Elle nous rappelle que l&rsquo;obscurit\u00e9 ne peut \u00e9teindre la lumi\u00e8re de ceux qui avec audace, choisissent de rester debout.<\/p>\n<p><img data-recalc-dims=\"1\" loading=\"lazy\" decoding=\"async\" class=\"alignleft wp-image-14187 size-medium\" src=\"https:\/\/i0.wp.com\/fmahaiti.org\/site\/wp-content\/uploads\/2025\/12\/WhatsApp-Image-2025-12-31-at-8.44.19-AM.jpeg?resize=300%2C119&#038;ssl=1\" alt=\"\" width=\"300\" height=\"119\" srcset=\"https:\/\/i0.wp.com\/fmahaiti.org\/site\/wp-content\/uploads\/2025\/12\/WhatsApp-Image-2025-12-31-at-8.44.19-AM.jpeg?resize=300%2C119&amp;ssl=1 300w, https:\/\/i0.wp.com\/fmahaiti.org\/site\/wp-content\/uploads\/2025\/12\/WhatsApp-Image-2025-12-31-at-8.44.19-AM.jpeg?resize=1024%2C406&amp;ssl=1 1024w, https:\/\/i0.wp.com\/fmahaiti.org\/site\/wp-content\/uploads\/2025\/12\/WhatsApp-Image-2025-12-31-at-8.44.19-AM.jpeg?resize=768%2C304&amp;ssl=1 768w, https:\/\/i0.wp.com\/fmahaiti.org\/site\/wp-content\/uploads\/2025\/12\/WhatsApp-Image-2025-12-31-at-8.44.19-AM.jpeg?w=1280&amp;ssl=1 1280w\" sizes=\"auto, (max-width: 300px) 100vw, 300px\" \/>C&rsquo;est dans cet esprit de r\u00e9silience qu&rsquo;en ce dimanche 21 d\u00e9cembre 2025, l\u2019\u00c9cole H\u00f4teli\u00e8re Marie Auxiliatrice (EHMA) de Port-au-Prince, en collaboration avec le Scolasticat des Missionnaires Montfortains, a r\u00e9alis\u00e9 la premi\u00e8re \u00e9dition du <strong>\u00ab Brunch de l&rsquo;Esp\u00e9rance \u00bb<\/strong>. L&rsquo;\u00e9v\u00e9nement s&rsquo;est d\u00e9roul\u00e9 en plein air, dans le cadre apaisant de la cour des missionnaires, au local de la paroisse de Saint Louis Roi de France.<\/p>\n<p>Vers midi, le pr\u00e9sentateur, le Fr\u00e8re RonaldoMOUNIER, religieux montfortain, a lanc\u00e9 les festivit\u00e9s avec enthousiasme en d\u00e9clarant : <em>\u00ab La vie est trop courte pour ne pas bruncher le dimanche ! \u00bb<\/em>. Apr\u00e8s avoir chaleureusement salu\u00e9 l\u2019assembl\u00e9e, il a ouvert la voie \u00e0 la dimension spirituelle de la journ\u00e9e.Le moment de pri\u00e8re a \u00e9t\u00e9 conduit par le R\u00e9v\u00e9rend P\u00e8re Jean Jacques SAINT LOUIS, Provincial des Montfortains, Smm. Sous sa direction, l&rsquo;assembl\u00e9e a invoqu\u00e9 l&rsquo;Esprit Saint pour b\u00e9nir cet espace de rencontre, avant de s&rsquo;unir dans la r\u00e9citation fervente du Psaume 23.<img data-recalc-dims=\"1\" loading=\"lazy\" decoding=\"async\" class=\"alignright wp-image-14184 size-medium\" src=\"https:\/\/i0.wp.com\/fmahaiti.org\/site\/wp-content\/uploads\/2025\/12\/WhatsApp-Image-2025-12-31-at-8.44.19-AM-4.jpeg?resize=300%2C200&#038;ssl=1\" alt=\"\" width=\"300\" height=\"200\" srcset=\"https:\/\/i0.wp.com\/fmahaiti.org\/site\/wp-content\/uploads\/2025\/12\/WhatsApp-Image-2025-12-31-at-8.44.19-AM-4.jpeg?resize=300%2C200&amp;ssl=1 300w, https:\/\/i0.wp.com\/fmahaiti.org\/site\/wp-content\/uploads\/2025\/12\/WhatsApp-Image-2025-12-31-at-8.44.19-AM-4.jpeg?resize=1024%2C682&amp;ssl=1 1024w, https:\/\/i0.wp.com\/fmahaiti.org\/site\/wp-content\/uploads\/2025\/12\/WhatsApp-Image-2025-12-31-at-8.44.19-AM-4.jpeg?resize=768%2C512&amp;ssl=1 768w, https:\/\/i0.wp.com\/fmahaiti.org\/site\/wp-content\/uploads\/2025\/12\/WhatsApp-Image-2025-12-31-at-8.44.19-AM-4.jpeg?w=1280&amp;ssl=1 1280w\" sizes=\"auto, (max-width: 300px) 100vw, 300px\" \/><\/p>\n<p>Le R\u00e9v\u00e9rend P\u00e8re Lan\u00e8sFANOR, Smm, responsable du scolasticat a ensuite pris la parole pour souhaiter la bienvenue aux convives au nom de l\u2019EHMA et du Scolasticat. Rappelant que No\u00ebl est avant tout la f\u00eate du partage, il a soulign\u00e9 l&rsquo;importance de ce moment de tr\u00eave :\u00ab Que ce Brunch de l\u2019Esp\u00e9rance soit un v\u00e9ritable instant de d\u00e9tente et de d\u00e9lice, loin du stress et des tumultes quotidiens. Qu\u2019il soit rempli de douceur et de bonne compagnie. \u00bb<\/p>\n<p><img data-recalc-dims=\"1\" loading=\"lazy\" decoding=\"async\" class=\"alignleft wp-image-14185 size-medium\" src=\"https:\/\/i0.wp.com\/fmahaiti.org\/site\/wp-content\/uploads\/2025\/12\/WhatsApp-Image-2025-12-31-at-8.44.19-AM-6.jpeg?resize=300%2C200&#038;ssl=1\" alt=\"\" width=\"300\" height=\"200\" srcset=\"https:\/\/i0.wp.com\/fmahaiti.org\/site\/wp-content\/uploads\/2025\/12\/WhatsApp-Image-2025-12-31-at-8.44.19-AM-6.jpeg?resize=300%2C200&amp;ssl=1 300w, https:\/\/i0.wp.com\/fmahaiti.org\/site\/wp-content\/uploads\/2025\/12\/WhatsApp-Image-2025-12-31-at-8.44.19-AM-6.jpeg?resize=1024%2C682&amp;ssl=1 1024w, https:\/\/i0.wp.com\/fmahaiti.org\/site\/wp-content\/uploads\/2025\/12\/WhatsApp-Image-2025-12-31-at-8.44.19-AM-6.jpeg?resize=768%2C512&amp;ssl=1 768w, https:\/\/i0.wp.com\/fmahaiti.org\/site\/wp-content\/uploads\/2025\/12\/WhatsApp-Image-2025-12-31-at-8.44.19-AM-6.jpeg?w=1280&amp;ssl=1 1280w\" sizes=\"auto, (max-width: 300px) 100vw, 300px\" \/>Pour enrichir l&rsquo;exp\u00e9rience, Brice Stephanelli ANISTON, \u00e9tudiante sp\u00e9cialis\u00e9e en h\u00e9bergement et membre de l&rsquo;\u00e9quipe organisatrice, a pr\u00e9sent\u00e9 les mets propos\u00e9s tout en retra\u00e7ant l&rsquo;histoire du concept de \u00ab brunch \u00bb.Symbole universel de convivialit\u00e9, le mot est la contraction des termes anglais <strong>\u00ab <\/strong>breakfast<strong> \u00bb<\/strong> (petit-d\u00e9jeuner) et <strong>\u00ab<\/strong> lunch<strong> \u00bb<\/strong> (d\u00e9jeuner). Il s&rsquo;agit d&rsquo;un repas servi g\u00e9n\u00e9ralement en fin de matin\u00e9e ou en d\u00e9but d&rsquo;apr\u00e8s-midi, combinant la g\u00e9n\u00e9rosit\u00e9 du d\u00e9jeuner et la douceur du petit-d\u00e9jeuner.Au fil de sa pr\u00e9sentation, elle a invit\u00e9 les convives \u00e0 savourer chaque \u00e9tape et \u00e0 profiter pleinement de cet instant de partage. Elle a conclu en souhaitant \u00e0 tous un excellent brunch et un bon app\u00e9tit.<\/p>\n<p>L\u2019un des moments les plus solennels de la journ\u00e9e fut la remise des parchemins. Monseigneur WismickJEAN CHARLES, l\u2019Ev\u00eaque Auxiliaire de l\u2019archidioc\u00e8se de Port &#8211; au- Prince,accompagn\u00e9 de la<img data-recalc-dims=\"1\" loading=\"lazy\" decoding=\"async\" class=\"alignright wp-image-14183 size-medium\" src=\"https:\/\/i0.wp.com\/fmahaiti.org\/site\/wp-content\/uploads\/2025\/12\/WhatsApp-Image-2025-12-31-at-8.44.19-AM-2.jpeg?resize=300%2C200&#038;ssl=1\" alt=\"\" width=\"300\" height=\"200\" srcset=\"https:\/\/i0.wp.com\/fmahaiti.org\/site\/wp-content\/uploads\/2025\/12\/WhatsApp-Image-2025-12-31-at-8.44.19-AM-2.jpeg?resize=300%2C200&amp;ssl=1 300w, https:\/\/i0.wp.com\/fmahaiti.org\/site\/wp-content\/uploads\/2025\/12\/WhatsApp-Image-2025-12-31-at-8.44.19-AM-2.jpeg?resize=1024%2C682&amp;ssl=1 1024w, https:\/\/i0.wp.com\/fmahaiti.org\/site\/wp-content\/uploads\/2025\/12\/WhatsApp-Image-2025-12-31-at-8.44.19-AM-2.jpeg?resize=768%2C512&amp;ssl=1 768w, https:\/\/i0.wp.com\/fmahaiti.org\/site\/wp-content\/uploads\/2025\/12\/WhatsApp-Image-2025-12-31-at-8.44.19-AM-2.jpeg?w=1280&amp;ssl=1 1280w\" sizes=\"auto, (max-width: 300px) 100vw, 300px\" \/> S\u0153ur Altagrace MATHIAS, Sup\u00e9rieure provinciale des Filles de Marie Auxiliatriceet du R\u00e9v\u00e9rend P\u00e8re Jean Jacques Saint Louis, a remis en mains propres les certificats aux pr\u00eatres, religieux et la\u00efcs ayant particip\u00e9 \u00e0 la formation sur la protection des mineurs et des adultes vuln\u00e9rables.Cette initiative collaborative vise \u00e0 former des \u00ab Ambassadeurs de la Pr\u00e9vention \u00bb, une mission sacr\u00e9e articul\u00e9e autour de deux axes essentiels : l&rsquo;intervention et la pr\u00e9caution.<\/p>\n<p>Apr\u00e8s le service du dessert, agr\u00e9ment\u00e9 par l&rsquo;ambiance musicale du groupe Liberos, le Fr\u00e8re Mounier Ronaldo a clos l&rsquo;\u00e9v\u00e9nement par un vibrant discours de gratitude, et a invit\u00e9 tout de suite toute l&rsquo;\u00e9quipe organisatrice \u00e0 se r\u00e9unir pour une prise de photo.<\/p>\n<p>La r\u00e9ussite de cet \u00e9v\u00e9nement repose sur l&rsquo;implication des diff\u00e9rentes fili\u00e8resde l&rsquo;\u00e9cole :Les \u00e9tudiants de premi\u00e8re ann\u00e9e en h\u00e9bergement ont re\u00e7u les invit\u00e9s avec une courtoisie et un professionnalisme remarquable.Sous la houlette de leur chef, les \u00e9tudiants de deuxi\u00e8me ann\u00e9e et la restauration ont assur\u00e9 la pr\u00e9paration des mets. Un travail de longue haleine d\u00e9but\u00e9 d\u00e8s la veille avec enthousiasme.Les \u00e9tudiants en Bar-Restaurant ont veill\u00e9 au bon d\u00e9roulement du repas, offrant un service \u00e0 table attentif et soign\u00e9, r\u00e9pondant avec pr\u00e9cision aux moindres besoins des convives.<img data-recalc-dims=\"1\" loading=\"lazy\" decoding=\"async\" class=\"alignleft wp-image-14186 size-medium\" src=\"https:\/\/i0.wp.com\/fmahaiti.org\/site\/wp-content\/uploads\/2025\/12\/WhatsApp-Image-2025-12-31-at-8.44.19-AM-8.jpeg?resize=300%2C200&#038;ssl=1\" alt=\"\" width=\"300\" height=\"200\" srcset=\"https:\/\/i0.wp.com\/fmahaiti.org\/site\/wp-content\/uploads\/2025\/12\/WhatsApp-Image-2025-12-31-at-8.44.19-AM-8.jpeg?resize=300%2C200&amp;ssl=1 300w, https:\/\/i0.wp.com\/fmahaiti.org\/site\/wp-content\/uploads\/2025\/12\/WhatsApp-Image-2025-12-31-at-8.44.19-AM-8.jpeg?resize=1024%2C682&amp;ssl=1 1024w, https:\/\/i0.wp.com\/fmahaiti.org\/site\/wp-content\/uploads\/2025\/12\/WhatsApp-Image-2025-12-31-at-8.44.19-AM-8.jpeg?resize=768%2C512&amp;ssl=1 768w, https:\/\/i0.wp.com\/fmahaiti.org\/site\/wp-content\/uploads\/2025\/12\/WhatsApp-Image-2025-12-31-at-8.44.19-AM-8.jpeg?w=1280&amp;ssl=1 1280w\" sizes=\"auto, (max-width: 300px) 100vw, 300px\" \/><\/p>\n<p>Comment ne pas remercier le Seigneur pour sa protection divine et la pleine r\u00e9ussite de cette journ\u00e9e ? Nos remerciements s&rsquo;adressent ensuite \u00e0 Monseigneur Wismick JEAN CHARLES, \u00e0 la S\u0153ur Altagrace MATHIAS et au P\u00e8re Jean-Jacques SAINT-LOUIS pour leur pr\u00e9sence inspirante et leur soutien pastoral.Un merci du fond du c\u0153ur \u00e0 l&rsquo;infatigable S\u0153urMickerlyne CADET, directrice de l&rsquo;EHMA, ainsi qu&rsquo;\u00e0 son \u00e9quipe, pour leur d\u00e9vouement exemplaire et leur savoir-faire. Nous saluons \u00e9galement les s\u00e9minaristes du Scolasticat Montfortain, qui se sont donn\u00e9s corps et \u00e2me \u00e0 l&rsquo;organisation mat\u00e9rielle, ainsi que tous les invit\u00e9s, dont la pr\u00e9sence chaleureuse a fait de ce brunch un succ\u00e8s \u00e9clatant.<img data-recalc-dims=\"1\" loading=\"lazy\" decoding=\"async\" class=\"alignright wp-image-14188 size-medium\" src=\"https:\/\/i0.wp.com\/fmahaiti.org\/site\/wp-content\/uploads\/2025\/12\/WhatsApp-Image-2025-12-31-at-8.44.19-AM-1.jpeg?resize=300%2C200&#038;ssl=1\" alt=\"\" width=\"300\" height=\"200\" srcset=\"https:\/\/i0.wp.com\/fmahaiti.org\/site\/wp-content\/uploads\/2025\/12\/WhatsApp-Image-2025-12-31-at-8.44.19-AM-1.jpeg?resize=300%2C200&amp;ssl=1 300w, https:\/\/i0.wp.com\/fmahaiti.org\/site\/wp-content\/uploads\/2025\/12\/WhatsApp-Image-2025-12-31-at-8.44.19-AM-1.jpeg?resize=1024%2C682&amp;ssl=1 1024w, https:\/\/i0.wp.com\/fmahaiti.org\/site\/wp-content\/uploads\/2025\/12\/WhatsApp-Image-2025-12-31-at-8.44.19-AM-1.jpeg?resize=768%2C512&amp;ssl=1 768w, https:\/\/i0.wp.com\/fmahaiti.org\/site\/wp-content\/uploads\/2025\/12\/WhatsApp-Image-2025-12-31-at-8.44.19-AM-1.jpeg?w=1280&amp;ssl=1 1280w\" sizes=\"auto, (max-width: 300px) 100vw, 300px\" \/><\/p>\n<p>C&rsquo;est avec un c\u0153ur l\u00e9ger et joyeux que les participants sont repartis, marqu\u00e9s par la satisfaction d&rsquo;un moment de communion authentique. Que le nom du Seigneur soit b\u00e9ni pour ce moment merveilleux !<\/p>\n<p><strong>\u00c0 l&rsquo;ann\u00e9e prochaine pour une deuxi\u00e8me \u00e9dition tout aussi rayonnante !<\/strong><\/p>\n","protected":false},"excerpt":{"rendered":"<p>L&rsquo;esp\u00e9rance est cette force vive qui nous redresse lorsque tout semble nous pousser \u00e0 l&rsquo;immobilit\u00e9. Moteur invisible, elle transforme nos solitudes en un projet commun&hellip;<\/p>\n","protected":false},"author":17,"featured_media":14182,"comment_status":"open","ping_status":"open","sticky":false,"template":"","format":"standard","meta":{"_jetpack_memberships_contains_paid_content":false,"footnotes":"","jetpack_publicize_message":"","jetpack_publicize_feature_enabled":true,"jetpack_social_post_already_shared":true,"jetpack_social_options":{"image_generator_settings":{"template":"highway","default_image_id":0,"font":"","enabled":false},"version":2}},"categories":[13],"tags":[],"class_list":["post-14173","post","type-post","status-publish","format-standard","has-post-thumbnail","hentry","category-activites"],"jetpack_publicize_connections":[],"jetpack_featured_media_url":"https:\/\/i0.wp.com\/fmahaiti.org\/site\/wp-content\/uploads\/2025\/12\/WhatsApp-Image-2025-12-31-at-8.44.19-AM-7.jpeg?fit=1280%2C349&ssl=1","jetpack_sharing_enabled":true,"jetpack_shortlink":"https:\/\/wp.me\/pcR5kd-3GB","jetpack-related-posts":[{"id":1607,"url":"https:\/\/fmahaiti.org\/site\/2021\/05\/02\/ehma-brunch-de-la-solidarite\/","url_meta":{"origin":14173,"position":0},"title":"EHMA, Brunch de la Solidarit\u00e9","author":"Sr Martha Seide","date":"2 mai 2021","format":false,"excerpt":"Brunch organis\u00e9 par EHMA, l'Ecole H\u00f4teli\u00e8re Marie Auxiliatrice, dans le but de solidariser avec les enfants et les jeunes n\u00e9cessiteux. C'est\u00a0une invitation \u00e0 garder l'esp\u00e9rance malgr\u00e9 la situation difficile du pays.","rel":"","context":"Dans &quot;Bureau p\u00e9dagogique&quot;","block_context":{"text":"Bureau p\u00e9dagogique","link":"https:\/\/fmahaiti.org\/site\/category\/bureau-pedagogique\/"},"img":{"alt_text":"","src":"https:\/\/i0.wp.com\/fmahaiti.org\/site\/wp-content\/uploads\/2021\/04\/EHMA3.jpg?fit=512%2C384&ssl=1&resize=350%2C200","width":350,"height":200},"classes":[]},{"id":14105,"url":"https:\/\/fmahaiti.org\/site\/2025\/12\/29\/un-brunch-dexception-pour-celebrer-noel-a-lepma\/","url_meta":{"origin":14173,"position":1},"title":"Un Brunch d\u2019exception pour c\u00e9l\u00e9brer No\u00ebl \u00e0 Hinche!","author":"Sacre-Coeur Hinche","date":"29 d\u00e9cembre 2025","format":false,"excerpt":"Le 21 d\u00e9cembre 2025, l\u2019Ecole Professionnelle Ma\u00efn a rassembl\u00e9 pour une 2eme Edition, de nombreux invit\u00e9s dans une ambiance chaleureuse et conviviale. A travers l\u2019organisation du Brunch de No\u00ebl, des \u00e9tudiants de la section H\u00f4tellerie II ont mis en lumi\u00e8re leur savoir-faire, offrant un moment de partage et de d\u00e9tente\u2026","rel":"","context":"Dans &quot;Activit\u00e9s&quot;","block_context":{"text":"Activit\u00e9s","link":"https:\/\/fmahaiti.org\/site\/category\/activites\/"},"img":{"alt_text":"","src":"https:\/\/i0.wp.com\/fmahaiti.org\/site\/wp-content\/uploads\/2025\/12\/lv_0_20251228210550.png?fit=1080%2C1080&ssl=1&resize=350%2C200","width":350,"height":200,"srcset":"https:\/\/i0.wp.com\/fmahaiti.org\/site\/wp-content\/uploads\/2025\/12\/lv_0_20251228210550.png?fit=1080%2C1080&ssl=1&resize=350%2C200 1x, https:\/\/i0.wp.com\/fmahaiti.org\/site\/wp-content\/uploads\/2025\/12\/lv_0_20251228210550.png?fit=1080%2C1080&ssl=1&resize=525%2C300 1.5x, https:\/\/i0.wp.com\/fmahaiti.org\/site\/wp-content\/uploads\/2025\/12\/lv_0_20251228210550.png?fit=1080%2C1080&ssl=1&resize=700%2C400 2x, https:\/\/i0.wp.com\/fmahaiti.org\/site\/wp-content\/uploads\/2025\/12\/lv_0_20251228210550.png?fit=1080%2C1080&ssl=1&resize=1050%2C600 3x"},"classes":[]},{"id":10717,"url":"https:\/\/fmahaiti.org\/site\/2024\/12\/25\/un-brunch-inedit-organise-a-lecole-hoteliere-main-hinche\/","url_meta":{"origin":14173,"position":2},"title":"Un brunch in\u00e9dit organis\u00e9 \u00e0 l\u2019Ecole H\u00f4teli\u00e8re Ma\u00efn (Hinche)!","author":"Sacre-Coeur Hinche","date":"25 d\u00e9cembre 2024","format":false,"excerpt":"Une nouvelle aventure! Le dimanche 22 D\u00e9cembre 2024 ouvre une nouvelle page dans l\u2019histoire de cet \u00e9tablissement. Pour la premi\u00e8re fois, cette \u00c9cole H\u00f4teli\u00e8re a organis\u00e9 ce brunch exceptionnel, mettant en avant les talents culinaires et organisationnels de ses \u00e9tudiants. Cet \u00e9v\u00e9nement a \u00e9t\u00e9 un v\u00e9ritable d\u00e9fi pour les \u00e9tudiants,\u2026","rel":"","context":"Dans &quot;Activit\u00e9s&quot;","block_context":{"text":"Activit\u00e9s","link":"https:\/\/fmahaiti.org\/site\/category\/activites\/"},"img":{"alt_text":"","src":"https:\/\/i0.wp.com\/fmahaiti.org\/site\/wp-content\/uploads\/2024\/12\/IMG-20241224-WA0008.jpg?fit=1080%2C436&ssl=1&resize=350%2C200","width":350,"height":200,"srcset":"https:\/\/i0.wp.com\/fmahaiti.org\/site\/wp-content\/uploads\/2024\/12\/IMG-20241224-WA0008.jpg?fit=1080%2C436&ssl=1&resize=350%2C200 1x, https:\/\/i0.wp.com\/fmahaiti.org\/site\/wp-content\/uploads\/2024\/12\/IMG-20241224-WA0008.jpg?fit=1080%2C436&ssl=1&resize=525%2C300 1.5x, https:\/\/i0.wp.com\/fmahaiti.org\/site\/wp-content\/uploads\/2024\/12\/IMG-20241224-WA0008.jpg?fit=1080%2C436&ssl=1&resize=700%2C400 2x, https:\/\/i0.wp.com\/fmahaiti.org\/site\/wp-content\/uploads\/2024\/12\/IMG-20241224-WA0008.jpg?fit=1080%2C436&ssl=1&resize=1050%2C600 3x"},"classes":[]},{"id":13942,"url":"https:\/\/fmahaiti.org\/site\/2025\/12\/28\/brunch-de-noel-2025-un-moment-de-partage-et-de-joie-au-cpndps\/","url_meta":{"origin":14173,"position":3},"title":"Brunch de No\u00ebl 2025, un moment de partage et de joie au CPNDPS","author":"Perpetuel Secours Cayes","date":"28 d\u00e9cembre 2025","format":false,"excerpt":"No\u00ebl est un temps privil\u00e9gi\u00e9 de partage, d\u2019harmonie, de fraternit\u00e9 et de solidarit\u00e9. C\u2019est aussi \u00a0un moment privil\u00e9gi\u00e9 pour renforcer les liens humains et valoriser l\u2019engagement collectif. C\u2019est dans cet esprit profond\u00e9ment porteur de sens que le Centre Professionnel Notre Dame du Perp\u00e9tuel des Cayes \u00a0a organis\u00e9, le jeudi 19\u2026","rel":"","context":"Dans &quot;Noel&quot;","block_context":{"text":"Noel","link":"https:\/\/fmahaiti.org\/site\/category\/noel\/"},"img":{"alt_text":"","src":"https:\/\/i0.wp.com\/fmahaiti.org\/site\/wp-content\/uploads\/2025\/12\/ce927a41-6aa2-4684-9344-a33662204f65.jpeg?fit=1080%2C715&ssl=1&resize=350%2C200","width":350,"height":200,"srcset":"https:\/\/i0.wp.com\/fmahaiti.org\/site\/wp-content\/uploads\/2025\/12\/ce927a41-6aa2-4684-9344-a33662204f65.jpeg?fit=1080%2C715&ssl=1&resize=350%2C200 1x, https:\/\/i0.wp.com\/fmahaiti.org\/site\/wp-content\/uploads\/2025\/12\/ce927a41-6aa2-4684-9344-a33662204f65.jpeg?fit=1080%2C715&ssl=1&resize=525%2C300 1.5x, https:\/\/i0.wp.com\/fmahaiti.org\/site\/wp-content\/uploads\/2025\/12\/ce927a41-6aa2-4684-9344-a33662204f65.jpeg?fit=1080%2C715&ssl=1&resize=700%2C400 2x, https:\/\/i0.wp.com\/fmahaiti.org\/site\/wp-content\/uploads\/2025\/12\/ce927a41-6aa2-4684-9344-a33662204f65.jpeg?fit=1080%2C715&ssl=1&resize=1050%2C600 3x"},"classes":[]},{"id":10123,"url":"https:\/\/fmahaiti.org\/site\/2024\/11\/16\/une-journee-desperance-au-coeur-du-grand-nord\/","url_meta":{"origin":14173,"position":4},"title":"Une journ\u00e9e d&rsquo;Esp\u00e9rance au c\u0153ur du Grand Nord!","author":"Sr Monette Octave","date":"16 novembre 2024","format":false,"excerpt":"R\u00e9unis autour du th\u00e8me inspirant \"Plonje nan lesperans lan ansanm ann f\u00e8 misyon an\" (Plongeons ensemble dans l'Esp\u00e9rance pour accomplir notre mission), les participants ont \u00e9t\u00e9 invit\u00e9s \u00e0 une profonde r\u00e9flexion. Pour d\u00e9buter la journ\u00e9e, S\u0153ur PIARD Mathilde, responsable de la pastorale au niveau de la province notre Dame du\u2026","rel":"","context":"Dans &quot;Activit\u00e9s&quot;","block_context":{"text":"Activit\u00e9s","link":"https:\/\/fmahaiti.org\/site\/category\/activites\/"},"img":{"alt_text":"","src":"https:\/\/i0.wp.com\/fmahaiti.org\/site\/wp-content\/uploads\/2024\/11\/ph.jpg?fit=1200%2C675&ssl=1&resize=350%2C200","width":350,"height":200,"srcset":"https:\/\/i0.wp.com\/fmahaiti.org\/site\/wp-content\/uploads\/2024\/11\/ph.jpg?fit=1200%2C675&ssl=1&resize=350%2C200 1x, https:\/\/i0.wp.com\/fmahaiti.org\/site\/wp-content\/uploads\/2024\/11\/ph.jpg?fit=1200%2C675&ssl=1&resize=525%2C300 1.5x, https:\/\/i0.wp.com\/fmahaiti.org\/site\/wp-content\/uploads\/2024\/11\/ph.jpg?fit=1200%2C675&ssl=1&resize=700%2C400 2x, https:\/\/i0.wp.com\/fmahaiti.org\/site\/wp-content\/uploads\/2024\/11\/ph.jpg?fit=1200%2C675&ssl=1&resize=1050%2C600 3x"},"classes":[]},{"id":7232,"url":"https:\/\/fmahaiti.org\/site\/2023\/12\/22\/brunch-de-noel-a-lemadoma\/","url_meta":{"origin":14173,"position":5},"title":"Brunch de No\u00ebl \u00e0 l\u2019EHMADOMA","author":"Marie Regine Thorland","date":"22 d\u00e9cembre 2023","format":false,"excerpt":"\u00a0 L'Ecole H\u00f4teli\u00e8re Marie Dominique Mazzarello (EHMADOMA), dans son souci de donner une formation compl\u00e8te \u00e0 ses \u00e9tudiants, a organis\u00e9 cette ann\u00e9e son traditionnel Brunch de No\u00ebl. C'est une occasion pour les parents et amis de voir le chef-d\u2019\u0153uvre, le talent et le dur labeur des \u00e9tudiants en savourant leurs\u2026","rel":"","context":"Dans &quot;Activit\u00e9s&quot;","block_context":{"text":"Activit\u00e9s","link":"https:\/\/fmahaiti.org\/site\/category\/activites\/"},"img":{"alt_text":"","src":"https:\/\/i0.wp.com\/fmahaiti.org\/site\/wp-content\/uploads\/2023\/12\/IMG-20231222-WA0047-1.jpg?fit=1024%2C567&ssl=1&resize=350%2C200","width":350,"height":200,"srcset":"https:\/\/i0.wp.com\/fmahaiti.org\/site\/wp-content\/uploads\/2023\/12\/IMG-20231222-WA0047-1.jpg?fit=1024%2C567&ssl=1&resize=350%2C200 1x, https:\/\/i0.wp.com\/fmahaiti.org\/site\/wp-content\/uploads\/2023\/12\/IMG-20231222-WA0047-1.jpg?fit=1024%2C567&ssl=1&resize=525%2C300 1.5x, https:\/\/i0.wp.com\/fmahaiti.org\/site\/wp-content\/uploads\/2023\/12\/IMG-20231222-WA0047-1.jpg?fit=1024%2C567&ssl=1&resize=700%2C400 2x"},"classes":[]}],"_links":{"self":[{"href":"https:\/\/fmahaiti.org\/site\/wp-json\/wp\/v2\/posts\/14173","targetHints":{"allow":["GET"]}}],"collection":[{"href":"https:\/\/fmahaiti.org\/site\/wp-json\/wp\/v2\/posts"}],"about":[{"href":"https:\/\/fmahaiti.org\/site\/wp-json\/wp\/v2\/types\/post"}],"author":[{"embeddable":true,"href":"https:\/\/fmahaiti.org\/site\/wp-json\/wp\/v2\/users\/17"}],"replies":[{"embeddable":true,"href":"https:\/\/fmahaiti.org\/site\/wp-json\/wp\/v2\/comments?post=14173"}],"version-history":[{"count":3,"href":"https:\/\/fmahaiti.org\/site\/wp-json\/wp\/v2\/posts\/14173\/revisions"}],"predecessor-version":[{"id":14190,"href":"https:\/\/fmahaiti.org\/site\/wp-json\/wp\/v2\/posts\/14173\/revisions\/14190"}],"wp:featuredmedia":[{"embeddable":true,"href":"https:\/\/fmahaiti.org\/site\/wp-json\/wp\/v2\/media\/14182"}],"wp:attachment":[{"href":"https:\/\/fmahaiti.org\/site\/wp-json\/wp\/v2\/media?parent=14173"}],"wp:term":[{"taxonomy":"category","embeddable":true,"href":"https:\/\/fmahaiti.org\/site\/wp-json\/wp\/v2\/categories?post=14173"},{"taxonomy":"post_tag","embeddable":true,"href":"https:\/\/fmahaiti.org\/site\/wp-json\/wp\/v2\/tags?post=14173"}],"curies":[{"name":"wp","href":"https:\/\/api.w.org\/{rel}","templated":true}]}}