{"id":14145,"date":"2025-12-31T02:42:48","date_gmt":"2025-12-31T07:42:48","guid":{"rendered":"https:\/\/fmahaiti.org\/site\/?p=14145"},"modified":"2026-01-01T15:11:02","modified_gmt":"2026-01-01T20:11:02","slug":"une-assemblee-provinciale-en-ligne-vecue-dans-la-profondeur-de-lesprit-salesien","status":"publish","type":"post","link":"https:\/\/fmahaiti.org\/site\/2025\/12\/31\/une-assemblee-provinciale-en-ligne-vecue-dans-la-profondeur-de-lesprit-salesien\/","title":{"rendered":"Une Assembl\u00e9e Provinciale en ligne, v\u00e9cue dans la profondeur de l\u2019Esprit Sal\u00e9sien!"},"content":{"rendered":"<p><img data-recalc-dims=\"1\" loading=\"lazy\" decoding=\"async\" class=\"aligncenter wp-image-14147 size-full\" src=\"https:\/\/i0.wp.com\/fmahaiti.org\/site\/wp-content\/uploads\/2025\/12\/photo.jpeg?resize=843%2C466&#038;ssl=1\" alt=\"\" width=\"843\" height=\"466\" srcset=\"https:\/\/i0.wp.com\/fmahaiti.org\/site\/wp-content\/uploads\/2025\/12\/photo.jpeg?w=1026&amp;ssl=1 1026w, https:\/\/i0.wp.com\/fmahaiti.org\/site\/wp-content\/uploads\/2025\/12\/photo.jpeg?resize=300%2C166&amp;ssl=1 300w, https:\/\/i0.wp.com\/fmahaiti.org\/site\/wp-content\/uploads\/2025\/12\/photo.jpeg?resize=1024%2C566&amp;ssl=1 1024w, https:\/\/i0.wp.com\/fmahaiti.org\/site\/wp-content\/uploads\/2025\/12\/photo.jpeg?resize=768%2C424&amp;ssl=1 768w\" sizes=\"auto, (max-width: 843px) 100vw, 843px\" \/><\/p>\n<p><img data-recalc-dims=\"1\" loading=\"lazy\" decoding=\"async\" class=\"alignleft wp-image-14165 size-medium\" src=\"https:\/\/i0.wp.com\/fmahaiti.org\/site\/wp-content\/uploads\/2025\/12\/Sr-Altagrace.jpeg?resize=165%2C300&#038;ssl=1\" alt=\"\" width=\"165\" height=\"300\" srcset=\"https:\/\/i0.wp.com\/fmahaiti.org\/site\/wp-content\/uploads\/2025\/12\/Sr-Altagrace.jpeg?resize=165%2C300&amp;ssl=1 165w, https:\/\/i0.wp.com\/fmahaiti.org\/site\/wp-content\/uploads\/2025\/12\/Sr-Altagrace.jpeg?w=462&amp;ssl=1 462w\" sizes=\"auto, (max-width: 165px) 100vw, 165px\" \/>Les 26 et 27 D\u00e9cembre 2025, malgr\u00e9 la situation pr\u00e9caire que traverse le pays, la Province Notre Dame du Perp\u00e9tuel Secours a tenu \u00e0 vivre son Assembl\u00e9e habituelle en mode en ligne. Si les circonstances ont impos\u00e9 la distance physique, elles n\u2019ont en rien diminu\u00e9 l\u2019intensit\u00e9 spirituelle, la communion fraternelle et la fid\u00e9lit\u00e9 au Charisme Sal\u00e9sien qui ont marqu\u00e9 ces deux journ\u00e9es riches en gr\u00e2ce. (Mot de Bienvenue de la Provinciale:\u00a0 <a href=\"https:\/\/fmahaiti.org\/site\/wp-content\/uploads\/2025\/12\/Mot-de-bienvenue.docx\">Mot de bienvenue<\/a> )<\/p>\n<p>La premi\u00e8re conf\u00e9rence, anim\u00e9e par S\u0153ur SEIDE Martha, FMA avait pour th\u00e8me: \u00ab Renforcer et vivre les valeurs propres \u00e0 la Spiritualit\u00e9 Sal\u00e9sienne \u00bb.<\/p>\n<p>\u00c0 travers un enseignement clair et profond\u00e9ment incarn\u00e9, elle a invit\u00e9 les communaut\u00e9s \u00e0 revenir \u00e0 l\u2019essentiel : la joie, l\u2019esprit de famille, le sens du devoir, l\u2019amour des jeunes et la confiance en la Providence. Cette r\u00e9flexion a rappel\u00e9 que vivre le charisme sal\u00e9sien aujourd\u2019hui exige fid\u00e9lit\u00e9 cr\u00e9ative, coh\u00e9rence de vie et t\u00e9moignage joyeux, m\u00eame dans un contexte marqu\u00e9 par l\u2019incertitude.<\/p>\n<p>La seconde conf\u00e9rence, anim\u00e9e par le P\u00e8re Yves-Andr\u00e9 SAINT FELIX, a permis d\u2019approfondir et d\u2019enraciner davantage cette d\u00e9marche spirituelle autour du th\u00e8me : \u00ab Enracin\u00e9s et \u00e9difi\u00e9s en Lui, restons fermes dans la foi, vivons le myst\u00e8re de l\u2019Incarnation \u00bb<\/p>\n<p><img data-recalc-dims=\"1\" loading=\"lazy\" decoding=\"async\" class=\"aligncenter wp-image-14164 size-large\" src=\"https:\/\/i0.wp.com\/fmahaiti.org\/site\/wp-content\/uploads\/2025\/12\/pere.png?resize=843%2C447&#038;ssl=1\" alt=\"\" width=\"843\" height=\"447\" srcset=\"https:\/\/i0.wp.com\/fmahaiti.org\/site\/wp-content\/uploads\/2025\/12\/pere.png?resize=1024%2C543&amp;ssl=1 1024w, https:\/\/i0.wp.com\/fmahaiti.org\/site\/wp-content\/uploads\/2025\/12\/pere.png?resize=300%2C159&amp;ssl=1 300w, https:\/\/i0.wp.com\/fmahaiti.org\/site\/wp-content\/uploads\/2025\/12\/pere.png?resize=768%2C408&amp;ssl=1 768w, https:\/\/i0.wp.com\/fmahaiti.org\/site\/wp-content\/uploads\/2025\/12\/pere.png?resize=1536%2C815&amp;ssl=1 1536w, https:\/\/i0.wp.com\/fmahaiti.org\/site\/wp-content\/uploads\/2025\/12\/pere.png?w=1617&amp;ssl=1 1617w\" sizes=\"auto, (max-width: 843px) 100vw, 843px\" \/><\/p>\n<p>Cet enseignement a \u00e9t\u00e9 un v\u00e9ritable appel \u00e0 l\u2019esp\u00e9rance et \u00e0 la pers\u00e9v\u00e9rance. Face aux d\u00e9fis personnels, communautaires et sociaux, les S\u0153urs ont \u00e9t\u00e9 encourag\u00e9es \u00e0 demeurer solidement ancr\u00e9es dans le Christ, source de toute stabilit\u00e9 et de toute f\u00e9condit\u00e9 apostolique.<\/p>\n<p>L\u2019assembl\u00e9e s\u2019est poursuivie par un moment p\u00e9nitentiel, invitant chacune \u00e0 un examen de conscience sinc\u00e8re, ouvrant le c\u0153ur \u00e0 la gr\u00e2ce du pardon \u00e0 travers la confession. Ce temps a \u00e9t\u00e9 v\u00e9cu comme une \u00e9tape essentielle de renouvellement int\u00e9rieur et de r\u00e9conciliation, tant avec Dieu qu\u2019avec soi-m\u00eame et la communaut\u00e9.<\/p>\n<p>L\u2019Adoration Eucharistique et la pri\u00e8re de la Bonne Mort ont ensuite offert un espace de silence profond, de pr\u00e9sence aimante et de communion invisible mais r\u00e9elle.<\/p>\n<p>La communication de la Provinciale est venue \u00e9clairer le chemin communautaire, encourager la fid\u00e9lit\u00e9 \u00e0 la mission et inviter \u00e0 regarder l\u2019avenir avec esp\u00e9rance et responsabilit\u00e9. Enfin, les souhaits de fin d\u2019ann\u00e9e par communaut\u00e9 ont scell\u00e9 ces journ\u00e9es dans un esprit de gratitude, de fraternit\u00e9 et de renouveau.<\/p>\n<p><strong>Ecoutons quelques S\u0153urs exprimant combien cette assembl\u00e9e, bien que v\u00e9cue en ligne, a \u00e9t\u00e9 une source de vigueur spirituelle et vocationnelle.<\/strong><\/p>\n<p><em><img data-recalc-dims=\"1\" loading=\"lazy\" decoding=\"async\" class=\"alignleft wp-image-14149 size-large\" src=\"https:\/\/i0.wp.com\/fmahaiti.org\/site\/wp-content\/uploads\/2025\/12\/Anse-a-Veau.jpeg?resize=843%2C370&#038;ssl=1\" alt=\"\" width=\"843\" height=\"370\" srcset=\"https:\/\/i0.wp.com\/fmahaiti.org\/site\/wp-content\/uploads\/2025\/12\/Anse-a-Veau.jpeg?resize=1024%2C450&amp;ssl=1 1024w, https:\/\/i0.wp.com\/fmahaiti.org\/site\/wp-content\/uploads\/2025\/12\/Anse-a-Veau.jpeg?resize=300%2C132&amp;ssl=1 300w, https:\/\/i0.wp.com\/fmahaiti.org\/site\/wp-content\/uploads\/2025\/12\/Anse-a-Veau.jpeg?resize=768%2C337&amp;ssl=1 768w, https:\/\/i0.wp.com\/fmahaiti.org\/site\/wp-content\/uploads\/2025\/12\/Anse-a-Veau.jpeg?w=1065&amp;ssl=1 1065w\" sizes=\"auto, (max-width: 843px) 100vw, 843px\" \/>&#8211; <\/em><em>S\u0153ur Rose Andr\u00e9e Ch\u00e9ry<\/em>, de la communaut\u00e9 <strong><em>Saint Joseph Educateur de l\u2019Anse-\u00e0-Veau<\/em><\/strong>\u00a0: Ces deux jours d\u2019Assembl\u00e9e ont \u00e9t\u00e9 profond\u00e9ment riches en spiritualit\u00e9 et en Sal\u00e9sianit\u00e9. J\u2019y ai v\u00e9cu un v\u00e9ritable temps de gr\u00e2ce, de recentrement et de communion, malgr\u00e9 le contexte et la modalit\u00e9 en ligne. L\u2019intervention de S\u0153ur Martha m\u2019a particuli\u00e8rement interpell\u00e9e, surtout en ce qui concerne le style de pri\u00e8re que nous vivons. Elle m\u2019a aid\u00e9e \u00e0 prendre conscience de l\u2019importance de demeurer fid\u00e8le \u00e0 notre charisme sal\u00e9sien, afin de ne pas nous laisser entra\u00eener vers des pratiques qui risqueraient de nous faire d\u00e9river de notre identit\u00e9. Cet \u00e9clairage m\u2019invite \u00e0 un discernement plus profond et \u00e0 un engagement renouvel\u00e9 pour vivre une pri\u00e8re simple, joyeuse et incarn\u00e9e, enracin\u00e9e dans l\u2019esprit de Don Bosco et fid\u00e8le \u00e0 la mission qui nous est confi\u00e9e. D\u00e8s l\u2019ouverture, la communaut\u00e9 s\u2019est rassembl\u00e9e dans la pri\u00e8re, se pla\u00e7ant sous le regard du Seigneur, consciente que toute \u0153uvre authentique commence et s\u2019enracine en Lui. Ce climat de recueillement a permis \u00e0 chacune de vivre pleinement les diff\u00e9rents temps forts propos\u00e9s, dans une profonde \u00e9coute int\u00e9rieure.<\/p>\n<p>&#8211; <em>Sr Marie Charitable Edouard<\/em>, de la communaut\u00e9 <strong><em>Saint Joseph Educateur de l\u2019Anse-\u00e0-Veau<\/em><\/strong>: J\u2019ai v\u00e9cu ma journ\u00e9e de retraite en m\u2019effor\u00e7ant de mettre de c\u00f4t\u00e9 tout ce qui pouvait me distraire. Les conseils du Pr\u00eatre qui m\u2019ont profond\u00e9ment interpell\u00e9e sont les suivants :\u00a0Puisque Dieu s\u2019est humanis\u00e9 pour pouvoir me diviniser, je dois chercher \u00e0 incarner sa Parole en moi. Je suis appel\u00e9e \u00e0 garder le silence int\u00e9rieur afin que cet amour, dans la d\u00e9couverte de l\u2019autre, puisse me transformer. Pour cela, je dois assumer toutes les limites de mon histoire, afin que ma vie personnelle et communautaire devienne une v\u00e9ritable th\u00e9ophanie et un t\u00e9moignage du myst\u00e8re de l\u2019Incarnation.<\/p>\n<p>&#8211; <em>S\u0153ur Gladysse Doxy<\/em>\u00a0: Communaut\u00e9 <strong><em>Jean Paul II des Anse-\u00e0-P\u00eetres<\/em>\u00a0<\/strong>: Je dis merci au Seigneur de<img data-recalc-dims=\"1\" loading=\"lazy\" decoding=\"async\" class=\"alignright wp-image-14148 size-large\" src=\"https:\/\/i0.wp.com\/fmahaiti.org\/site\/wp-content\/uploads\/2025\/12\/Anse-a-Pitres.jpeg?resize=843%2C357&#038;ssl=1\" alt=\"\" width=\"843\" height=\"357\" srcset=\"https:\/\/i0.wp.com\/fmahaiti.org\/site\/wp-content\/uploads\/2025\/12\/Anse-a-Pitres.jpeg?resize=1024%2C434&amp;ssl=1 1024w, https:\/\/i0.wp.com\/fmahaiti.org\/site\/wp-content\/uploads\/2025\/12\/Anse-a-Pitres.jpeg?resize=300%2C127&amp;ssl=1 300w, https:\/\/i0.wp.com\/fmahaiti.org\/site\/wp-content\/uploads\/2025\/12\/Anse-a-Pitres.jpeg?resize=768%2C325&amp;ssl=1 768w, https:\/\/i0.wp.com\/fmahaiti.org\/site\/wp-content\/uploads\/2025\/12\/Anse-a-Pitres.jpeg?w=1485&amp;ssl=1 1485w\" sizes=\"auto, (max-width: 843px) 100vw, 843px\" \/> m\u2019avoir donn\u00e9 la possibilit\u00e9 de participer \u00e0 ces 2 journ\u00e9es d\u2019assembl\u00e9e sp\u00e9cialement cette journ\u00e9e de retraite. Je me sens renouveler dans ma vie int\u00e9rieure et je sens l\u2019urgence de soigner ma pr\u00e9sence en communaut\u00e9, dans la mission et partout parce que je porte en moi l\u2019Emmanuel et je sens aussi la n\u00e9cessit\u00e9 de vivre en profondeur les valeurs sal\u00e9siennes surtout la joie l\u2019Esprit de pri\u00e8re et d\u2019abn\u00e9gation. Mille mercis pour tout\u00a0! Pour La communaut\u00e9 Saint Jean Paul II, cette exp\u00e9rience a \u00e9t\u00e9 particuli\u00e8rement b\u00e9n\u00e9fique et motivante. Les S\u0153urs sont sorties renforc\u00e9es dans leur engagement spirituel, \u00e9ducatif et missionnaire.<\/p>\n<p>\u200b- <em>Sr Est\u00e9phanie St Philippe<\/em> de la communaut\u00e9 <strong><em>Sainte Catherine du<\/em><\/strong><em> <strong>Cap-Ha\u00eftien<\/strong><\/em><strong>\u00a0: <\/strong><\/p>\n<p><strong><img data-recalc-dims=\"1\" loading=\"lazy\" decoding=\"async\" class=\"aligncenter wp-image-14150 size-large\" src=\"https:\/\/i0.wp.com\/fmahaiti.org\/site\/wp-content\/uploads\/2025\/12\/Cap-Haitien.jpeg?resize=843%2C484&#038;ssl=1\" alt=\"\" width=\"843\" height=\"484\" srcset=\"https:\/\/i0.wp.com\/fmahaiti.org\/site\/wp-content\/uploads\/2025\/12\/Cap-Haitien.jpeg?resize=1024%2C588&amp;ssl=1 1024w, https:\/\/i0.wp.com\/fmahaiti.org\/site\/wp-content\/uploads\/2025\/12\/Cap-Haitien.jpeg?resize=300%2C172&amp;ssl=1 300w, https:\/\/i0.wp.com\/fmahaiti.org\/site\/wp-content\/uploads\/2025\/12\/Cap-Haitien.jpeg?resize=768%2C441&amp;ssl=1 768w, https:\/\/i0.wp.com\/fmahaiti.org\/site\/wp-content\/uploads\/2025\/12\/Cap-Haitien.jpeg?w=1236&amp;ssl=1 1236w\" sizes=\"auto, (max-width: 843px) 100vw, 843px\" \/>C<\/strong>ette assembl\u00e9e a \u00e9t\u00e9 per\u00e7ue comme un moment opportun pour une triple \u00e9valuation : personnelle, communautaire et missionnaire. Ce fut l&rsquo;occasion de mesurer la mise en pratique des valeurs sal\u00e9siennes au c\u0153ur de notre mission quotidienne. \u200bL&rsquo;intervention du P\u00e8re St F\u00e9lix Yves Andr\u00e9 a particuli\u00e8rement marqu\u00e9 les esprits. Ses enseignements ont rappel\u00e9 l\u2019importance de: \u200bSe centrer chaque jour davantage sur le Christ, \u200bde vivre la mission dans la joie et de s\u2019&rsquo;ancrer dans l&rsquo;amour du myst\u00e8re de l&rsquo;Incarnation. <strong>\u200b<\/strong>S\u0153ur Altagr\u00e2ce, par ses mots inspirants, a invit\u00e9 chacune \u00e0 une prise de conscience profonde de son choix de vie. Elle nous a exhort\u00e9es \u00e0 nourrir une passion renouvel\u00e9e pour la mission et \u00e0 faire de la communication le fil rouge de la vie commune. \u200bEn somme, pour la communaut\u00e9 du Cap-Ha\u00eftien, cette Assembl\u00e9e se cl\u00f4ture sur une note de grande satisfaction et un \u00e9lan missionnaire renforc\u00e9. L&rsquo;engagement des S\u0153urs a \u00e9t\u00e9 exemplaire. Qu&rsquo;il s&rsquo;agisse des sessions de travail, des moments d&rsquo;adoration ou des temps communautaires, tout a \u00e9t\u00e9 v\u00e9cu avec un d\u00e9vouement tel que la barri\u00e8re du virtuel s&rsquo;est effac\u00e9e. \u00ab Nous l&rsquo;avons fait comme si c&rsquo;\u00e9tait en pr\u00e9sentiel \u00bb, ont t\u00e9moign\u00e9 les membres de la communaut\u00e9, soulignant la qualit\u00e9 du climat de pri\u00e8re.<\/p>\n<p><em>&#8211; \u00a0<\/em><em>Sr Judite Borsa<\/em>, de la communaut\u00e9 <strong><em>Notre Dame du Perp\u00e9tuel Secours des Cayes<\/em>\u00a0<\/strong>:<\/p>\n<p><img data-recalc-dims=\"1\" loading=\"lazy\" decoding=\"async\" class=\"aligncenter wp-image-14151 size-large\" src=\"https:\/\/i0.wp.com\/fmahaiti.org\/site\/wp-content\/uploads\/2025\/12\/Cayes.jpg?resize=843%2C304&#038;ssl=1\" alt=\"\" width=\"843\" height=\"304\" srcset=\"https:\/\/i0.wp.com\/fmahaiti.org\/site\/wp-content\/uploads\/2025\/12\/Cayes-scaled.jpg?resize=1024%2C369&amp;ssl=1 1024w, https:\/\/i0.wp.com\/fmahaiti.org\/site\/wp-content\/uploads\/2025\/12\/Cayes-scaled.jpg?resize=300%2C108&amp;ssl=1 300w, https:\/\/i0.wp.com\/fmahaiti.org\/site\/wp-content\/uploads\/2025\/12\/Cayes-scaled.jpg?resize=768%2C277&amp;ssl=1 768w, https:\/\/i0.wp.com\/fmahaiti.org\/site\/wp-content\/uploads\/2025\/12\/Cayes-scaled.jpg?resize=1536%2C554&amp;ssl=1 1536w, https:\/\/i0.wp.com\/fmahaiti.org\/site\/wp-content\/uploads\/2025\/12\/Cayes-scaled.jpg?resize=2048%2C739&amp;ssl=1 2048w, https:\/\/i0.wp.com\/fmahaiti.org\/site\/wp-content\/uploads\/2025\/12\/Cayes-scaled.jpg?w=1686&amp;ssl=1 1686w, https:\/\/i0.wp.com\/fmahaiti.org\/site\/wp-content\/uploads\/2025\/12\/Cayes-scaled.jpg?w=2529&amp;ssl=1 2529w\" sizes=\"auto, (max-width: 843px) 100vw, 843px\" \/>Selon elle, la communaut\u00e9 a v\u00e9cu l&rsquo;assembl\u00e9e en ligne comme un v\u00e9ritable temps de gr\u00e2ce. Elle a \u00e9t\u00e9 une tr\u00e8s belle exp\u00e9rience. Nous avons respect\u00e9 l\u2019horaire propos\u00e9 par la Province pour ne rien perdre. Les \u00e9changes fraternels et la qualit\u00e9 des interventions ont raviv\u00e9 en nous le sens de notre engagement \u00e9ducatif et pastoral.\u00a0 Ainsi, des diff\u00e9rentes interventions de la Provinciale\u00a0 <strong>S\u0153ur Altagr\u00e2ce Mathias<\/strong> nous disons\u00a0: Elle a \u00e9t\u00e9 tr\u00e8s claire dans ses exhortations. Tr\u00e8s dynamique avec ses conseils de m\u00e8re. Nous lui souhaitons du courage\u00a0! Pour <strong>Sr Martha S\u00e9ide<\/strong>\u00a0: L\u2019exp\u00e9rience a \u00e9t\u00e9 formidable. C\u2019\u00e9tait une th\u00e9rapie, elle nous a aid\u00e9es \u00e0 nous \u00e9valuer et nous exhorter \u00e0 vivre en\u00a0 vraies Sal\u00e9siennes pour attirer les jeunes vers ce charisme.<strong> Le R\u00e9v\u00e9rend P\u00e8re St F\u00e9lix<\/strong>\u00a0nous a aid\u00e9es \u00e0 approfondir d\u2019avantage notre th\u00e8me annuel et a reconfirm\u00e9 notre foi en Christ. J\u00e9sus n\u2019a pas cach\u00e9 son humanit\u00e9, nous devons devenir Emmanuel pour les autres et dans la vie des autres. C\u2019est \u00e0 dire traduire la vie de Dieu en service.<\/p>\n<p><img data-recalc-dims=\"1\" loading=\"lazy\" decoding=\"async\" class=\"alignleft wp-image-14152 size-full\" src=\"https:\/\/i0.wp.com\/fmahaiti.org\/site\/wp-content\/uploads\/2025\/12\/Cite-Militaire.jpeg?resize=843%2C423&#038;ssl=1\" alt=\"\" width=\"843\" height=\"423\" srcset=\"https:\/\/i0.wp.com\/fmahaiti.org\/site\/wp-content\/uploads\/2025\/12\/Cite-Militaire.jpeg?w=953&amp;ssl=1 953w, https:\/\/i0.wp.com\/fmahaiti.org\/site\/wp-content\/uploads\/2025\/12\/Cite-Militaire.jpeg?resize=300%2C150&amp;ssl=1 300w, https:\/\/i0.wp.com\/fmahaiti.org\/site\/wp-content\/uploads\/2025\/12\/Cite-Militaire.jpeg?resize=768%2C385&amp;ssl=1 768w\" sizes=\"auto, (max-width: 843px) 100vw, 843px\" \/>&#8211; Pour <em>Sr Faby Colin,<\/em> la communaut\u00e9 <strong><em>J\u00e9sus Enfant de la Cit\u00e9 Militaire<\/em><\/strong> a particip\u00e9 avec beaucoup d&rsquo;int\u00e9r\u00eats \u00e0 l&rsquo;Assembl\u00e9e Provinciale. Nous avons beaucoup appr\u00e9ci\u00e9 le d\u00e9vouement et la cr\u00e9ativit\u00e9 de la Provinciale et son conseil. Cela nous a permis de profiter au maximum de ce temps de ressourcement. Le choix des th\u00e8mes et des conf\u00e9renciers nous a beaucoup plu. C&rsquo;\u00e9tait en effet, un temps riche de pri\u00e8re, de formation et de partage fraternel.<\/p>\n<p>&#8211; Selon Sr <em>Sophie Auguste<\/em>, les S\u0153urs de la communaut\u00e9 <strong>Madeleine\u00a0 Morano de Jacmel<\/strong>,<img data-recalc-dims=\"1\" loading=\"lazy\" decoding=\"async\" class=\"alignright wp-image-14169 size-full\" src=\"https:\/\/i0.wp.com\/fmahaiti.org\/site\/wp-content\/uploads\/2025\/12\/Jacmel.jpeg?resize=511%2C224&#038;ssl=1\" alt=\"\" width=\"511\" height=\"224\" srcset=\"https:\/\/i0.wp.com\/fmahaiti.org\/site\/wp-content\/uploads\/2025\/12\/Jacmel.jpeg?w=511&amp;ssl=1 511w, https:\/\/i0.wp.com\/fmahaiti.org\/site\/wp-content\/uploads\/2025\/12\/Jacmel.jpeg?resize=300%2C132&amp;ssl=1 300w\" sizes=\"auto, (max-width: 511px) 100vw, 511px\" \/> ont unanimement t\u00e9moign\u00e9 que tout s\u2019est tr\u00e8s bien d\u00e9roul\u00e9. La pri\u00e8re a \u00e9t\u00e9 profond\u00e9ment et harmonieusement anim\u00e9e, favorisant un v\u00e9ritable climat de recueillement. La conf\u00e9rence de S\u0153ur Martha SE\u00cfDE a \u00e9t\u00e9 particuli\u00e8rement appr\u00e9ci\u00e9e pour sa p\u00e9dagogie participative, qui nous a permis de d\u00e9couvrir par nous-m\u00eames, de mani\u00e8re concr\u00e8te et vivante, les valeurs sal\u00e9siennes. Quant \u00e0 la conf\u00e9rence du P Saint F\u00e9lix, elle a marqu\u00e9 les S\u0153urs par l\u2019appel fort \u00e0 s\u2019enraciner toujours davantage dans le Christ. Elles ont compris que la culture et l\u2019identit\u00e9, bien qu\u2019importantes, ne suffisent pas \u00e0 elles seules pour soutenir la vie religieuse. C\u2019est dans une relation vivante avec le Christ que se construit une cons\u00e9cration solide et f\u00e9conde. Ces enseignements ont aussi mis en lumi\u00e8re certaines ins\u00e9curit\u00e9s v\u00e9cues au niveau communautaire, que nous sommes appel\u00e9es \u00e0 reconna\u00eetre et \u00e0 d\u00e9passer. Et le chemin propos\u00e9 pour les vaincre demeure la communion fraternelle, nourrie par l\u2019amour, l\u2019\u00e9coute, le respect mutuel et le soutien r\u00e9ciproque.<\/p>\n<p><img data-recalc-dims=\"1\" loading=\"lazy\" decoding=\"async\" class=\"aligncenter wp-image-14154 size-full\" src=\"https:\/\/i0.wp.com\/fmahaiti.org\/site\/wp-content\/uploads\/2025\/12\/La-Saline.jpeg?resize=843%2C319&#038;ssl=1\" alt=\"\" width=\"843\" height=\"319\" srcset=\"https:\/\/i0.wp.com\/fmahaiti.org\/site\/wp-content\/uploads\/2025\/12\/La-Saline.jpeg?w=907&amp;ssl=1 907w, https:\/\/i0.wp.com\/fmahaiti.org\/site\/wp-content\/uploads\/2025\/12\/La-Saline.jpeg?resize=300%2C113&amp;ssl=1 300w, https:\/\/i0.wp.com\/fmahaiti.org\/site\/wp-content\/uploads\/2025\/12\/La-Saline.jpeg?resize=768%2C290&amp;ssl=1 768w\" sizes=\"auto, (max-width: 843px) 100vw, 843px\" \/><\/p>\n<p>&#8211; Pour Sr <em>St\u00e9phanie Nelson<\/em> de la Communaut\u00e9<strong><em> Marie Auxiliatrice de la Saline, <\/em><\/strong><em>l\u2019A<\/em>ssembl\u00e9e a \u00e9t\u00e9 bien plus qu\u2019un simple moment de formation. Elle fut un temps b\u00e9ni de ressourcement, \u00e0 la fois spirituel et humain. Pour incarner les valeurs du charisme sal\u00e9sien, nous devons d\u2019abord \u00eatre des femmes enracin\u00e9es dans la pri\u00e8re, solidement ancr\u00e9es dans le Christ. Ces deux jours v\u00e9cus ensemble ont raviv\u00e9 en nous la flamme de la mission, en renouvelant nos forces et notre \u00e9lan int\u00e9rieur. Aujourd\u2019hui, nous sommes appel\u00e9es \u00e0 vivre la mission dans l\u2019instant pr\u00e9sent, \u00e0 marcher avec confiance, le regard tourn\u00e9 vers J\u00e9sus, notre boussole et notre lumi\u00e8re. Enfin, il nous est demand\u00e9 de demeurer enracin\u00e9es en Dieu, les yeux fix\u00e9s sur l\u2019Homme de Nazareth, pour que, dans la paix et la foi, nous puissions passer de la peur \u00e0 la libert\u00e9.<\/p>\n<p>S\u0153ur <em>Aline Nicolas<\/em> de la communaut\u00e9 <strong>Marie R\u00e9gine de Thorland<\/strong> : Tout s\u2019est bien pass\u00e9. Nous avons<img data-recalc-dims=\"1\" loading=\"lazy\" decoding=\"async\" class=\"alignright wp-image-14155 size-large\" src=\"https:\/\/i0.wp.com\/fmahaiti.org\/site\/wp-content\/uploads\/2025\/12\/Marie-Regine.jpeg?resize=843%2C632&#038;ssl=1\" alt=\"\" width=\"843\" height=\"632\" srcset=\"https:\/\/i0.wp.com\/fmahaiti.org\/site\/wp-content\/uploads\/2025\/12\/Marie-Regine.jpeg?resize=1024%2C768&amp;ssl=1 1024w, https:\/\/i0.wp.com\/fmahaiti.org\/site\/wp-content\/uploads\/2025\/12\/Marie-Regine.jpeg?resize=300%2C225&amp;ssl=1 300w, https:\/\/i0.wp.com\/fmahaiti.org\/site\/wp-content\/uploads\/2025\/12\/Marie-Regine.jpeg?resize=768%2C576&amp;ssl=1 768w, https:\/\/i0.wp.com\/fmahaiti.org\/site\/wp-content\/uploads\/2025\/12\/Marie-Regine.jpeg?w=1032&amp;ssl=1 1032w\" sizes=\"auto, (max-width: 843px) 100vw, 843px\" \/>\u00a0pu nous concentrer malgr\u00e9 le fait que ce fussent des rencontres virtuelles. Nous avons b\u00e9n\u00e9fici\u00e9 de bonnes r\u00e9flexions et la chaleur humaine \u00e9tait au rendez-vous. Nous avons v\u00e9cu les c\u00e9l\u00e9brations ensemble et nous avons pu contempler les visages de nos S\u0153urs.<\/p>\n<p>S\u0153ur <em>H\u00e9l\u00e8ne Sylvita\u00a0 Claude<\/em> de la communaut\u00e9 <strong>Marie R\u00e9gine de Thorland<\/strong>: J\u2019ai v\u00e9cu cette assembl\u00e9e dans le calme. L\u2019ambiance \u00e9tait pr\u00e9par\u00e9e pour m\u2019aider \u00e0 bien profiter de ces deux jours. La formation va m\u2019\u00eatre utile, tant au niveau spirituel que pour la mission. Nous remercions S\u0153ur Altagr\u00e2ce Mathias, notre Provinciale et ses conseill\u00e8res pour leur dynamisme et pour ce moment v\u00e9cu comme Communaut\u00e9 locale et Provinciale.<\/p>\n<p><img data-recalc-dims=\"1\" loading=\"lazy\" decoding=\"async\" class=\"alignleft wp-image-14156 size-full\" src=\"https:\/\/i0.wp.com\/fmahaiti.org\/site\/wp-content\/uploads\/2025\/12\/Ouanaminthe.jpeg?resize=843%2C453&#038;ssl=1\" alt=\"\" width=\"843\" height=\"453\" srcset=\"https:\/\/i0.wp.com\/fmahaiti.org\/site\/wp-content\/uploads\/2025\/12\/Ouanaminthe.jpeg?w=1024&amp;ssl=1 1024w, https:\/\/i0.wp.com\/fmahaiti.org\/site\/wp-content\/uploads\/2025\/12\/Ouanaminthe.jpeg?resize=300%2C161&amp;ssl=1 300w, https:\/\/i0.wp.com\/fmahaiti.org\/site\/wp-content\/uploads\/2025\/12\/Ouanaminthe.jpeg?resize=768%2C413&amp;ssl=1 768w\" sizes=\"auto, (max-width: 843px) 100vw, 843px\" \/>&#8211; Pour Sr <em>Mineuve F\u00e9lix<\/em> de la communaut\u00e9 de <strong><em>Saint Fran\u00e7ois de Sales de Ouanaminthe\u00a0<\/em><\/strong>: On \u00a0a v\u00e9cu ces deux jours d\u2019Assembl\u00e9e dans la joie et l\u2019all\u00e9gresse. Tous les membres de la communaut\u00e9 y ont activement particip\u00e9 et ont fait provision de forces pour une vie communautaire renouvel\u00e9e, fond\u00e9e sur le respect, la compr\u00e9hension, le don de soi, le dialogue et la r\u00e9conciliation. Les S\u0153urs ont beaucoup appr\u00e9ci\u00e9 les moments de formation partag\u00e9e qui ont mis en exergue les valeurs sal\u00e9siennes, ainsi que l&rsquo;importance d&rsquo;\u00eatre enracin\u00e9es, \u00e9difi\u00e9es et de rester fermes en J\u00e9sus pour mieux vivre le myst\u00e8re de l\u2019Incarnation. Enfin, nous remercions infiniment la Provinciale et ses conseill\u00e8res qui ne cessent de nous aider \u00e0 grandir dans notre foi et notre vocation.<\/p>\n<p>&#8211; S\u0153ur <em>Pierre Myrl\u00e8ne F\u00e9lix<\/em> de la Communaut\u00e9<strong><em> Marie Dominique Mazzarello de P\u00e9tion-Ville\u00a0<\/em><\/strong>:<img data-recalc-dims=\"1\" loading=\"lazy\" decoding=\"async\" class=\"alignright wp-image-14157 size-large\" src=\"https:\/\/i0.wp.com\/fmahaiti.org\/site\/wp-content\/uploads\/2025\/12\/Petion-ville.jpeg?resize=843%2C495&#038;ssl=1\" alt=\"\" width=\"843\" height=\"495\" srcset=\"https:\/\/i0.wp.com\/fmahaiti.org\/site\/wp-content\/uploads\/2025\/12\/Petion-ville.jpeg?resize=1024%2C601&amp;ssl=1 1024w, https:\/\/i0.wp.com\/fmahaiti.org\/site\/wp-content\/uploads\/2025\/12\/Petion-ville.jpeg?resize=300%2C176&amp;ssl=1 300w, https:\/\/i0.wp.com\/fmahaiti.org\/site\/wp-content\/uploads\/2025\/12\/Petion-ville.jpeg?resize=768%2C451&amp;ssl=1 768w, https:\/\/i0.wp.com\/fmahaiti.org\/site\/wp-content\/uploads\/2025\/12\/Petion-ville.jpeg?w=1054&amp;ssl=1 1054w\" sizes=\"auto, (max-width: 843px) 100vw, 843px\" \/> Toutes les\u00a0 S\u0153urs ont v\u00e9cu ces deux jours d\u2019Assembl\u00e9e dans la foi et avec le d\u00e9sir d\u2019aller de l\u2019avant dans leur vocation. Avec S\u0153ur Martha Seide, nous avons \u00e9t\u00e9 invit\u00e9es \u00e0 nous rappeler des valeurs propres en tant que Sal\u00e9siennes. Malgr\u00e9 la situation tr\u00e8s difficile que nous traversons, cela ne doit pas avoir d\u2019effets n\u00e9gatifs sur les valeurs fondamentales de notre Charisme. La conf\u00e9rence du Pr\u00eatre nous a permis de revivre l\u2019esprit de la retraite, en parfaite r\u00e9sonance avec le temps liturgique que nous vivons : le Petit J\u00e9sus s\u2019est fait proche de nous, et nous aussi devons faire des efforts pour nous rapprocher de Lui, en nous enracinant davantage en Lui. Les deux conf\u00e9renciers avaient \u00e9t\u00e9 tr\u00e8s bien choisis. L\u2019Assembl\u00e9e \u00e9tait tr\u00e8s belle et les th\u00e8mes abord\u00e9s riches, malgr\u00e9 le drame v\u00e9cu par notre communaut\u00e9 le dernier jour avec l\u2019explosion du gaz propane. Elle a soulign\u00e9 que, sans la pri\u00e8re, cela aurait \u00e9t\u00e9 encore plus difficile.<\/p>\n<p><img data-recalc-dims=\"1\" loading=\"lazy\" decoding=\"async\" class=\"aligncenter wp-image-14158 size-full\" src=\"https:\/\/i0.wp.com\/fmahaiti.org\/site\/wp-content\/uploads\/2025\/12\/Noviciat.jpeg?resize=843%2C315&#038;ssl=1\" alt=\"\" width=\"843\" height=\"315\" srcset=\"https:\/\/i0.wp.com\/fmahaiti.org\/site\/wp-content\/uploads\/2025\/12\/Noviciat.jpeg?w=945&amp;ssl=1 945w, https:\/\/i0.wp.com\/fmahaiti.org\/site\/wp-content\/uploads\/2025\/12\/Noviciat.jpeg?resize=300%2C112&amp;ssl=1 300w, https:\/\/i0.wp.com\/fmahaiti.org\/site\/wp-content\/uploads\/2025\/12\/Noviciat.jpeg?resize=768%2C287&amp;ssl=1 768w\" sizes=\"auto, (max-width: 843px) 100vw, 843px\" \/>&#8211; Sr <em>Carole Jeune<\/em> du <strong><em>Noviciat Marie Auxiliatrice de Thorland<\/em><\/strong>\u00a0: Nous avons bien particip\u00e9 \u00e0 cette traditionnelle assembl\u00e9e annuelle. Au tout d\u00e9but, nous avons eu un petit probl\u00e8me d&rsquo;internet que nous avons palli\u00e9 en nous dirigeant tout de suite chez notre voisine Marie R\u00e9gine pour la premi\u00e8re partie de la journ\u00e9e jusqu&rsquo;au moment du diner, et pour les autres moments \u00e7a a \u00e9t\u00e9 tr\u00e8s bien gr\u00e2ce \u00e0 Dieu. Nous avons red\u00e9couvert les valeurs du Charisme Sal\u00e9sien avec Sr Martha S\u00e9ide et avec le P\u00e8re St F\u00e9lix, nous avons compris que la vie est faite de Croix qui est l&rsquo;expression m\u00eame de l&rsquo;amour de Dieu. Nous avons bien profit\u00e9 de chaque moment que la Province nous a offert.<\/p>\n<p>&#8211; Sr <em>Pauline Jean<\/em> de la Communaut\u00e9<strong><em> du Sacr\u00e9-C\u0153ur de Hinche<\/em>\u00a0: C<\/strong>es deux jours en ligne n&rsquo;ont pas<img data-recalc-dims=\"1\" loading=\"lazy\" decoding=\"async\" class=\"aligncenter wp-image-14159 size-large\" src=\"https:\/\/i0.wp.com\/fmahaiti.org\/site\/wp-content\/uploads\/2025\/12\/Hinche.jpeg?resize=843%2C393&#038;ssl=1\" alt=\"\" width=\"843\" height=\"393\" srcset=\"https:\/\/i0.wp.com\/fmahaiti.org\/site\/wp-content\/uploads\/2025\/12\/Hinche.jpeg?resize=1024%2C477&amp;ssl=1 1024w, https:\/\/i0.wp.com\/fmahaiti.org\/site\/wp-content\/uploads\/2025\/12\/Hinche.jpeg?resize=300%2C140&amp;ssl=1 300w, https:\/\/i0.wp.com\/fmahaiti.org\/site\/wp-content\/uploads\/2025\/12\/Hinche.jpeg?resize=768%2C357&amp;ssl=1 768w, https:\/\/i0.wp.com\/fmahaiti.org\/site\/wp-content\/uploads\/2025\/12\/Hinche.jpeg?w=1173&amp;ssl=1 1173w\" sizes=\"auto, (max-width: 843px) 100vw, 843px\" \/> \u00e9t\u00e9 qu&rsquo;une simple s\u00e9rie de conf\u00e9rences, mais une v\u00e9ritable exp\u00e9rience de C\u00e9nacle et de rencontre fraternelle. La premi\u00e8re journ\u00e9e a \u00e9t\u00e9 marqu\u00e9e par un esprit d&rsquo;\u00e9coute et de vision. \u00c0 travers une intervention magistrale de S\u0153ur Martha Se\u00efde. Avec le dynamisme qu&rsquo;on lui conna\u00eet, elle nous a replong\u00e9es au c\u0153ur de notre identit\u00e9 en approfondissant les valeurs du charisme sal\u00e9sien. Elle nous a invit\u00e9es \u00e0 renforcer et vivre les valeurs propres \u00e0 la spiritualit\u00e9 sal\u00e9sienne. Ce fut un moment fort pour red\u00e9couvrir la fra\u00eecheur de notre spiritualit\u00e9 et l&rsquo;importance de la transmettre avec passion aux jeunes. Le R\u00e9v\u00e9rend P\u00e8re Yves Andr\u00e9 Saint Felix, intervenant de la deuxi\u00e8me journ\u00e9e, nous a guid\u00e9es dans cette m\u00e9ditation profonde. Il nous a invit\u00e9es \u00e0 une v\u00e9ritable conversion du c\u0153ur, nous rappelant que notre action ne peut \u00eatre f\u00e9conde que si elle prend sa source dans une foi solide et une union intime avec le Christ incarn\u00e9. Il nous invite aussi \u00e0 faire de notre humanit\u00e9 un lieu th\u00e9ologique. Pour les sept s\u0153urs de Hinche, cette Assembl\u00e9e Provinciale a \u00e9t\u00e9 une occasion de renouveler leur \u00ab oui \u00bb et de repartir avec un z\u00e8le apostolique nouveau pour servir Dieu dans la mission qu\u2019Il nous a confi\u00e9e\u00a0! Nous remercions notre provinciale et ses conseill\u00e8res, ainsi que chaque personne qui ont contribu\u00e9 pour la r\u00e9ussite de ces deux jours de l\u2019Assembl\u00e9e Provinciale\u00a0!<\/p>\n<p><img data-recalc-dims=\"1\" loading=\"lazy\" decoding=\"async\" class=\"alignleft wp-image-14160 size-medium\" src=\"https:\/\/i0.wp.com\/fmahaiti.org\/site\/wp-content\/uploads\/2025\/12\/Gommiers-1.jpeg?resize=288%2C300&#038;ssl=1\" alt=\"\" width=\"288\" height=\"300\" srcset=\"https:\/\/i0.wp.com\/fmahaiti.org\/site\/wp-content\/uploads\/2025\/12\/Gommiers-1.jpeg?resize=288%2C300&amp;ssl=1 288w, https:\/\/i0.wp.com\/fmahaiti.org\/site\/wp-content\/uploads\/2025\/12\/Gommiers-1.jpeg?resize=982%2C1024&amp;ssl=1 982w, https:\/\/i0.wp.com\/fmahaiti.org\/site\/wp-content\/uploads\/2025\/12\/Gommiers-1.jpeg?resize=768%2C801&amp;ssl=1 768w, https:\/\/i0.wp.com\/fmahaiti.org\/site\/wp-content\/uploads\/2025\/12\/Gommiers-1.jpeg?w=1063&amp;ssl=1 1063w\" sizes=\"auto, (max-width: 288px) 100vw, 288px\" \/>&#8211; Sr <em>Marie Shedou No\u00ebl<\/em> de la communaut\u00e9 <strong><em>Marie Auxiliatrice des Gommiers<\/em><\/strong>\u00a0: Ces deux journ\u00e9es d\u2019Assembl\u00e9e Provinciale\u00a0 ont \u00e9t\u00e9 v\u00e9cues par chacune de nous comme un v\u00e9ritable \u00ab\u00a0retour aux sources\u201d. Nous avons pris le temps d\u2019identifier les zones de ti\u00e9deur ou de routine qui ont pu s\u2019installer. Les \u00e9changes ont permis de remettre en lumi\u00e8re les piliers de notre identit\u00e9 (par exemple : l&rsquo;accueil, l&rsquo;humilit\u00e9, le service des plus pauvres, la pri\u00e8re, la joie, le pardon). Nous avons compris que raviver le charisme n&rsquo;est pas un retour nostalgique vers le pass\u00e9, mais une adaptation cr\u00e9ative de notre mission aux d\u00e9fis d&rsquo;aujourd&rsquo;hui. Les temps de la retraite qui avait constitu\u00e9e\u00a0 d&rsquo;adoration et de m\u00e9ditation de la Parole, de pri\u00e8re intense nous ont aid\u00e9es \u00e0 passer du \u00ab\u00a0faire\u00a0\u00bb \u00e0 l'\u00a0\u00bb\u00eatre\u00a0\u00bb. Nous avons d\u00e9pos\u00e9 nos fatigues pour recevoir un souffle nouveau en J\u00e9sus L\u2019Emmanuel. L&rsquo;impression g\u00e9n\u00e9rale que nous est celle d&rsquo;un passage \u00e0 l&rsquo;action. Nous ne sommes plus seulement dans l&rsquo;admiration du charisme de nos Fondateurs, mais dans la volont\u00e9 de le traduire concr\u00e8tement dans nos champs de mission. Il y a une volont\u00e9 commune de ne pas laisser ces r\u00e9flexions rester lettre, mais de les transformer en nouvelles mani\u00e8res d&rsquo;\u00eatre et de servir. En somme, Ces deux jours ont \u00e9t\u00e9 une halte salutaire. Ils nous ont permis de passer de la r\u00e9flexion \u00e0 la conversion du c\u0153ur, nous donnant les outils spirituels pour faire rayonner \u00e0 nouveau notre mission dans le monde. Nous ressortons de ces deux jours avec le c\u0153ur plus l\u00e9ger et l&rsquo;esprit plus vif, habit\u00e9s par la gratitude d&rsquo;appartenir \u00e0 cette famille religieuse et par l&rsquo;enthousiasme de contribuer \u00e0 sa renaissance dans la pratique de ces valeurs.<\/p>\n<p>&#8211; Sr <em>Jeannette Term\u00e9us<\/em>, de la communaut\u00e9<strong> Marie Dominique Mazzarello de Saint-Martin\u00a0: <img data-recalc-dims=\"1\" loading=\"lazy\" decoding=\"async\" class=\"alignright wp-image-14168 size-full\" src=\"https:\/\/i0.wp.com\/fmahaiti.org\/site\/wp-content\/uploads\/2025\/12\/St-Martin.jpeg?resize=260%2C204&#038;ssl=1\" alt=\"\" width=\"260\" height=\"204\" \/><\/strong>Nous sommes dans une communaut\u00e9 Outre-Mer. Nous avons mission dans la Paroisse Saint Martin de Tours. Etant Sal\u00e9siennes de Don Bosco, nous avons v\u00e9cu notre Assembl\u00e9e autrement. Nous n\u2019avons pas pu vivre l\u2019Assembl\u00e9e dans son int\u00e9gralit\u00e9, c\u2019\u00e9tait entrecoup\u00e9 avec des activit\u00e9s de la Paroisse. Mais ce que nous avons suivi, nous l\u2019avons fait avec c\u0153ur\u00a0 et profondeur. \u00a0Nous avons retenu selon le P\u00e8re Yves-Andr\u00e9 Saint F\u00e9lix, \u00a0Que les membres de la communaut\u00e9 centr\u00e9e sur Dieu accueille la Parole de Dieu, adore Dieu en v\u00e9rit\u00e9 et \u00e9coute sa voix. Et Sr Martha qui nous a invit\u00e9es \u00e0 vivre au quotidien\u00a0 les valeurs du charisme Sal\u00e9sien. Elle nous a rappel\u00e9 qu\u2019il y a toujours un point accessible au bien dans chaque S\u0153ur, dans chaque Jeune, dans chaque Collaborateur. \u00a0Notre pr\u00e9sence doit \u00eatre une pr\u00e9sence spirituelle. L\u00e0 \u00a0o\u00f9 nous sommes, nous pouvons rencontrer le Seigneur. Cela nous oblige \u00e0 changer notre regard sur la r\u00e9alit\u00e9. Ces moments forts de notre Assembl\u00e9e nous font voir m\u00eame \u00e0 distance et malgr\u00e9 la situation difficile de notre pays, nous pouvons nous mettre ensemble pour nourrir notre vocation. Que le Seigneur continue de nous accompagner afin de vivre les valeurs chr\u00e9tiennes et sal\u00e9siennes afin de pouvoir les transmettre \u00e0 ceux que nous accompagnons\u00a0<strong>!\u00a0 <\/strong><\/p>\n<p>&#8211; Sr <em>Micheleine Germeille<\/em>, de la <strong>Maison Provinciale des FMA<\/strong>: <img data-recalc-dims=\"1\" loading=\"lazy\" decoding=\"async\" class=\"aligncenter wp-image-14161 size-full\" src=\"https:\/\/i0.wp.com\/fmahaiti.org\/site\/wp-content\/uploads\/2025\/12\/Maison-Provinciale.jpeg?resize=843%2C426&#038;ssl=1\" alt=\"\" width=\"843\" height=\"426\" srcset=\"https:\/\/i0.wp.com\/fmahaiti.org\/site\/wp-content\/uploads\/2025\/12\/Maison-Provinciale.jpeg?w=999&amp;ssl=1 999w, https:\/\/i0.wp.com\/fmahaiti.org\/site\/wp-content\/uploads\/2025\/12\/Maison-Provinciale.jpeg?resize=300%2C152&amp;ssl=1 300w, https:\/\/i0.wp.com\/fmahaiti.org\/site\/wp-content\/uploads\/2025\/12\/Maison-Provinciale.jpeg?resize=768%2C388&amp;ssl=1 768w\" sizes=\"auto, (max-width: 843px) 100vw, 843px\" \/>Trois ans d\u00e9j\u00e0 depuis que nous sommes en mode \u201cOnline\u201d. Nous vivons presque toutes\u00a0 nos importantes rencontres de fa\u00e7on virtuelle. Notre traditionnelle Assembl\u00e9e du mois de D\u00e9cembre, cette ann\u00e9e a pu \u00eatre encore effective gr\u00e2ce \u00e0 ce moyen technologique et nous rendons gr\u00e2ce \u00e0 Dieu. Cela nous a permis de rester quand m\u00eame connect\u00e9es et soud\u00e9es \u00e0 notre racine malgr\u00e9 la distance g\u00e9ographique qui nous s\u00e9pare les unes des autres. Les causeries que ce soit avec S\u0153ur Martha Seide ou avec le P\u00e8re Yves-Andr\u00e9 Saint F\u00e9lix nous ont permis de faire un plongeon dans notre racine pour nous rappeler les grandes valeurs charismatiques qui nous caract\u00e9risent comme religieuses sal\u00e9siennes et de rester en lien \u00e0 ce que nous avons v\u00e9cu durant notre retraite annuelle. J\u2019ai appr\u00e9ci\u00e9 la journ\u00e9e de retraite malgr\u00e9 les petits probl\u00e8mes de connexion, cela ne nous a pas emp\u00each\u00e9 de bien profiter des diff\u00e9rents moments. Ma communaut\u00e9 aussi avait bien profit\u00e9 de ces jours d\u2019Assembl\u00e9e Provinciale. Nous remercions la Provinciale qui n\u2019a jamais marchand\u00e9 son courage, son temps pour r\u00e9pondre \u00e0 la mission qui lui est confi\u00e9e. Nous remercions aussi les membres de son Conseil et toutes les personnes qui ont contribu\u00e9 \u00e0 rendre possible ces deux jours de formation et de rencontre. Merci de tout C\u0153ur!<\/p>\n<p><img data-recalc-dims=\"1\" loading=\"lazy\" decoding=\"async\" class=\"alignleft wp-image-14166 size-medium\" src=\"https:\/\/i0.wp.com\/fmahaiti.org\/site\/wp-content\/uploads\/2025\/12\/Sr-Alta-1.jpeg?resize=300%2C249&#038;ssl=1\" alt=\"\" width=\"300\" height=\"249\" srcset=\"https:\/\/i0.wp.com\/fmahaiti.org\/site\/wp-content\/uploads\/2025\/12\/Sr-Alta-1.jpeg?resize=300%2C249&amp;ssl=1 300w, https:\/\/i0.wp.com\/fmahaiti.org\/site\/wp-content\/uploads\/2025\/12\/Sr-Alta-1.jpeg?w=711&amp;ssl=1 711w\" sizes=\"auto, (max-width: 300px) 100vw, 300px\" \/>Nous rendons gr\u00e2ce \u00e0 Dieu pour ce temps de renouvellement qui nous encourage \u00e0 vivre chaque jour<img data-recalc-dims=\"1\" loading=\"lazy\" decoding=\"async\" class=\"alignright wp-image-14146 size-medium\" src=\"https:\/\/i0.wp.com\/fmahaiti.org\/site\/wp-content\/uploads\/2025\/12\/b08cf91e-d958-4574-9713-a76a97220f55.jpeg?resize=220%2C300&#038;ssl=1\" alt=\"\" width=\"220\" height=\"300\" srcset=\"https:\/\/i0.wp.com\/fmahaiti.org\/site\/wp-content\/uploads\/2025\/12\/b08cf91e-d958-4574-9713-a76a97220f55.jpeg?resize=220%2C300&amp;ssl=1 220w, https:\/\/i0.wp.com\/fmahaiti.org\/site\/wp-content\/uploads\/2025\/12\/b08cf91e-d958-4574-9713-a76a97220f55.jpeg?w=416&amp;ssl=1 416w\" sizes=\"auto, (max-width: 220px) 100vw, 220px\" \/> d\u2019avantage le Charisme Sal\u00e9sien. Nous remercions de tout c\u0153ur tous ceux et celles qui ont contribu\u00e9 \u00e0 la r\u00e9alisation de cette Assembl\u00e9e Provinciale 2025, particuli\u00e8rement la Provinciale,<\/p>\n<p>S\u0153ur Altagr\u00e2ce Mathias et son Conseil, pour avoir r\u00e9alis\u00e9 cette tradition d\u2019Assembl\u00e9e Provinciale malgr\u00e9 les vicissitudes de notre pays.<\/p>\n<p>La Congr\u00e9gation ne cesse de nous former, et nous devons faire l\u2019effort d\u2019accueillir ces moments de formation afin de devenir de bonnes Sal\u00e9siennes. Nous pouvons perdre toutes nos\u00a0 maisons mais pas la P\u00e9dagogie de Don Bosco. Les valeurs sal\u00e9siennes sont \u00e0 vivre toujours et partout.<\/p>\n<p><img data-recalc-dims=\"1\" loading=\"lazy\" decoding=\"async\" class=\"aligncenter wp-image-14167 size-large\" src=\"https:\/\/i0.wp.com\/fmahaiti.org\/site\/wp-content\/uploads\/2025\/12\/Cadeau.jpeg?resize=843%2C387&#038;ssl=1\" alt=\"\" width=\"843\" height=\"387\" srcset=\"https:\/\/i0.wp.com\/fmahaiti.org\/site\/wp-content\/uploads\/2025\/12\/Cadeau.jpeg?resize=1024%2C470&amp;ssl=1 1024w, https:\/\/i0.wp.com\/fmahaiti.org\/site\/wp-content\/uploads\/2025\/12\/Cadeau.jpeg?resize=300%2C138&amp;ssl=1 300w, https:\/\/i0.wp.com\/fmahaiti.org\/site\/wp-content\/uploads\/2025\/12\/Cadeau.jpeg?resize=768%2C353&amp;ssl=1 768w, https:\/\/i0.wp.com\/fmahaiti.org\/site\/wp-content\/uploads\/2025\/12\/Cadeau.jpeg?w=1126&amp;ssl=1 1126w\" sizes=\"auto, (max-width: 843px) 100vw, 843px\" \/><\/p>\n","protected":false},"excerpt":{"rendered":"<p>Les 26 et 27 D\u00e9cembre 2025, malgr\u00e9 la situation pr\u00e9caire que traverse le pays, la Province Notre Dame du Perp\u00e9tuel Secours a tenu \u00e0 vivre&hellip;<\/p>\n","protected":false},"author":4,"featured_media":14147,"comment_status":"open","ping_status":"open","sticky":false,"template":"","format":"standard","meta":{"_jetpack_memberships_contains_paid_content":false,"footnotes":"","jetpack_publicize_message":"","jetpack_publicize_feature_enabled":true,"jetpack_social_post_already_shared":true,"jetpack_social_options":{"image_generator_settings":{"template":"highway","default_image_id":0,"font":"","enabled":false},"version":2}},"categories":[22,32],"tags":[],"class_list":["post-14145","post","type-post","status-publish","format-standard","has-post-thumbnail","hentry","category-nouvelles","category-vie-de-la-province"],"jetpack_publicize_connections":[],"jetpack_featured_media_url":"https:\/\/i0.wp.com\/fmahaiti.org\/site\/wp-content\/uploads\/2025\/12\/photo.jpeg?fit=1026%2C567&ssl=1","jetpack_sharing_enabled":true,"jetpack_shortlink":"https:\/\/wp.me\/pcR5kd-3G9","jetpack-related-posts":[{"id":2788,"url":"https:\/\/fmahaiti.org\/site\/2022\/01\/05\/assemblee-provinciale-decembre-2021\/","url_meta":{"origin":14145,"position":0},"title":"Assembl\u00e9e Provinciale D\u00e9cembre 2021","author":"Sr Monette Octave","date":"5 janvier 2022","format":false,"excerpt":"Notre derni\u00e8re Assembl\u00e9e Provinciale avait eu lieu en D\u00e9cembre 2020. \u00c0 cause des probl\u00e8mes sociaux politiques et la COVID 19, nous avons rat\u00e9 l\u2019Assembl\u00e9e du mois de Juillet 2021. Bon gr\u00e9, mal gr\u00e9, nous arrivons \u00e0 r\u00e9aliser notre Assembl\u00e9e Provinciale du 27 au 29 D\u00e9cembre 2021 \u00e0 la Maison Provinciale.\u2026","rel":"","context":"Dans &quot;Sal\u00e9sianit\u00e9&quot;","block_context":{"text":"Sal\u00e9sianit\u00e9","link":"https:\/\/fmahaiti.org\/site\/category\/salesianite\/"},"img":{"alt_text":"","src":"https:\/\/i0.wp.com\/fmahaiti.org\/site\/wp-content\/uploads\/2022\/01\/IMG_0831-1-scaled.jpg?fit=1200%2C900&ssl=1&resize=350%2C200","width":350,"height":200,"srcset":"https:\/\/i0.wp.com\/fmahaiti.org\/site\/wp-content\/uploads\/2022\/01\/IMG_0831-1-scaled.jpg?fit=1200%2C900&ssl=1&resize=350%2C200 1x, https:\/\/i0.wp.com\/fmahaiti.org\/site\/wp-content\/uploads\/2022\/01\/IMG_0831-1-scaled.jpg?fit=1200%2C900&ssl=1&resize=525%2C300 1.5x, https:\/\/i0.wp.com\/fmahaiti.org\/site\/wp-content\/uploads\/2022\/01\/IMG_0831-1-scaled.jpg?fit=1200%2C900&ssl=1&resize=700%2C400 2x, https:\/\/i0.wp.com\/fmahaiti.org\/site\/wp-content\/uploads\/2022\/01\/IMG_0831-1-scaled.jpg?fit=1200%2C900&ssl=1&resize=1050%2C600 3x"},"classes":[]},{"id":5397,"url":"https:\/\/fmahaiti.org\/site\/2023\/07\/14\/une-assemblee-provinciale-originale\/","url_meta":{"origin":14145,"position":1},"title":"\u00ab\u00a0\u00a0\u00bbUne Assembl\u00e9e Provinciale Originale","author":"Sr Monette Octave","date":"14 juillet 2023","format":false,"excerpt":"Assembl\u00e9e 11-12 Juillet 2023 Ce matin, 11 juillet 2023, \u00a0anim\u00e9e par la joie des retrouvailles, malgr\u00e9 la situation difficile de notre pays, presque toutes les S\u0153urs de la Province Notre Dame du Perp\u00e9tuel Secours, venues des quatre coins du pays se rassemblent \u00e0 la Maison Provinciale comme d\u2019habitude pour l\u2019assembl\u00e9e\u2026","rel":"","context":"Dans &quot;Formation&quot;","block_context":{"text":"Formation","link":"https:\/\/fmahaiti.org\/site\/category\/formation\/"},"img":{"alt_text":"","src":"https:\/\/i0.wp.com\/fmahaiti.org\/site\/wp-content\/uploads\/2023\/07\/Assemblee-Juillet-2023.jpg?fit=1200%2C749&ssl=1&resize=350%2C200","width":350,"height":200,"srcset":"https:\/\/i0.wp.com\/fmahaiti.org\/site\/wp-content\/uploads\/2023\/07\/Assemblee-Juillet-2023.jpg?fit=1200%2C749&ssl=1&resize=350%2C200 1x, https:\/\/i0.wp.com\/fmahaiti.org\/site\/wp-content\/uploads\/2023\/07\/Assemblee-Juillet-2023.jpg?fit=1200%2C749&ssl=1&resize=525%2C300 1.5x, https:\/\/i0.wp.com\/fmahaiti.org\/site\/wp-content\/uploads\/2023\/07\/Assemblee-Juillet-2023.jpg?fit=1200%2C749&ssl=1&resize=700%2C400 2x, https:\/\/i0.wp.com\/fmahaiti.org\/site\/wp-content\/uploads\/2023\/07\/Assemblee-Juillet-2023.jpg?fit=1200%2C749&ssl=1&resize=1050%2C600 3x"},"classes":[]},{"id":7461,"url":"https:\/\/fmahaiti.org\/site\/2023\/12\/31\/une-assemblee-provinciale-au-rythme-de-la-conjoncture-du-pays\/","url_meta":{"origin":14145,"position":2},"title":"Une Assembl\u00e9e Provinciale au rythme de la conjoncture du Pays!","author":"Sr Monette Octave","date":"31 d\u00e9cembre 2023","format":false,"excerpt":"Du 27 au 29 d\u00e9cembre 2023, s\u2019est tenu \u00e0 Port-au-Prince, Notre Dame du Perp\u00e9tuel Secours (Maison Provinciale des Sal\u00e9siennes), la traditionnelle Assembl\u00e9e Provinciale des Filles de Marie Auxiliatrice d\u2019Ha\u00efti. Un chaleureux accueil \u00e9tait r\u00e9serv\u00e9 aux S\u0153urs des communaut\u00e9s de la zone m\u00e9tropolitaine puisque les S\u0153urs des villes de province suivent\u2026","rel":"","context":"Dans &quot;Convivialit\u00e9&quot;","block_context":{"text":"Convivialit\u00e9","link":"https:\/\/fmahaiti.org\/site\/category\/convivialite\/"},"img":{"alt_text":"","src":"https:\/\/i0.wp.com\/fmahaiti.org\/site\/wp-content\/uploads\/2023\/12\/cadeau.jpg?fit=1000%2C462&ssl=1&resize=350%2C200","width":350,"height":200,"srcset":"https:\/\/i0.wp.com\/fmahaiti.org\/site\/wp-content\/uploads\/2023\/12\/cadeau.jpg?fit=1000%2C462&ssl=1&resize=350%2C200 1x, https:\/\/i0.wp.com\/fmahaiti.org\/site\/wp-content\/uploads\/2023\/12\/cadeau.jpg?fit=1000%2C462&ssl=1&resize=525%2C300 1.5x, https:\/\/i0.wp.com\/fmahaiti.org\/site\/wp-content\/uploads\/2023\/12\/cadeau.jpg?fit=1000%2C462&ssl=1&resize=700%2C400 2x"},"classes":[]},{"id":3035,"url":"https:\/\/fmahaiti.org\/site\/2022\/01\/31\/ceremonie-dinstallation-du-nouveau-provincial-des-salesiens-dhaiti\/","url_meta":{"origin":14145,"position":3},"title":"C\u00e9r\u00e9monie d\u2019installation du Nouveau Provincial des Sal\u00e9siens d\u2019Ha\u00efti","author":"Sr Monette Octave","date":"31 janvier 2022","format":false,"excerpt":"C\u2019est au cours de la messe Dominicale du 30 Janvier 2022 \u00e0 Saint Jean Bosco \u00e0 P\u00e9tion-ville\u00a0 aux environs de 11 hres AM\u00a0 qu\u2019on a install\u00e9 le R\u00e9v\u00e9rend P. Morachel Bonhomme SDB, comme nouveau Sup\u00e9rieur de la Vice Province Don Philippe Rinaldi des Sal\u00e9siens de Don Bosco en Ha\u00efti. La\u2026","rel":"","context":"Dans &quot;Famille Sal\u00e9sienne&quot;","block_context":{"text":"Famille Sal\u00e9sienne","link":"https:\/\/fmahaiti.org\/site\/category\/famille-salesienne\/"},"img":{"alt_text":"","src":"https:\/\/i0.wp.com\/fmahaiti.org\/site\/wp-content\/uploads\/2022\/01\/20220130_121637-scaled.jpg?fit=1200%2C900&ssl=1&resize=350%2C200","width":350,"height":200,"srcset":"https:\/\/i0.wp.com\/fmahaiti.org\/site\/wp-content\/uploads\/2022\/01\/20220130_121637-scaled.jpg?fit=1200%2C900&ssl=1&resize=350%2C200 1x, https:\/\/i0.wp.com\/fmahaiti.org\/site\/wp-content\/uploads\/2022\/01\/20220130_121637-scaled.jpg?fit=1200%2C900&ssl=1&resize=525%2C300 1.5x, https:\/\/i0.wp.com\/fmahaiti.org\/site\/wp-content\/uploads\/2022\/01\/20220130_121637-scaled.jpg?fit=1200%2C900&ssl=1&resize=700%2C400 2x, https:\/\/i0.wp.com\/fmahaiti.org\/site\/wp-content\/uploads\/2022\/01\/20220130_121637-scaled.jpg?fit=1200%2C900&ssl=1&resize=1050%2C600 3x"},"classes":[]},{"id":11084,"url":"https:\/\/fmahaiti.org\/site\/2024\/12\/31\/lassemblee-provinciale-2024-lesperance-a-vaincu-la-peur-la-proactivite-qui-defie-limpossible\/","url_meta":{"origin":14145,"position":4},"title":"L\u2019Assembl\u00e9e Provinciale 2024 : L\u2019Esp\u00e9rance a vaincu la peur !  La proactivit\u00e9 qui d\u00e9fie l\u2019impossible","author":"Sr Monette Octave","date":"31 d\u00e9cembre 2024","format":false,"excerpt":"Comme chaque ann\u00e9e, Les Filles de Marie Auxiliatrice de la province Notre Dame du Perp\u00e9tuel Secours d\u2019Ha\u00efti s\u2019\u00e9taient r\u00e9unies en Assembl\u00e9e les\u00a0 27 et 28 D\u00e9cembre 2024. Le th\u00e8me propos\u00e9 cette ann\u00e9e par notre Provinciale : S\u0153ur Altagr\u00e2ce Mathias et son Conseil parait si \u00e9vident que chaque S\u0153ur Se pr\u00e9parait\u2026","rel":"","context":"Dans &quot;Vie de la Province&quot;","block_context":{"text":"Vie de la Province","link":"https:\/\/fmahaiti.org\/site\/category\/vie-de-la-province\/"},"img":{"alt_text":"","src":"https:\/\/i0.wp.com\/fmahaiti.org\/site\/wp-content\/uploads\/2025\/01\/Assemblee.png?fit=1200%2C675&ssl=1&resize=350%2C200","width":350,"height":200,"srcset":"https:\/\/i0.wp.com\/fmahaiti.org\/site\/wp-content\/uploads\/2025\/01\/Assemblee.png?fit=1200%2C675&ssl=1&resize=350%2C200 1x, https:\/\/i0.wp.com\/fmahaiti.org\/site\/wp-content\/uploads\/2025\/01\/Assemblee.png?fit=1200%2C675&ssl=1&resize=525%2C300 1.5x, https:\/\/i0.wp.com\/fmahaiti.org\/site\/wp-content\/uploads\/2025\/01\/Assemblee.png?fit=1200%2C675&ssl=1&resize=700%2C400 2x, https:\/\/i0.wp.com\/fmahaiti.org\/site\/wp-content\/uploads\/2025\/01\/Assemblee.png?fit=1200%2C675&ssl=1&resize=1050%2C600 3x"},"classes":[]},{"id":3703,"url":"https:\/\/fmahaiti.org\/site\/2022\/08\/24\/assemblee-provinciale\/","url_meta":{"origin":14145,"position":5},"title":"* Assembl\u00e9e Provinciale","author":"Sr Monette Octave","date":"24 ao\u00fbt 2022","format":false,"excerpt":"Nous avons eu notre Assembl\u00e9e Provinciale \u00e0 la Maison Provinciale les 14 et 15 Juillet 2022. Apr\u00e8s l\u2019introduction de Sr Altagr\u00e2ce Mathias, la Provinciale, nous avons d\u00e9but\u00e9 la rencontre avec la C\u00e9l\u00e9bration Eucharistique pr\u00e9sid\u00e9e par le P\u00e8re Jean Claudel Pierre, Cur\u00e9 de la Paroisse de St G\u00e9rard, Aum\u00f4nier de la\u2026","rel":"","context":"Dans &quot;Sal\u00e9sianit\u00e9&quot;","block_context":{"text":"Sal\u00e9sianit\u00e9","link":"https:\/\/fmahaiti.org\/site\/category\/salesianite\/"},"img":{"alt_text":"","src":"https:\/\/i0.wp.com\/fmahaiti.org\/site\/wp-content\/uploads\/2022\/08\/Assemblee-scaled.jpg?fit=1200%2C900&ssl=1&resize=350%2C200","width":350,"height":200,"srcset":"https:\/\/i0.wp.com\/fmahaiti.org\/site\/wp-content\/uploads\/2022\/08\/Assemblee-scaled.jpg?fit=1200%2C900&ssl=1&resize=350%2C200 1x, https:\/\/i0.wp.com\/fmahaiti.org\/site\/wp-content\/uploads\/2022\/08\/Assemblee-scaled.jpg?fit=1200%2C900&ssl=1&resize=525%2C300 1.5x, https:\/\/i0.wp.com\/fmahaiti.org\/site\/wp-content\/uploads\/2022\/08\/Assemblee-scaled.jpg?fit=1200%2C900&ssl=1&resize=700%2C400 2x, https:\/\/i0.wp.com\/fmahaiti.org\/site\/wp-content\/uploads\/2022\/08\/Assemblee-scaled.jpg?fit=1200%2C900&ssl=1&resize=1050%2C600 3x"},"classes":[]}],"_links":{"self":[{"href":"https:\/\/fmahaiti.org\/site\/wp-json\/wp\/v2\/posts\/14145","targetHints":{"allow":["GET"]}}],"collection":[{"href":"https:\/\/fmahaiti.org\/site\/wp-json\/wp\/v2\/posts"}],"about":[{"href":"https:\/\/fmahaiti.org\/site\/wp-json\/wp\/v2\/types\/post"}],"author":[{"embeddable":true,"href":"https:\/\/fmahaiti.org\/site\/wp-json\/wp\/v2\/users\/4"}],"replies":[{"embeddable":true,"href":"https:\/\/fmahaiti.org\/site\/wp-json\/wp\/v2\/comments?post=14145"}],"version-history":[{"count":2,"href":"https:\/\/fmahaiti.org\/site\/wp-json\/wp\/v2\/posts\/14145\/revisions"}],"predecessor-version":[{"id":14171,"href":"https:\/\/fmahaiti.org\/site\/wp-json\/wp\/v2\/posts\/14145\/revisions\/14171"}],"wp:featuredmedia":[{"embeddable":true,"href":"https:\/\/fmahaiti.org\/site\/wp-json\/wp\/v2\/media\/14147"}],"wp:attachment":[{"href":"https:\/\/fmahaiti.org\/site\/wp-json\/wp\/v2\/media?parent=14145"}],"wp:term":[{"taxonomy":"category","embeddable":true,"href":"https:\/\/fmahaiti.org\/site\/wp-json\/wp\/v2\/categories?post=14145"},{"taxonomy":"post_tag","embeddable":true,"href":"https:\/\/fmahaiti.org\/site\/wp-json\/wp\/v2\/tags?post=14145"}],"curies":[{"name":"wp","href":"https:\/\/api.w.org\/{rel}","templated":true}]}}