{"id":14118,"date":"2025-12-29T16:59:01","date_gmt":"2025-12-29T21:59:01","guid":{"rendered":"https:\/\/fmahaiti.org\/site\/?p=14118"},"modified":"2025-12-29T16:59:01","modified_gmt":"2025-12-29T21:59:01","slug":"avec-la-lumiere-de-noel-ravivons-la-flamme-de-notre-esperance","status":"publish","type":"post","link":"https:\/\/fmahaiti.org\/site\/2025\/12\/29\/avec-la-lumiere-de-noel-ravivons-la-flamme-de-notre-esperance\/","title":{"rendered":"Avec la lumi\u00e8re de No\u00ebl, ravivons la flamme de notre esp\u00e9rance!"},"content":{"rendered":"<p><img data-recalc-dims=\"1\" loading=\"lazy\" decoding=\"async\" class=\"aligncenter wp-image-14124 size-full\" src=\"https:\/\/i0.wp.com\/fmahaiti.org\/site\/wp-content\/uploads\/2025\/12\/foto2.jpeg?resize=843%2C498&#038;ssl=1\" alt=\"\" width=\"843\" height=\"498\" srcset=\"https:\/\/i0.wp.com\/fmahaiti.org\/site\/wp-content\/uploads\/2025\/12\/foto2.jpeg?w=961&amp;ssl=1 961w, https:\/\/i0.wp.com\/fmahaiti.org\/site\/wp-content\/uploads\/2025\/12\/foto2.jpeg?resize=300%2C177&amp;ssl=1 300w, https:\/\/i0.wp.com\/fmahaiti.org\/site\/wp-content\/uploads\/2025\/12\/foto2.jpeg?resize=768%2C454&amp;ssl=1 768w\" sizes=\"auto, (max-width: 843px) 100vw, 843px\" \/><\/p>\n<p>En cette p\u00e9riode de no\u00ebl, nous avons c\u00e9l\u00e9br\u00e9 la joie de No\u00ebl avec les entit\u00e9s de notre institution \u00e0 savoir<img data-recalc-dims=\"1\" loading=\"lazy\" decoding=\"async\" class=\"alignleft wp-image-14128 size-medium\" src=\"https:\/\/i0.wp.com\/fmahaiti.org\/site\/wp-content\/uploads\/2025\/12\/foto3.jpeg?resize=266%2C300&#038;ssl=1\" alt=\"\" width=\"266\" height=\"300\" srcset=\"https:\/\/i0.wp.com\/fmahaiti.org\/site\/wp-content\/uploads\/2025\/12\/foto3.jpeg?resize=266%2C300&amp;ssl=1 266w, https:\/\/i0.wp.com\/fmahaiti.org\/site\/wp-content\/uploads\/2025\/12\/foto3.jpeg?w=611&amp;ssl=1 611w\" sizes=\"auto, (max-width: 266px) 100vw, 266px\" \/> les enfants du patronage le 14 d\u00e9cembre dernier, les \u00e9l\u00e8ves de l\u2019Institution Jean Cagliero le 19 d\u00e9cembre les membres du groupe ADMA de notre communaut\u00e9 le 22 d\u00e9cembre et le 25 d\u00e9cembre avec le personnel de soutien et la communaut\u00e9. La joie \u00e9tait \u00e0 son comble dans le c\u0153ur de tous ceux qui \u00e9taient pr\u00e9sents \u00e0 ces rencontres fraternelles et conviviales.<br \/>\n<img data-recalc-dims=\"1\" loading=\"lazy\" decoding=\"async\" class=\"alignleft wp-image-14125 size-medium\" src=\"https:\/\/i0.wp.com\/fmahaiti.org\/site\/wp-content\/uploads\/2025\/12\/foto5.jpeg?resize=300%2C225&#038;ssl=1\" alt=\"\" width=\"300\" height=\"225\" srcset=\"https:\/\/i0.wp.com\/fmahaiti.org\/site\/wp-content\/uploads\/2025\/12\/foto5.jpeg?resize=300%2C225&amp;ssl=1 300w, https:\/\/i0.wp.com\/fmahaiti.org\/site\/wp-content\/uploads\/2025\/12\/foto5.jpeg?resize=768%2C576&amp;ssl=1 768w, https:\/\/i0.wp.com\/fmahaiti.org\/site\/wp-content\/uploads\/2025\/12\/foto5.jpeg?w=1000&amp;ssl=1 1000w\" sizes=\"auto, (max-width: 300px) 100vw, 300px\" \/>Avec les enfants du patronage, nous avons pris le soin de bien pr\u00e9parer cette c\u00e9l\u00e9bration afin que ce soit vraiment un temps de joie et de fraternit\u00e9 \u00e0 travers th\u00e9\u00e2tre, chants, danses et un concours de Roi et de Reine. Les gagnants sont sortis tr\u00e8s satisfaits du cadeau re\u00e7u.<br \/>\nNous remercions le Seigneur pour ce grand h\u00e9ritage re\u00e7u de nos Fondateurs et nous souhaitons que la lumi\u00e8re de No\u00ebl \u00e9claire \u00e0 jamais les c\u0153urs de chacun de ces enfants de paix, d\u2019amour et d\u2019unit\u00e9.<br \/>\n<img data-recalc-dims=\"1\" loading=\"lazy\" decoding=\"async\" class=\"alignleft wp-image-14129 size-medium\" src=\"https:\/\/i0.wp.com\/fmahaiti.org\/site\/wp-content\/uploads\/2025\/12\/foto4.jpeg?resize=300%2C163&#038;ssl=1\" alt=\"\" width=\"300\" height=\"163\" srcset=\"https:\/\/i0.wp.com\/fmahaiti.org\/site\/wp-content\/uploads\/2025\/12\/foto4.jpeg?resize=300%2C163&amp;ssl=1 300w, https:\/\/i0.wp.com\/fmahaiti.org\/site\/wp-content\/uploads\/2025\/12\/foto4.jpeg?w=676&amp;ssl=1 676w\" sizes=\"auto, (max-width: 300px) 100vw, 300px\" \/>La c\u00e9l\u00e9bration avec les \u00e9l\u00e8ves de l\u2019Institution Jean Cagliero a d\u00e9but\u00e9e par la sainte messe vers 9h 30 pr\u00e9sid\u00e9e par le R\u00e9v\u00e9rend P\u00e8re Frantz Kerly JEAN-BAPTISTE qui dans son hom\u00e9lie, a aid\u00e9 les \u00e9l\u00e8ves \u00e0 comprendre le sens du myst\u00e8re de l\u2019Incarnation \u00e0 travers des questions-r\u00e9ponses tout en les invitant \u00e0 faire de leur c\u0153ur une cr\u00e8che pour accueillir J\u00e9sus. Que l\u2019amour doit au centre de tout ce qu\u2019ils font<br \/>\nLa partie culturelle a \u00e9t\u00e9 anim\u00e9e par Melle Thayana Angela Jean-Louis professeurs de la 3e ann\u00e9e. Les \u00e9l\u00e8ves par leur repr\u00e9sentation d\u00e9montrent l\u2019esprit de Noel qui apporte l\u2019espoir en ce temps difficile que vivent notre pays o\u00f9 les enfants ont pu faire ressortir \u00e0 travers les chants, les danses et le th\u00e9\u00e2tre que l\u2019espoir de No\u00ebl ne meurt pas et que l\u2019amour et la lumi\u00e8re du Christ peuvent rejaillir m\u00eame sur des terres arides.<img data-recalc-dims=\"1\" loading=\"lazy\" decoding=\"async\" class=\"alignright wp-image-14126 size-medium\" src=\"https:\/\/i0.wp.com\/fmahaiti.org\/site\/wp-content\/uploads\/2025\/12\/foto6.jpeg?resize=300%2C225&#038;ssl=1\" alt=\"\" width=\"300\" height=\"225\" srcset=\"https:\/\/i0.wp.com\/fmahaiti.org\/site\/wp-content\/uploads\/2025\/12\/foto6.jpeg?resize=300%2C225&amp;ssl=1 300w, https:\/\/i0.wp.com\/fmahaiti.org\/site\/wp-content\/uploads\/2025\/12\/foto6.jpeg?resize=768%2C576&amp;ssl=1 768w, https:\/\/i0.wp.com\/fmahaiti.org\/site\/wp-content\/uploads\/2025\/12\/foto6.jpeg?w=1000&amp;ssl=1 1000w\" sizes=\"auto, (max-width: 300px) 100vw, 300px\" \/><br \/>\nEt pour conclure cette journ\u00e9e de gaiet\u00e9, tous les \u00e9l\u00e8ves et les professeurs en pr\u00e9sence de toute la communaut\u00e9 ont partag\u00e9 un repas d\u00e9licieusement convivial pour conclure en beaut\u00e9 la No\u00ebl avec nos chers destinataires. Ils ont re\u00e7u chacun, \u00e9l\u00e8ves et professeurs des pr\u00e9sents qu\u2019ils ont grandement appr\u00e9ci\u00e9. Ce moment a \u00e9t\u00e9 cl\u00f4tur\u00e9 par la distribution des cadeaux et un plat chaud.<br \/>\nAvec, l\u2019Association des D\u00e9vots de Marie Auxiliatrice (ADMA), le lundi 22 d\u00e9cembre, d\u00e8s 15h30, ils se s\u2019est r\u00e9unie autour de la cr\u00e8che pour entamer les festivit\u00e9s de No\u00ebl. <img data-recalc-dims=\"1\" loading=\"lazy\" decoding=\"async\" class=\"alignleft wp-image-14127 size-medium\" src=\"https:\/\/i0.wp.com\/fmahaiti.org\/site\/wp-content\/uploads\/2025\/12\/foto-1.jpeg?resize=243%2C300&#038;ssl=1\" alt=\"\" width=\"243\" height=\"300\" srcset=\"https:\/\/i0.wp.com\/fmahaiti.org\/site\/wp-content\/uploads\/2025\/12\/foto-1.jpeg?resize=243%2C300&amp;ssl=1 243w, https:\/\/i0.wp.com\/fmahaiti.org\/site\/wp-content\/uploads\/2025\/12\/foto-1.jpeg?w=607&amp;ssl=1 607w\" sizes=\"auto, (max-width: 243px) 100vw, 243px\" \/>Malgr\u00e9 les vicissitudes de la vie. La musique de No\u00ebl remplissait chaque recoin de la V\u00e9randa pour rehausser l\u2019\u00e9clat de la f\u00eate. Chacune exprimer son souhait par des chants et po\u00e9sies, que toute la communaut\u00e9 a vivement appr\u00e9ci\u00e9s. En somme, ils ont d\u00e9gust\u00e9 fraternellement des mets succulents r\u00e9alis\u00e9s en leur honneur avec tant d\u2019amour.<br \/>\nLe mercredi 25 d\u00e9cembre, la communaut\u00e9 s\u2019est r\u00e9unie avec le personnel de soutien pour partager la joie de No\u00ebl. Ce fut un moment d\u2019\u00e9change, d\u2019amour, de paix et de solidarit\u00e9, marqu\u00e9 par la reconnaissance d&rsquo;avoir \u0153uvr\u00e9 ensemble toute l&rsquo;ann\u00e9e. Chacun est reparti tr\u00e8s satisfait et le c\u0153ur joyeux<br \/>\nMerci Seigneur pour la lumi\u00e8re de No\u00ebl que tu as rallum\u00e9 en chacun de ces c\u0153urs ardents de c\u00e9l\u00e9brer ensemble, que jamais ne s\u2019\u00e9teigne ton amour en eux et que ta pr\u00e9sence dans l\u2019\u00e9table en cette p\u00e9riode les accompagne tout au long de leur vie !<\/p>\n<p><img data-recalc-dims=\"1\" loading=\"lazy\" decoding=\"async\" class=\"aligncenter wp-image-14130 size-full\" src=\"https:\/\/i0.wp.com\/fmahaiti.org\/site\/wp-content\/uploads\/2025\/12\/foto7.jpeg?resize=762%2C218&#038;ssl=1\" alt=\"\" width=\"762\" height=\"218\" srcset=\"https:\/\/i0.wp.com\/fmahaiti.org\/site\/wp-content\/uploads\/2025\/12\/foto7.jpeg?w=762&amp;ssl=1 762w, https:\/\/i0.wp.com\/fmahaiti.org\/site\/wp-content\/uploads\/2025\/12\/foto7.jpeg?resize=300%2C86&amp;ssl=1 300w\" sizes=\"auto, (max-width: 762px) 100vw, 762px\" \/><\/p>\n<p>Sr Carole JEUNE et Sr Neissa Christie LEON POUR la communaut\u00e9 du Noviciat<\/p>\n","protected":false},"excerpt":{"rendered":"<p>En cette p\u00e9riode de no\u00ebl, nous avons c\u00e9l\u00e9br\u00e9 la joie de No\u00ebl avec les entit\u00e9s de notre institution \u00e0 savoir les enfants du patronage le&hellip;<\/p>\n","protected":false},"author":20,"featured_media":14128,"comment_status":"open","ping_status":"open","sticky":false,"template":"","format":"standard","meta":{"_jetpack_memberships_contains_paid_content":false,"footnotes":"","jetpack_publicize_message":"","jetpack_publicize_feature_enabled":true,"jetpack_social_post_already_shared":true,"jetpack_social_options":{"image_generator_settings":{"template":"highway","default_image_id":0,"font":"","enabled":false},"version":2}},"categories":[4,28],"tags":[],"class_list":["post-14118","post","type-post","status-publish","format-standard","has-post-thumbnail","hentry","category-fetes","category-noel"],"jetpack_publicize_connections":[],"jetpack_featured_media_url":"https:\/\/i0.wp.com\/fmahaiti.org\/site\/wp-content\/uploads\/2025\/12\/foto3.jpeg?fit=611%2C688&ssl=1","jetpack_sharing_enabled":true,"jetpack_shortlink":"https:\/\/wp.me\/pcR5kd-3FI","jetpack-related-posts":[{"id":10637,"url":"https:\/\/fmahaiti.org\/site\/2024\/12\/19\/noel-patro-dans-lesperance-aux-anses-a-pitres\/","url_meta":{"origin":14118,"position":0},"title":"No\u00ebl Patro dans l\u2019esp\u00e9rance aux Anses-\u00e0-Pitres!","author":"Sr Monette Octave","date":"19 d\u00e9cembre 2024","format":false,"excerpt":"Le dimanche 15 D\u00e9cembre 2024, les enfants du centre patronage aux Anses-\u00e0-Pitres ont affirm\u00e9 que no\u00ebl est une f\u00eate. Une f\u00eate : de famille, d\u2019\u00e9changes, de paix. Une f\u00eate o\u00f9 on se retrouve en famille pour f\u00eater, danser, manger ensemble. La communaut\u00e9 des S\u0153urs Sal\u00e9siennes aux Anses-\u00e0-Pitres se fait pr\u00e9sente\u2026","rel":"","context":"Dans &quot;Activit\u00e9s&quot;","block_context":{"text":"Activit\u00e9s","link":"https:\/\/fmahaiti.org\/site\/category\/activites\/"},"img":{"alt_text":"","src":"https:\/\/i0.wp.com\/fmahaiti.org\/site\/wp-content\/uploads\/2024\/12\/IMG_20241215_151620_577.jpg?fit=1200%2C960&ssl=1&resize=350%2C200","width":350,"height":200,"srcset":"https:\/\/i0.wp.com\/fmahaiti.org\/site\/wp-content\/uploads\/2024\/12\/IMG_20241215_151620_577.jpg?fit=1200%2C960&ssl=1&resize=350%2C200 1x, https:\/\/i0.wp.com\/fmahaiti.org\/site\/wp-content\/uploads\/2024\/12\/IMG_20241215_151620_577.jpg?fit=1200%2C960&ssl=1&resize=525%2C300 1.5x, https:\/\/i0.wp.com\/fmahaiti.org\/site\/wp-content\/uploads\/2024\/12\/IMG_20241215_151620_577.jpg?fit=1200%2C960&ssl=1&resize=700%2C400 2x, https:\/\/i0.wp.com\/fmahaiti.org\/site\/wp-content\/uploads\/2024\/12\/IMG_20241215_151620_577.jpg?fit=1200%2C960&ssl=1&resize=1050%2C600 3x"},"classes":[]},{"id":7150,"url":"https:\/\/fmahaiti.org\/site\/2023\/12\/20\/noel-de-paix-damour-avec-les-enfants-du-patronage\/","url_meta":{"origin":14118,"position":1},"title":"No\u00ebl de paix ,d&rsquo;amour avec les enfants du Patronage","author":"Madeleine Morano Jacmel","date":"20 d\u00e9cembre 2023","format":false,"excerpt":"L\u2019\u00e9poque que nous vivons nous sollicite \u00e0 renouveler presque tout dans la pastorale,afin que nous puissions cr\u00e9er un climat de famille et valoriser davantage\u00a0nos jeunes. Nous avons anticip\u00e9 le troisi\u00e8me dimanche de la joie du temps de l\u2019Avent pour redonner le sourire et apporter la vraie joie spirituelle et mat\u00e9rielle\u2026","rel":"","context":"Dans &quot;Activit\u00e9s&quot;","block_context":{"text":"Activit\u00e9s","link":"https:\/\/fmahaiti.org\/site\/category\/activites\/"},"img":{"alt_text":"","src":"https:\/\/i0.wp.com\/fmahaiti.org\/site\/wp-content\/uploads\/2023\/12\/Noel-patro-2.jpg?fit=1080%2C499&ssl=1&resize=350%2C200","width":350,"height":200,"srcset":"https:\/\/i0.wp.com\/fmahaiti.org\/site\/wp-content\/uploads\/2023\/12\/Noel-patro-2.jpg?fit=1080%2C499&ssl=1&resize=350%2C200 1x, https:\/\/i0.wp.com\/fmahaiti.org\/site\/wp-content\/uploads\/2023\/12\/Noel-patro-2.jpg?fit=1080%2C499&ssl=1&resize=525%2C300 1.5x, https:\/\/i0.wp.com\/fmahaiti.org\/site\/wp-content\/uploads\/2023\/12\/Noel-patro-2.jpg?fit=1080%2C499&ssl=1&resize=700%2C400 2x, https:\/\/i0.wp.com\/fmahaiti.org\/site\/wp-content\/uploads\/2023\/12\/Noel-patro-2.jpg?fit=1080%2C499&ssl=1&resize=1050%2C600 3x"},"classes":[]},{"id":10677,"url":"https:\/\/fmahaiti.org\/site\/2024\/12\/25\/noel-fete-de-la-joie-et-de-la-convivialite\/","url_meta":{"origin":14118,"position":2},"title":"No\u00ebl, f\u00eate de la joie et de la convivialit\u00e9!","author":"Madeleine Morano Jacmel","date":"25 d\u00e9cembre 2024","format":false,"excerpt":"No\u00ebl est bien plus qu\u2019une simple f\u00eate\u202f: c\u2019est un moment d\u2019amour, de partage et de communion. Elle c\u00e9l\u00e8bre la naissance de J\u00e9sus-Christ, venu apporter la lumi\u00e8re et l\u2019esp\u00e9rance au monde. Cette p\u00e9riode de l\u2019ann\u00e9e invite chacun \u00e0 ouvrir son c\u0153ur, \u00e0 se rassembler en famille ou entre amis, et \u00e0\u2026","rel":"","context":"Dans &quot;Activit\u00e9s&quot;","block_context":{"text":"Activit\u00e9s","link":"https:\/\/fmahaiti.org\/site\/category\/activites\/"},"img":{"alt_text":"","src":"https:\/\/i0.wp.com\/fmahaiti.org\/site\/wp-content\/uploads\/2024\/12\/thumbnail-5-2.jpg?fit=1050%2C449&ssl=1&resize=350%2C200","width":350,"height":200,"srcset":"https:\/\/i0.wp.com\/fmahaiti.org\/site\/wp-content\/uploads\/2024\/12\/thumbnail-5-2.jpg?fit=1050%2C449&ssl=1&resize=350%2C200 1x, https:\/\/i0.wp.com\/fmahaiti.org\/site\/wp-content\/uploads\/2024\/12\/thumbnail-5-2.jpg?fit=1050%2C449&ssl=1&resize=525%2C300 1.5x, https:\/\/i0.wp.com\/fmahaiti.org\/site\/wp-content\/uploads\/2024\/12\/thumbnail-5-2.jpg?fit=1050%2C449&ssl=1&resize=700%2C400 2x, https:\/\/i0.wp.com\/fmahaiti.org\/site\/wp-content\/uploads\/2024\/12\/thumbnail-5-2.jpg?fit=1050%2C449&ssl=1&resize=1050%2C600 3x"},"classes":[]},{"id":10695,"url":"https:\/\/fmahaiti.org\/site\/2024\/12\/23\/le-patronage-de-la-maison-provinciale-celebre-quand-meme-noel\/","url_meta":{"origin":14118,"position":3},"title":"Le Patronage de la Maison Provinciale c\u00e9l\u00e8bre quand m\u00eame No\u00ebl!","author":"Sr Monette Octave","date":"23 d\u00e9cembre 2024","format":false,"excerpt":"Avant les vacances de fin d\u2019ann\u00e9e de 2024, dans une atmosph\u00e8re de s\u00e9r\u00e9nit\u00e9, le Patronage de la Maison Provinciale des Sal\u00e9siennes d\u2019Ha\u00efti se met en mode de No\u00ebl. Dans une ambiance accueillante et sous des refrains de No\u00ebl, activit\u00e9 par activit\u00e9 : danse, macram\u00e9, dessin, fl\u00fbte, crochet, Anglais et les\u2026","rel":"","context":"Dans &quot;Activit\u00e9s&quot;","block_context":{"text":"Activit\u00e9s","link":"https:\/\/fmahaiti.org\/site\/category\/activites\/"},"img":{"alt_text":"","src":"https:\/\/i0.wp.com\/fmahaiti.org\/site\/wp-content\/uploads\/2024\/12\/cb7133c8-7b19-4c79-bd22-9bbd5e46ac2a.jpg?fit=1200%2C900&ssl=1&resize=350%2C200","width":350,"height":200,"srcset":"https:\/\/i0.wp.com\/fmahaiti.org\/site\/wp-content\/uploads\/2024\/12\/cb7133c8-7b19-4c79-bd22-9bbd5e46ac2a.jpg?fit=1200%2C900&ssl=1&resize=350%2C200 1x, https:\/\/i0.wp.com\/fmahaiti.org\/site\/wp-content\/uploads\/2024\/12\/cb7133c8-7b19-4c79-bd22-9bbd5e46ac2a.jpg?fit=1200%2C900&ssl=1&resize=525%2C300 1.5x, https:\/\/i0.wp.com\/fmahaiti.org\/site\/wp-content\/uploads\/2024\/12\/cb7133c8-7b19-4c79-bd22-9bbd5e46ac2a.jpg?fit=1200%2C900&ssl=1&resize=700%2C400 2x, https:\/\/i0.wp.com\/fmahaiti.org\/site\/wp-content\/uploads\/2024\/12\/cb7133c8-7b19-4c79-bd22-9bbd5e46ac2a.jpg?fit=1200%2C900&ssl=1&resize=1050%2C600 3x"},"classes":[]},{"id":4458,"url":"https:\/\/fmahaiti.org\/site\/2022\/12\/21\/nwel-se-chak-jou-sou-late-le-youn-renmen-lot\/","url_meta":{"origin":14118,"position":4},"title":"\u201cNw\u00e8l se chak jou sou lat\u00e8, l\u00e8 you\u2019n renmen l\u00f2t\u201d","author":"Sr. Marie Pierrette Louijuste","date":"21 d\u00e9cembre 2022","format":false,"excerpt":"\u00a0\u201cNw\u00e8l se chak jou sou lat\u00e8, l\u00e8 you\u2019n renmen l\u00f2t\u201d Aux Gommiers, les enfants du Patronage se sont r\u00e9unis aujourd\u2019hui vers les 2 heures, ce dimanche 18 Decembre, pour cl\u00f4turer l\u2019ann\u00e9e 2022 et c\u00e9l\u00e9brer ensemble la F\u00eate de No\u00ebl, l\u2019une des plus belles f\u00eates de l\u2019ann\u00e9e.\u00a0 Ils ont d\u2019abord jou\u00e9\u2026","rel":"","context":"Article similaire","block_context":{"text":"Article similaire","link":""},"img":{"alt_text":"","src":"https:\/\/i0.wp.com\/fmahaiti.org\/site\/wp-content\/uploads\/2022\/12\/gomm2-1.jpg?fit=840%2C479&ssl=1&resize=350%2C200","width":350,"height":200,"srcset":"https:\/\/i0.wp.com\/fmahaiti.org\/site\/wp-content\/uploads\/2022\/12\/gomm2-1.jpg?fit=840%2C479&ssl=1&resize=350%2C200 1x, https:\/\/i0.wp.com\/fmahaiti.org\/site\/wp-content\/uploads\/2022\/12\/gomm2-1.jpg?fit=840%2C479&ssl=1&resize=525%2C300 1.5x, https:\/\/i0.wp.com\/fmahaiti.org\/site\/wp-content\/uploads\/2022\/12\/gomm2-1.jpg?fit=840%2C479&ssl=1&resize=700%2C400 2x"},"classes":[]},{"id":10653,"url":"https:\/\/fmahaiti.org\/site\/2024\/12\/21\/avec-les-enfants-et-les-jeunes-du-patronage-nous-accueillons-le-petit-jesus\/","url_meta":{"origin":14118,"position":5},"title":"Avec les enfants et les jeunes du patronage, nous accueillons le petit J\u00e9sus \u00a0","author":"Sr Monette Octave","date":"21 d\u00e9cembre 2024","format":false,"excerpt":"Le dimanche 15 d\u00e9cembre 2024, avec les enfants et les jeunes du Patro, la communaut\u00e9 du Noviciat a f\u00eat\u00e9 dans la simplicit\u00e9 \u00a0la No\u00ebl. Pour d\u00e9buter ce moment festif, un jeune du patro a donn\u00e9 le mot de bienvenue suivie de la partie culturelle r\u00e9alis\u00e9e de fa\u00e7on spontan\u00e9e. Nous avons\u2026","rel":"","context":"Dans &quot;Activit\u00e9s&quot;","block_context":{"text":"Activit\u00e9s","link":"https:\/\/fmahaiti.org\/site\/category\/activites\/"},"img":{"alt_text":"","src":"https:\/\/i0.wp.com\/fmahaiti.org\/site\/wp-content\/uploads\/2024\/12\/IMG_8915.jpg?fit=640%2C363&ssl=1&resize=350%2C200","width":350,"height":200,"srcset":"https:\/\/i0.wp.com\/fmahaiti.org\/site\/wp-content\/uploads\/2024\/12\/IMG_8915.jpg?fit=640%2C363&ssl=1&resize=350%2C200 1x, https:\/\/i0.wp.com\/fmahaiti.org\/site\/wp-content\/uploads\/2024\/12\/IMG_8915.jpg?fit=640%2C363&ssl=1&resize=525%2C300 1.5x"},"classes":[]}],"_links":{"self":[{"href":"https:\/\/fmahaiti.org\/site\/wp-json\/wp\/v2\/posts\/14118","targetHints":{"allow":["GET"]}}],"collection":[{"href":"https:\/\/fmahaiti.org\/site\/wp-json\/wp\/v2\/posts"}],"about":[{"href":"https:\/\/fmahaiti.org\/site\/wp-json\/wp\/v2\/types\/post"}],"author":[{"embeddable":true,"href":"https:\/\/fmahaiti.org\/site\/wp-json\/wp\/v2\/users\/20"}],"replies":[{"embeddable":true,"href":"https:\/\/fmahaiti.org\/site\/wp-json\/wp\/v2\/comments?post=14118"}],"version-history":[{"count":3,"href":"https:\/\/fmahaiti.org\/site\/wp-json\/wp\/v2\/posts\/14118\/revisions"}],"predecessor-version":[{"id":14131,"href":"https:\/\/fmahaiti.org\/site\/wp-json\/wp\/v2\/posts\/14118\/revisions\/14131"}],"wp:featuredmedia":[{"embeddable":true,"href":"https:\/\/fmahaiti.org\/site\/wp-json\/wp\/v2\/media\/14128"}],"wp:attachment":[{"href":"https:\/\/fmahaiti.org\/site\/wp-json\/wp\/v2\/media?parent=14118"}],"wp:term":[{"taxonomy":"category","embeddable":true,"href":"https:\/\/fmahaiti.org\/site\/wp-json\/wp\/v2\/categories?post=14118"},{"taxonomy":"post_tag","embeddable":true,"href":"https:\/\/fmahaiti.org\/site\/wp-json\/wp\/v2\/tags?post=14118"}],"curies":[{"name":"wp","href":"https:\/\/api.w.org\/{rel}","templated":true}]}}