{"id":14087,"date":"2025-12-28T20:39:17","date_gmt":"2025-12-29T01:39:17","guid":{"rendered":"https:\/\/fmahaiti.org\/site\/?p=14087"},"modified":"2025-12-28T20:39:17","modified_gmt":"2025-12-29T01:39:17","slug":"un-18-decembre-memorable-au-complexe-educatif-du-sacre-coeur","status":"publish","type":"post","link":"https:\/\/fmahaiti.org\/site\/2025\/12\/28\/un-18-decembre-memorable-au-complexe-educatif-du-sacre-coeur\/","title":{"rendered":"Un 18 D\u00e9cembre m\u00e9morable au Complexe \u00c9ducatif du Sacr\u00e9-C\u0153ur"},"content":{"rendered":"<p><img data-recalc-dims=\"1\" loading=\"lazy\" decoding=\"async\" class=\"alignleft wp-image-14098 size-medium\" src=\"https:\/\/i0.wp.com\/fmahaiti.org\/site\/wp-content\/uploads\/2025\/12\/lv_0_20251228193714.png?resize=300%2C300&#038;ssl=1\" alt=\"\" width=\"300\" height=\"300\" srcset=\"https:\/\/i0.wp.com\/fmahaiti.org\/site\/wp-content\/uploads\/2025\/12\/lv_0_20251228193714.png?resize=300%2C300&amp;ssl=1 300w, https:\/\/i0.wp.com\/fmahaiti.org\/site\/wp-content\/uploads\/2025\/12\/lv_0_20251228193714.png?resize=1024%2C1024&amp;ssl=1 1024w, https:\/\/i0.wp.com\/fmahaiti.org\/site\/wp-content\/uploads\/2025\/12\/lv_0_20251228193714.png?resize=150%2C150&amp;ssl=1 150w, https:\/\/i0.wp.com\/fmahaiti.org\/site\/wp-content\/uploads\/2025\/12\/lv_0_20251228193714.png?resize=768%2C768&amp;ssl=1 768w, https:\/\/i0.wp.com\/fmahaiti.org\/site\/wp-content\/uploads\/2025\/12\/lv_0_20251228193714.png?w=1080&amp;ssl=1 1080w\" sizes=\"auto, (max-width: 300px) 100vw, 300px\" \/>Le 18 d\u00e9cembre dernier, le Complexe \u00c9ducatif du Sacr\u00e9-C\u0153ur a c\u00e9l\u00e9br\u00e9 la f\u00eate de No\u00ebl dans une ambiance empreinte de spiritualit\u00e9, de convivialit\u00e9 et de dynamisme. Cette journ\u00e9e a permis aux \u00e9l\u00e8ves de tous les niveaux de se retrouver pour un moment de fraternit\u00e9 unique avant les vacances de No\u00ebl.<\/p>\n<p>La matin\u00e9e a commenc\u00e9 par un temps fort pour les \u00e9l\u00e8ves du Primaire et du Secondaire : un moment de pri\u00e8re inspirant, anim\u00e9 par S\u0153ur Pauline Jean. Ce recueillement a permis \u00e0 chacun de se pr\u00e9parer int\u00e9rieurement \u00e0 la f\u00eate de la Nativit\u00e9.<\/p>\n<p>L&rsquo;\u00e9motion a ensuite laiss\u00e9 place \u00e0 l&rsquo;enthousiasme, l\u2019\u00e9nergie est mont\u00e9e d\u2019un cran avec la partie culturelle, o\u00f9 quelques repr\u00e9sentants de chaque classe ont pu exprimer leurs talents artistiques \u00e0 travers des po\u00e9sies, des danses et des d\u00e9fil\u00e9s devant une assistance enthousiaste compos\u00e9e des membres de la direction, des \u00e9l\u00e8ves, de quelques professeurs et des membres du personnel de service.<img data-recalc-dims=\"1\" loading=\"lazy\" decoding=\"async\" class=\"alignright wp-image-14100 size-medium\" src=\"https:\/\/i0.wp.com\/fmahaiti.org\/site\/wp-content\/uploads\/2025\/12\/lv_0_20251228194332.png?resize=300%2C300&#038;ssl=1\" alt=\"\" width=\"300\" height=\"300\" srcset=\"https:\/\/i0.wp.com\/fmahaiti.org\/site\/wp-content\/uploads\/2025\/12\/lv_0_20251228194332.png?resize=300%2C300&amp;ssl=1 300w, https:\/\/i0.wp.com\/fmahaiti.org\/site\/wp-content\/uploads\/2025\/12\/lv_0_20251228194332.png?resize=1024%2C1024&amp;ssl=1 1024w, https:\/\/i0.wp.com\/fmahaiti.org\/site\/wp-content\/uploads\/2025\/12\/lv_0_20251228194332.png?resize=150%2C150&amp;ssl=1 150w, https:\/\/i0.wp.com\/fmahaiti.org\/site\/wp-content\/uploads\/2025\/12\/lv_0_20251228194332.png?resize=768%2C768&amp;ssl=1 768w, https:\/\/i0.wp.com\/fmahaiti.org\/site\/wp-content\/uploads\/2025\/12\/lv_0_20251228194332.png?w=1080&amp;ssl=1 1080w\" sizes=\"auto, (max-width: 300px) 100vw, 300px\" \/><\/p>\n<p>Apr\u00e8s le spectacle, les \u00e9l\u00e8ves ont regagn\u00e9 leurs classes respectives, magnifiquement d\u00e9cor\u00e9es pour l\u2019occasion. Dans un esprit de partage, chaque \u00e9l\u00e8ve avait apport\u00e9 un plat pour composer un repas commun. Le moment fort de ce repas a \u00e9t\u00e9 la visite de la directrice de l\u2019\u00e9cole, S\u0153ur \u00c9milienne MICHEL. Elle a tenu \u00e0 passer dans chaque classe pour saluer les \u00e9l\u00e8ves, partager un mot d&rsquo;encouragement et s&rsquo;assurer que chacun vivait ce moment dans l&rsquo;all\u00e9gresse. Sa pr\u00e9sence a \u00e9t\u00e9 tr\u00e8s appr\u00e9ci\u00e9e et a renforc\u00e9 l&rsquo;esprit de famille qui r\u00e8gne au sein du complexe.<\/p>\n<p>Les plus petits du Kinder, de leur c\u00f4t\u00e9, ont \u00e9galement v\u00e9cu une journ\u00e9e f\u00e9erique, l&rsquo;\u00e9merveillement \u00e9tait au rendez-vous. Dans leurs espaces d\u00e9cor\u00e9s avec soin, ils ont eux aussi v\u00e9cu leur partie culturelle et cette belle exp\u00e9rience de partage en classe, d\u00e9couvrant la joie de donner et de recevoir dans une ambiance douce et festive.<\/p>\n<p><img data-recalc-dims=\"1\" loading=\"lazy\" decoding=\"async\" class=\"alignleft wp-image-14101 size-medium\" src=\"https:\/\/i0.wp.com\/fmahaiti.org\/site\/wp-content\/uploads\/2025\/12\/lv_0_20251228193534.png?resize=300%2C300&#038;ssl=1\" alt=\"\" width=\"300\" height=\"300\" srcset=\"https:\/\/i0.wp.com\/fmahaiti.org\/site\/wp-content\/uploads\/2025\/12\/lv_0_20251228193534.png?resize=300%2C300&amp;ssl=1 300w, https:\/\/i0.wp.com\/fmahaiti.org\/site\/wp-content\/uploads\/2025\/12\/lv_0_20251228193534.png?resize=1024%2C1024&amp;ssl=1 1024w, https:\/\/i0.wp.com\/fmahaiti.org\/site\/wp-content\/uploads\/2025\/12\/lv_0_20251228193534.png?resize=150%2C150&amp;ssl=1 150w, https:\/\/i0.wp.com\/fmahaiti.org\/site\/wp-content\/uploads\/2025\/12\/lv_0_20251228193534.png?resize=768%2C768&amp;ssl=1 768w, https:\/\/i0.wp.com\/fmahaiti.org\/site\/wp-content\/uploads\/2025\/12\/lv_0_20251228193534.png?w=1080&amp;ssl=1 1080w\" sizes=\"auto, (max-width: 300px) 100vw, 300px\" \/>Vers midi, apr\u00e8s le repas, les plus petits sont rentr\u00e9s chez eux avec leurs parents qui \u00e9tait venus les chercher, et ensuite l\u2019ambiance a pris une tournure plus amusante avec l\u2019arriv\u00e9e du DJ Spark, un jeune \u00e9tudiant de l\u2019EPMA. Sa musique entra\u00eenante a transform\u00e9 la cour de l&rsquo;\u00e9cole en une v\u00e9ritable piste de danse, o\u00f9 les \u00e9l\u00e8ves ont pu se d\u00e9tendre et s&rsquo;amuser ensemble.<\/p>\n<p>Pour cl\u00f4turer cette journ\u00e9e en beaut\u00e9, la place a \u00e9t\u00e9 faite au sport. Vers 4hrs, un match de football passionnant a oppos\u00e9 les gar\u00e7ons du Secondaire aux \u00e9tudiants de l&rsquo;EPMA. Cette rencontre sportive a scell\u00e9 la fin des festivit\u00e9s dans un esprit de saine comp\u00e9tition et de camaraderie.<\/p>\n<p>Bien que les c\u00e9l\u00e9brations aient \u00e9t\u00e9 r\u00e9parties par groupes d&rsquo;\u00e2ge pour respecter le rythme de chacun, l&rsquo;unit\u00e9 du Complexe \u00c9ducatif du Sacr\u00e9-C\u0153ur est rest\u00e9e palpable. Cette journ\u00e9e n&rsquo;\u00e9tait pas seulement une f\u00eate, mais une v\u00e9ritable d\u00e9monstration de la vitalit\u00e9 de notre institution.<img data-recalc-dims=\"1\" loading=\"lazy\" decoding=\"async\" class=\"alignright wp-image-14102 size-medium\" src=\"https:\/\/i0.wp.com\/fmahaiti.org\/site\/wp-content\/uploads\/2025\/12\/lv_0_20251228193859.png?resize=300%2C300&#038;ssl=1\" alt=\"\" width=\"300\" height=\"300\" srcset=\"https:\/\/i0.wp.com\/fmahaiti.org\/site\/wp-content\/uploads\/2025\/12\/lv_0_20251228193859.png?resize=300%2C300&amp;ssl=1 300w, https:\/\/i0.wp.com\/fmahaiti.org\/site\/wp-content\/uploads\/2025\/12\/lv_0_20251228193859.png?resize=1024%2C1024&amp;ssl=1 1024w, https:\/\/i0.wp.com\/fmahaiti.org\/site\/wp-content\/uploads\/2025\/12\/lv_0_20251228193859.png?resize=150%2C150&amp;ssl=1 150w, https:\/\/i0.wp.com\/fmahaiti.org\/site\/wp-content\/uploads\/2025\/12\/lv_0_20251228193859.png?resize=768%2C768&amp;ssl=1 768w, https:\/\/i0.wp.com\/fmahaiti.org\/site\/wp-content\/uploads\/2025\/12\/lv_0_20251228193859.png?w=1080&amp;ssl=1 1080w\" sizes=\"auto, (max-width: 300px) 100vw, 300px\" \/><\/p>\n<p>Entre la pri\u00e8re, le partage des repas, la danse et le sport, cette date restera grav\u00e9e dans les m\u00e9moires comme une c\u00e9l\u00e9bration compl\u00e8te et joyeuse.<\/p>\n<p><img data-recalc-dims=\"1\" loading=\"lazy\" decoding=\"async\" class=\"alignleft wp-image-14103 size-medium\" src=\"https:\/\/i0.wp.com\/fmahaiti.org\/site\/wp-content\/uploads\/2025\/12\/lv_0_20251228193433.jpg?resize=169%2C300&#038;ssl=1\" alt=\"\" width=\"169\" height=\"300\" srcset=\"https:\/\/i0.wp.com\/fmahaiti.org\/site\/wp-content\/uploads\/2025\/12\/lv_0_20251228193433.jpg?resize=169%2C300&amp;ssl=1 169w, https:\/\/i0.wp.com\/fmahaiti.org\/site\/wp-content\/uploads\/2025\/12\/lv_0_20251228193433.jpg?resize=576%2C1024&amp;ssl=1 576w, https:\/\/i0.wp.com\/fmahaiti.org\/site\/wp-content\/uploads\/2025\/12\/lv_0_20251228193433.jpg?resize=768%2C1365&amp;ssl=1 768w, https:\/\/i0.wp.com\/fmahaiti.org\/site\/wp-content\/uploads\/2025\/12\/lv_0_20251228193433.jpg?resize=864%2C1536&amp;ssl=1 864w, https:\/\/i0.wp.com\/fmahaiti.org\/site\/wp-content\/uploads\/2025\/12\/lv_0_20251228193433.jpg?w=1080&amp;ssl=1 1080w\" sizes=\"auto, (max-width: 169px) 100vw, 169px\" \/>Le Complexe \u00c9ducatif du Sacr\u00e9-C\u0153ur souhaite \u00e0 tous un joyeux No\u00ebl, une excellente fin d&rsquo;ann\u00e9e et vous donne rendez-vous \u00e0 la rentr\u00e9e !<\/p>\n","protected":false},"excerpt":{"rendered":"<p>Le 18 d\u00e9cembre dernier, le Complexe \u00c9ducatif du Sacr\u00e9-C\u0153ur a c\u00e9l\u00e9br\u00e9 la f\u00eate de No\u00ebl dans une ambiance empreinte de spiritualit\u00e9, de convivialit\u00e9 et de&hellip;<\/p>\n","protected":false},"author":10,"featured_media":14101,"comment_status":"open","ping_status":"open","sticky":false,"template":"","format":"standard","meta":{"_jetpack_memberships_contains_paid_content":false,"footnotes":"","jetpack_publicize_message":"","jetpack_publicize_feature_enabled":true,"jetpack_social_post_already_shared":true,"jetpack_social_options":{"image_generator_settings":{"template":"highway","default_image_id":0,"font":"","enabled":false},"version":2}},"categories":[6,28],"tags":[],"class_list":["post-14087","post","type-post","status-publish","format-standard","has-post-thumbnail","hentry","category-convivialite","category-noel"],"jetpack_publicize_connections":[],"jetpack_featured_media_url":"https:\/\/i0.wp.com\/fmahaiti.org\/site\/wp-content\/uploads\/2025\/12\/lv_0_20251228193534.png?fit=1080%2C1080&ssl=1","jetpack_sharing_enabled":true,"jetpack_shortlink":"https:\/\/wp.me\/pcR5kd-3Fd","jetpack-related-posts":[{"id":10938,"url":"https:\/\/fmahaiti.org\/site\/2024\/12\/30\/noel-un-appel-a-la-convivialite-et-a-lesperance\/","url_meta":{"origin":14087,"position":0},"title":"No\u00ebl, un appel \u00e0 la convivialit\u00e9 et \u00e0 l\u2018Esp\u00e9rance!","author":"Joseph Educateur Anse-a-Veaux","date":"30 d\u00e9cembre 2024","format":false,"excerpt":"La p\u00e9riode des f\u00eates de No\u00ebl est un moment privil\u00e9gi\u00e9e pour nous dans la famille sal\u00e9sienne en vue de renforcer les liens au sein de la communaut\u00e9 scolaire et \u00e9ducative, nonobstant la situation pr\u00e9caire de notre pays. Cette ann\u00e9e la communaut\u00e9 Saint Joseph \u00c9ducateur de l\u2019Anse \u00e0 Veau a c\u00e9l\u00e9br\u00e9\u2026","rel":"","context":"Dans &quot;Convivialit\u00e9&quot;","block_context":{"text":"Convivialit\u00e9","link":"https:\/\/fmahaiti.org\/site\/category\/convivialite\/"},"img":{"alt_text":"","src":"https:\/\/i0.wp.com\/fmahaiti.org\/site\/wp-content\/uploads\/2024\/12\/1000447249.jpg?fit=1200%2C900&ssl=1&resize=350%2C200","width":350,"height":200,"srcset":"https:\/\/i0.wp.com\/fmahaiti.org\/site\/wp-content\/uploads\/2024\/12\/1000447249.jpg?fit=1200%2C900&ssl=1&resize=350%2C200 1x, https:\/\/i0.wp.com\/fmahaiti.org\/site\/wp-content\/uploads\/2024\/12\/1000447249.jpg?fit=1200%2C900&ssl=1&resize=525%2C300 1.5x, https:\/\/i0.wp.com\/fmahaiti.org\/site\/wp-content\/uploads\/2024\/12\/1000447249.jpg?fit=1200%2C900&ssl=1&resize=700%2C400 2x, https:\/\/i0.wp.com\/fmahaiti.org\/site\/wp-content\/uploads\/2024\/12\/1000447249.jpg?fit=1200%2C900&ssl=1&resize=1050%2C600 3x"},"classes":[]},{"id":10713,"url":"https:\/\/fmahaiti.org\/site\/2024\/12\/25\/la-fete-de-noel-une-celebration-de-lamour-et-du-partage\/","url_meta":{"origin":14087,"position":1},"title":"La f\u00eate de No\u00ebl : Une c\u00e9l\u00e9bration de l&rsquo;amour et du partage!","author":"Sacre-Coeur Hinche","date":"25 d\u00e9cembre 2024","format":false,"excerpt":"No\u00ebl est une f\u00eate chr\u00e9tienne qui comm\u00e9more la naissance de J\u00e9sus-Christ \u00e0 Bethl\u00e9em, selon les \u00c9vangiles. C\u00e9l\u00e9br\u00e9e le 25 d\u00e9cembre, cette date symbolise la venue du Sauveur dans le monde, marqu\u00e9e par la lumi\u00e8re et l'espoir. Au fil des si\u00e8cles, No\u00ebl a \u00e9volu\u00e9 pour devenir une f\u00eate populaire, transcendant parfois\u2026","rel":"","context":"Dans &quot;Activit\u00e9s&quot;","block_context":{"text":"Activit\u00e9s","link":"https:\/\/fmahaiti.org\/site\/category\/activites\/"},"img":{"alt_text":"","src":"https:\/\/i0.wp.com\/fmahaiti.org\/site\/wp-content\/uploads\/2024\/12\/IMG_20241220_135634_654-scaled.jpg?fit=1200%2C1083&ssl=1&resize=350%2C200","width":350,"height":200,"srcset":"https:\/\/i0.wp.com\/fmahaiti.org\/site\/wp-content\/uploads\/2024\/12\/IMG_20241220_135634_654-scaled.jpg?fit=1200%2C1083&ssl=1&resize=350%2C200 1x, https:\/\/i0.wp.com\/fmahaiti.org\/site\/wp-content\/uploads\/2024\/12\/IMG_20241220_135634_654-scaled.jpg?fit=1200%2C1083&ssl=1&resize=525%2C300 1.5x, https:\/\/i0.wp.com\/fmahaiti.org\/site\/wp-content\/uploads\/2024\/12\/IMG_20241220_135634_654-scaled.jpg?fit=1200%2C1083&ssl=1&resize=700%2C400 2x, https:\/\/i0.wp.com\/fmahaiti.org\/site\/wp-content\/uploads\/2024\/12\/IMG_20241220_135634_654-scaled.jpg?fit=1200%2C1083&ssl=1&resize=1050%2C600 3x"},"classes":[]},{"id":7141,"url":"https:\/\/fmahaiti.org\/site\/2023\/12\/20\/noel-kinder-au-complexe-educatif-du-sacre-coeur-de-hinche\/","url_meta":{"origin":14087,"position":2},"title":"No\u00ebl Kinder au Complexe Educatif du Sacr\u00e9-C\u0153ur de Hinche","author":"Sacre-Coeur Hinche","date":"20 d\u00e9cembre 2023","format":false,"excerpt":"\u00abLa c\u00e9l\u00e9bration de la f\u00eate de No\u00ebl \u00a0est une mani\u00e8re de faire renaitre \u00a0l\u2019Esp\u00e9rance.\u00bb C\u2019est une f\u00eate qui nous donne l\u2019occasion de redevenir enfant.\u00a0Elle permet de partager avec tous \u00a0les enfants une partie de leur monde imaginaire. En effet, le Vendredi 15 D\u00e9cembre 2023, nous avons c\u00e9l\u00e9br\u00e9 en pompe \u00a0avec\u2026","rel":"","context":"Dans &quot;Activit\u00e9s&quot;","block_context":{"text":"Activit\u00e9s","link":"https:\/\/fmahaiti.org\/site\/category\/activites\/"},"img":{"alt_text":"","src":"https:\/\/i0.wp.com\/fmahaiti.org\/site\/wp-content\/uploads\/2023\/12\/Noel-Kin.jpg?fit=1080%2C624&ssl=1&resize=350%2C200","width":350,"height":200,"srcset":"https:\/\/i0.wp.com\/fmahaiti.org\/site\/wp-content\/uploads\/2023\/12\/Noel-Kin.jpg?fit=1080%2C624&ssl=1&resize=350%2C200 1x, https:\/\/i0.wp.com\/fmahaiti.org\/site\/wp-content\/uploads\/2023\/12\/Noel-Kin.jpg?fit=1080%2C624&ssl=1&resize=525%2C300 1.5x, https:\/\/i0.wp.com\/fmahaiti.org\/site\/wp-content\/uploads\/2023\/12\/Noel-Kin.jpg?fit=1080%2C624&ssl=1&resize=700%2C400 2x, https:\/\/i0.wp.com\/fmahaiti.org\/site\/wp-content\/uploads\/2023\/12\/Noel-Kin.jpg?fit=1080%2C624&ssl=1&resize=1050%2C600 3x"},"classes":[]},{"id":13955,"url":"https:\/\/fmahaiti.org\/site\/2025\/12\/25\/une-convivialite-de-noel-inoubliable-a-linstitution-saint-jean-paul-ii-des-anse-a-pitres\/","url_meta":{"origin":14087,"position":3},"title":"Une convivialit\u00e9 de No\u00ebl inoubliable \u00e0 l\u2019Institution Saint Jean-Paul II des Anse-\u00e0-P\u00eetres","author":"Sr Monette Octave","date":"25 d\u00e9cembre 2025","format":false,"excerpt":"Le vendredi 19 d\u00e9cembre 2025, l\u2019Institution Saint Jean-Paul II des Anses-\u00e0-Pitres, a r\u00e9alis\u00e9 la convivialit\u00e9 de No\u00ebl, r\u00e9unissant \u00e9l\u00e8ves et professeurs de l\u2019\u00e9tablissement. Dans un esprit profond\u00e9ment marqu\u00e9 par les valeurs de No\u00ebl\u00a0: fraternit\u00e9, solidarit\u00e9 et esp\u00e9rance. Cette journ\u00e9e restera grav\u00e9e dans les m\u00e9moires comme un moment fort de communion\u2026","rel":"","context":"Dans &quot;Activit\u00e9s&quot;","block_context":{"text":"Activit\u00e9s","link":"https:\/\/fmahaiti.org\/site\/category\/activites\/"},"img":{"alt_text":"","src":"https:\/\/i0.wp.com\/fmahaiti.org\/site\/wp-content\/uploads\/2025\/12\/1000353742.jpg?fit=1200%2C675&ssl=1&resize=350%2C200","width":350,"height":200,"srcset":"https:\/\/i0.wp.com\/fmahaiti.org\/site\/wp-content\/uploads\/2025\/12\/1000353742.jpg?fit=1200%2C675&ssl=1&resize=350%2C200 1x, https:\/\/i0.wp.com\/fmahaiti.org\/site\/wp-content\/uploads\/2025\/12\/1000353742.jpg?fit=1200%2C675&ssl=1&resize=525%2C300 1.5x, https:\/\/i0.wp.com\/fmahaiti.org\/site\/wp-content\/uploads\/2025\/12\/1000353742.jpg?fit=1200%2C675&ssl=1&resize=700%2C400 2x, https:\/\/i0.wp.com\/fmahaiti.org\/site\/wp-content\/uploads\/2025\/12\/1000353742.jpg?fit=1200%2C675&ssl=1&resize=1050%2C600 3x"},"classes":[]},{"id":10681,"url":"https:\/\/fmahaiti.org\/site\/2024\/12\/23\/une-magique-fete-de-noel-avec-les-enfants-du-kinder\/","url_meta":{"origin":14087,"position":4},"title":"Une magique f\u00eate de No\u00ebl avec les enfants du Kinder!","author":"Sacre-Coeur Hinche","date":"23 d\u00e9cembre 2024","format":false,"excerpt":"\u00c0 l'approche des f\u00eates de fin d'ann\u00e9e, No\u00ebl est un moment particuli\u00e8rement magique pour les enfants. C'est une p\u00e9riode remplie de rires, de jeux, de cadeaux et de moments partag\u00e9s en famille. Mais au-del\u00e0 des festivit\u00e9s et des d\u00e9corations \u00e9tincelantes, No\u00ebl est aussi un temps o\u00f9 l\u2019on peut transmettre des\u2026","rel":"","context":"Dans &quot;Activit\u00e9s&quot;","block_context":{"text":"Activit\u00e9s","link":"https:\/\/fmahaiti.org\/site\/category\/activites\/"},"img":{"alt_text":"","src":"https:\/\/i0.wp.com\/fmahaiti.org\/site\/wp-content\/uploads\/2024\/12\/IMG_20241218_101438_125-scaled.jpg?fit=1200%2C501&ssl=1&resize=350%2C200","width":350,"height":200,"srcset":"https:\/\/i0.wp.com\/fmahaiti.org\/site\/wp-content\/uploads\/2024\/12\/IMG_20241218_101438_125-scaled.jpg?fit=1200%2C501&ssl=1&resize=350%2C200 1x, https:\/\/i0.wp.com\/fmahaiti.org\/site\/wp-content\/uploads\/2024\/12\/IMG_20241218_101438_125-scaled.jpg?fit=1200%2C501&ssl=1&resize=525%2C300 1.5x, https:\/\/i0.wp.com\/fmahaiti.org\/site\/wp-content\/uploads\/2024\/12\/IMG_20241218_101438_125-scaled.jpg?fit=1200%2C501&ssl=1&resize=700%2C400 2x, https:\/\/i0.wp.com\/fmahaiti.org\/site\/wp-content\/uploads\/2024\/12\/IMG_20241218_101438_125-scaled.jpg?fit=1200%2C501&ssl=1&resize=1050%2C600 3x"},"classes":[]},{"id":7377,"url":"https:\/\/fmahaiti.org\/site\/2023\/12\/30\/quelle-joie-de-celebrer-la-noel\/","url_meta":{"origin":14087,"position":5},"title":"Quelle \u00a0joie de c\u00e9l\u00e9brer \u00a0la \u00a0No\u00ebl!","author":"Sacre-Coeur Hinche","date":"30 d\u00e9cembre 2023","format":false,"excerpt":"No\u00ebl est la c\u00e9l\u00e9bration de la naissance du Christ pour l'ensemble du monde chr\u00e9tien.\u00a0C\u2019est \u00a0aussi un temps privil\u00e9gi\u00e9 pour nouer de nouvelles relations, s\u2019\u00e9changer et \u00a0de \u00a0partager des cadeaux. No\u00ebl figure parmi les plus importantes f\u00eates chr\u00e9tiennes \u00a0et est certainement la f\u00eate pr\u00e9f\u00e9r\u00e9e des enfants! En effet, le 22 D\u00e9cembre\u2026","rel":"","context":"Dans &quot;Convivialit\u00e9&quot;","block_context":{"text":"Convivialit\u00e9","link":"https:\/\/fmahaiti.org\/site\/category\/convivialite\/"},"img":{"alt_text":"","src":"https:\/\/i0.wp.com\/fmahaiti.org\/site\/wp-content\/uploads\/2023\/12\/IMG_0707-scaled.jpg?fit=1200%2C885&ssl=1&resize=350%2C200","width":350,"height":200,"srcset":"https:\/\/i0.wp.com\/fmahaiti.org\/site\/wp-content\/uploads\/2023\/12\/IMG_0707-scaled.jpg?fit=1200%2C885&ssl=1&resize=350%2C200 1x, https:\/\/i0.wp.com\/fmahaiti.org\/site\/wp-content\/uploads\/2023\/12\/IMG_0707-scaled.jpg?fit=1200%2C885&ssl=1&resize=525%2C300 1.5x, https:\/\/i0.wp.com\/fmahaiti.org\/site\/wp-content\/uploads\/2023\/12\/IMG_0707-scaled.jpg?fit=1200%2C885&ssl=1&resize=700%2C400 2x, https:\/\/i0.wp.com\/fmahaiti.org\/site\/wp-content\/uploads\/2023\/12\/IMG_0707-scaled.jpg?fit=1200%2C885&ssl=1&resize=1050%2C600 3x"},"classes":[]}],"_links":{"self":[{"href":"https:\/\/fmahaiti.org\/site\/wp-json\/wp\/v2\/posts\/14087","targetHints":{"allow":["GET"]}}],"collection":[{"href":"https:\/\/fmahaiti.org\/site\/wp-json\/wp\/v2\/posts"}],"about":[{"href":"https:\/\/fmahaiti.org\/site\/wp-json\/wp\/v2\/types\/post"}],"author":[{"embeddable":true,"href":"https:\/\/fmahaiti.org\/site\/wp-json\/wp\/v2\/users\/10"}],"replies":[{"embeddable":true,"href":"https:\/\/fmahaiti.org\/site\/wp-json\/wp\/v2\/comments?post=14087"}],"version-history":[{"count":3,"href":"https:\/\/fmahaiti.org\/site\/wp-json\/wp\/v2\/posts\/14087\/revisions"}],"predecessor-version":[{"id":14104,"href":"https:\/\/fmahaiti.org\/site\/wp-json\/wp\/v2\/posts\/14087\/revisions\/14104"}],"wp:featuredmedia":[{"embeddable":true,"href":"https:\/\/fmahaiti.org\/site\/wp-json\/wp\/v2\/media\/14101"}],"wp:attachment":[{"href":"https:\/\/fmahaiti.org\/site\/wp-json\/wp\/v2\/media?parent=14087"}],"wp:term":[{"taxonomy":"category","embeddable":true,"href":"https:\/\/fmahaiti.org\/site\/wp-json\/wp\/v2\/categories?post=14087"},{"taxonomy":"post_tag","embeddable":true,"href":"https:\/\/fmahaiti.org\/site\/wp-json\/wp\/v2\/tags?post=14087"}],"curies":[{"name":"wp","href":"https:\/\/api.w.org\/{rel}","templated":true}]}}