{"id":14074,"date":"2025-12-28T20:25:39","date_gmt":"2025-12-29T01:25:39","guid":{"rendered":"https:\/\/fmahaiti.org\/site\/?p=14074"},"modified":"2025-12-28T20:25:39","modified_gmt":"2025-12-29T01:25:39","slug":"noel-a-linstitution-marie-regine-un-hymne-a-la-joie-et-a-lesperance","status":"publish","type":"post","link":"https:\/\/fmahaiti.org\/site\/2025\/12\/28\/noel-a-linstitution-marie-regine-un-hymne-a-la-joie-et-a-lesperance\/","title":{"rendered":"No\u00ebl \u00e0 l\u2019Institution Marie R\u00e9gine : Un hymne \u00e0 la joie et \u00e0 l&rsquo;esp\u00e9rance"},"content":{"rendered":"<p><img data-recalc-dims=\"1\" loading=\"lazy\" decoding=\"async\" class=\"aligncenter wp-image-14090 size-full\" src=\"https:\/\/i0.wp.com\/fmahaiti.org\/site\/wp-content\/uploads\/2025\/12\/WhatsApp-Image-2025-12-28-at-3.44.29-PM-1.jpeg?resize=767%2C552&#038;ssl=1\" alt=\"\" width=\"767\" height=\"552\" srcset=\"https:\/\/i0.wp.com\/fmahaiti.org\/site\/wp-content\/uploads\/2025\/12\/WhatsApp-Image-2025-12-28-at-3.44.29-PM-1.jpeg?w=767&amp;ssl=1 767w, https:\/\/i0.wp.com\/fmahaiti.org\/site\/wp-content\/uploads\/2025\/12\/WhatsApp-Image-2025-12-28-at-3.44.29-PM-1.jpeg?resize=300%2C216&amp;ssl=1 300w\" sizes=\"auto, (max-width: 767px) 100vw, 767px\" \/><\/p>\n<p>Alors que les rues de Carrefour r\u00e9sonnent des bruits du quotidien, une atmosph\u00e8re particuli\u00e8re a envelopp\u00e9 l\u2019Institution Marie R\u00e9gine du 18 au 22 d\u00e9cembre. Sous le th\u00e8me <strong><em>\u00ab Nw\u00e8l se tan pou Nou ini \u00bb<\/em><\/strong>, cette p\u00e9riode n\u2019a pas \u00e9t\u00e9 qu\u2019une simple parenth\u00e8se festive; c\u2019est un moment de profonde communion o\u00f9 la spiritualit\u00e9 sal\u00e9sienne a rencontr\u00e9 la magie du partage.<img data-recalc-dims=\"1\" loading=\"lazy\" decoding=\"async\" class=\"alignright wp-image-14096 size-medium\" src=\"https:\/\/i0.wp.com\/fmahaiti.org\/site\/wp-content\/uploads\/2025\/12\/WhatsApp-Image-2025-12-28-at-3.44.29-PM-3.jpeg?resize=298%2C300&#038;ssl=1\" alt=\"\" width=\"298\" height=\"300\" srcset=\"https:\/\/i0.wp.com\/fmahaiti.org\/site\/wp-content\/uploads\/2025\/12\/WhatsApp-Image-2025-12-28-at-3.44.29-PM-3.jpeg?resize=298%2C300&amp;ssl=1 298w, https:\/\/i0.wp.com\/fmahaiti.org\/site\/wp-content\/uploads\/2025\/12\/WhatsApp-Image-2025-12-28-at-3.44.29-PM-3.jpeg?resize=150%2C150&amp;ssl=1 150w, https:\/\/i0.wp.com\/fmahaiti.org\/site\/wp-content\/uploads\/2025\/12\/WhatsApp-Image-2025-12-28-at-3.44.29-PM-3.jpeg?w=767&amp;ssl=1 767w\" sizes=\"auto, (max-width: 298px) 100vw, 298px\" \/><\/p>\n<p><img data-recalc-dims=\"1\" loading=\"lazy\" decoding=\"async\" class=\"alignleft wp-image-14091 size-medium\" src=\"https:\/\/i0.wp.com\/fmahaiti.org\/site\/wp-content\/uploads\/2025\/12\/WhatsApp-Image-2025-12-28-at-3.44.29-PM-2.jpeg?resize=300%2C300&#038;ssl=1\" alt=\"\" width=\"300\" height=\"300\" srcset=\"https:\/\/i0.wp.com\/fmahaiti.org\/site\/wp-content\/uploads\/2025\/12\/WhatsApp-Image-2025-12-28-at-3.44.29-PM-2.jpeg?resize=300%2C300&amp;ssl=1 300w, https:\/\/i0.wp.com\/fmahaiti.org\/site\/wp-content\/uploads\/2025\/12\/WhatsApp-Image-2025-12-28-at-3.44.29-PM-2.jpeg?resize=150%2C150&amp;ssl=1 150w, https:\/\/i0.wp.com\/fmahaiti.org\/site\/wp-content\/uploads\/2025\/12\/WhatsApp-Image-2025-12-28-at-3.44.29-PM-2.jpeg?w=766&amp;ssl=1 766w\" sizes=\"auto, (max-width: 300px) 100vw, 300px\" \/>Fid\u00e8le \u00e0 sa mission, l\u2019Institution a plac\u00e9 le \u00ab Myst\u00e8re de l\u2019Incarnation \u00bb au c\u0153ur de ses festivit\u00e9s. Le jeudi 18 d\u00e9cembre, une messe solennelle pr\u00e9sid\u00e9e par le R\u00e9v\u00e9rend P\u00e8re Rolin\u00e9 JOSEPH, Sal\u00e9sien de Don Bosco, a r\u00e9uni toute la communaut\u00e9 \u00e9ducative. Dans le recueillement, chacun a pris le temps de remercier le Seigneur pour ce trimestre pass\u00e9 en beaut\u00e9 et de m\u00e9diter sur l&rsquo;ob\u00e9issance et la fid\u00e9lit\u00e9 de la Vierge Marie.<\/p>\n<p>Le vendredi 19, l\u2019esprit de No\u00ebl s&rsquo;est transform\u00e9 en un d\u00e9fi stimulant pour les \u00e9l\u00e8ves de la 7<sup>\u00e8me<\/sup> ann\u00e9e fondamentale au Nouveau Secondaire IV. Un challenge rigoureux a mis les classes en comp\u00e9tition. Les \u00e9l\u00e8ves ont rivalis\u00e9 de talent selon cinq crit\u00e8res pr\u00e9cis :<\/p>\n<ol>\n<li>La d\u00e9coration des salles.<\/li>\n<li>\u200bLa tenue vestimentaire des \u00e9l\u00e8ves.<\/li>\n<li>\u200bLa pr\u00e9sentation des plats lors du banquet.<\/li>\n<li>\u200bLa propret\u00e9 des galeries.<\/li>\n<li>\u200bLa discipline g\u00e9n\u00e9rale du groupe.<img data-recalc-dims=\"1\" loading=\"lazy\" decoding=\"async\" class=\"alignright wp-image-14092 size-medium\" src=\"https:\/\/i0.wp.com\/fmahaiti.org\/site\/wp-content\/uploads\/2025\/12\/WhatsApp-Image-2025-12-28-at-3.44.30-PM-2.jpeg?resize=300%2C300&#038;ssl=1\" alt=\"\" width=\"300\" height=\"300\" srcset=\"https:\/\/i0.wp.com\/fmahaiti.org\/site\/wp-content\/uploads\/2025\/12\/WhatsApp-Image-2025-12-28-at-3.44.30-PM-2.jpeg?resize=300%2C300&amp;ssl=1 300w, https:\/\/i0.wp.com\/fmahaiti.org\/site\/wp-content\/uploads\/2025\/12\/WhatsApp-Image-2025-12-28-at-3.44.30-PM-2.jpeg?resize=150%2C150&amp;ssl=1 150w, https:\/\/i0.wp.com\/fmahaiti.org\/site\/wp-content\/uploads\/2025\/12\/WhatsApp-Image-2025-12-28-at-3.44.30-PM-2.jpeg?w=766&amp;ssl=1 766w\" sizes=\"auto, (max-width: 300px) 100vw, 300px\" \/><\/li>\n<\/ol>\n<p>\u200bApr\u00e8s d\u00e9lib\u00e9ration, l&rsquo;excellence a \u00e9t\u00e9 r\u00e9compens\u00e9e. Pour le troisi\u00e8me cycle, c&rsquo;est la Neuvi\u00e8me ann\u00e9e A qui a remport\u00e9 la palme. Du c\u00f4t\u00e9 du secondaire, la victoire est revenue au NSIII-B. Ce concours a non seulement permis de d\u00e9corer l&rsquo;\u00e9cole, mais a surtout renforc\u00e9 l&rsquo;esprit d&rsquo;\u00e9quipe et le sens des responsabilit\u00e9s chez les jeunes.<\/p>\n<p>L&rsquo;unit\u00e9 s&rsquo;est aussi savour\u00e9e autour de la table. Le dimanche 21, les professeurs ont \u00e9t\u00e9 convi\u00e9s par S\u0153ur Aline Nicolas et la Communaut\u00e9 pour un brunch m\u00e9morable. Les \u00e9tudiants de l\u2019\u00c9cole H\u00f4teli\u00e8re Marie Dominique Mazzarello ont assur\u00e9 un service avec respect, mettant leur professionnalisme au profit des \u00e9ducateurs.<\/p>\n<p><img data-recalc-dims=\"1\" loading=\"lazy\" decoding=\"async\" class=\"alignleft wp-image-14093 size-medium\" src=\"https:\/\/i0.wp.com\/fmahaiti.org\/site\/wp-content\/uploads\/2025\/12\/WhatsApp-Image-2025-12-28-at-3.44.30-PM.jpeg?resize=300%2C300&#038;ssl=1\" alt=\"\" width=\"300\" height=\"300\" srcset=\"https:\/\/i0.wp.com\/fmahaiti.org\/site\/wp-content\/uploads\/2025\/12\/WhatsApp-Image-2025-12-28-at-3.44.30-PM.jpeg?resize=300%2C300&amp;ssl=1 300w, https:\/\/i0.wp.com\/fmahaiti.org\/site\/wp-content\/uploads\/2025\/12\/WhatsApp-Image-2025-12-28-at-3.44.30-PM.jpeg?resize=150%2C150&amp;ssl=1 150w, https:\/\/i0.wp.com\/fmahaiti.org\/site\/wp-content\/uploads\/2025\/12\/WhatsApp-Image-2025-12-28-at-3.44.30-PM.jpeg?w=757&amp;ssl=1 757w\" sizes=\"auto, (max-width: 300px) 100vw, 300px\" \/>Parce que No\u00ebl est le temps de l&rsquo;union, la dimension sociale a \u00e9t\u00e9 primordiale. Le lundi 22 d\u00e9cembre, la communaut\u00e9 a c\u00e9l\u00e9br\u00e9 avec les membres du personnel de confiance. En plus du repas partag\u00e9, chacun a re\u00e7u un cadeau, tout comme les professeurs. Pour marquer davantage cette solidarit\u00e9, un kit alimentaire a \u00e9t\u00e9 offert \u00e0 chaque membre du personnel, rappelant que l\u2019Institution forme une seule et grande famille o\u00f9 personne n&rsquo;est oubli\u00e9e.<\/p>\n<p>\u200bEnfin, le mardi 23 d\u00e9cembre, ce fut au tour des \u00e9tudiants de l&rsquo;\u00e9cole h\u00f4teli\u00e8re de clore les festivit\u00e9s par un moment chaleureux de convivialit\u00e9, scellant ainsi cette p\u00e9riode de f\u00eate dans l&rsquo;all\u00e9gresse.<\/p>\n<p>En somme, f\u00eater No\u00ebl \u00e0 l\u2019Institution Marie R\u00e9gine, c\u2019est s\u2019offrir une bouff\u00e9e d\u2019oxyg\u00e8ne et d\u2019espoir. \u00c0 travers le th\u00e8me <strong><em>\u00ab Nw\u00e8l se tan pou Nou ini \u00bb,<\/em><\/strong> la communaut\u00e9 a cultiv\u00e9 la joie d\u2019\u00eatre ensemble malgr\u00e9 les d\u00e9fis de l&rsquo;heure. Donc, No\u00ebl est bel et bien le temps pour nous unir dans le travail et la pri\u00e8re.<img data-recalc-dims=\"1\" loading=\"lazy\" decoding=\"async\" class=\"alignright wp-image-14094 size-medium\" src=\"https:\/\/i0.wp.com\/fmahaiti.org\/site\/wp-content\/uploads\/2025\/12\/WhatsApp-Image-2025-12-28-at-3.44.29-PM-4.jpeg?resize=300%2C289&#038;ssl=1\" alt=\"\" width=\"300\" height=\"289\" srcset=\"https:\/\/i0.wp.com\/fmahaiti.org\/site\/wp-content\/uploads\/2025\/12\/WhatsApp-Image-2025-12-28-at-3.44.29-PM-4.jpeg?resize=300%2C289&amp;ssl=1 300w, https:\/\/i0.wp.com\/fmahaiti.org\/site\/wp-content\/uploads\/2025\/12\/WhatsApp-Image-2025-12-28-at-3.44.29-PM-4.jpeg?resize=768%2C740&amp;ssl=1 768w, https:\/\/i0.wp.com\/fmahaiti.org\/site\/wp-content\/uploads\/2025\/12\/WhatsApp-Image-2025-12-28-at-3.44.29-PM-4.jpeg?w=770&amp;ssl=1 770w\" sizes=\"auto, (max-width: 300px) 100vw, 300px\" \/><\/p>\n<p><strong>Heureux No\u00ebl 2025,<br \/>\nSoeur Johana Pierre et Stane Lovely Jacob fma.<\/strong><\/p>\n<p><img data-recalc-dims=\"1\" loading=\"lazy\" decoding=\"async\" class=\"alignleft wp-image-14095 size-medium\" src=\"https:\/\/i0.wp.com\/fmahaiti.org\/site\/wp-content\/uploads\/2025\/12\/WhatsApp-Image-2025-12-28-at-3.44.30-PM-1.jpeg?resize=300%2C287&#038;ssl=1\" alt=\"\" width=\"300\" height=\"287\" srcset=\"https:\/\/i0.wp.com\/fmahaiti.org\/site\/wp-content\/uploads\/2025\/12\/WhatsApp-Image-2025-12-28-at-3.44.30-PM-1.jpeg?resize=300%2C287&amp;ssl=1 300w, https:\/\/i0.wp.com\/fmahaiti.org\/site\/wp-content\/uploads\/2025\/12\/WhatsApp-Image-2025-12-28-at-3.44.30-PM-1.jpeg?resize=768%2C734&amp;ssl=1 768w, https:\/\/i0.wp.com\/fmahaiti.org\/site\/wp-content\/uploads\/2025\/12\/WhatsApp-Image-2025-12-28-at-3.44.30-PM-1.jpeg?w=777&amp;ssl=1 777w\" sizes=\"auto, (max-width: 300px) 100vw, 300px\" \/><\/p>\n","protected":false},"excerpt":{"rendered":"<p>Alors que les rues de Carrefour r\u00e9sonnent des bruits du quotidien, une atmosph\u00e8re particuli\u00e8re a envelopp\u00e9 l\u2019Institution Marie R\u00e9gine du 18 au 22 d\u00e9cembre. Sous&hellip;<\/p>\n","protected":false},"author":19,"featured_media":14091,"comment_status":"open","ping_status":"open","sticky":false,"template":"","format":"standard","meta":{"_jetpack_memberships_contains_paid_content":false,"footnotes":"","jetpack_publicize_message":"","jetpack_publicize_feature_enabled":true,"jetpack_social_post_already_shared":true,"jetpack_social_options":{"image_generator_settings":{"template":"highway","default_image_id":0,"font":"","enabled":false},"version":2}},"categories":[6,28],"tags":[],"class_list":["post-14074","post","type-post","status-publish","format-standard","has-post-thumbnail","hentry","category-convivialite","category-noel"],"jetpack_publicize_connections":[],"jetpack_featured_media_url":"https:\/\/i0.wp.com\/fmahaiti.org\/site\/wp-content\/uploads\/2025\/12\/WhatsApp-Image-2025-12-28-at-3.44.29-PM-2.jpeg?fit=766%2C766&ssl=1","jetpack_sharing_enabled":true,"jetpack_shortlink":"https:\/\/wp.me\/pcR5kd-3F0","jetpack-related-posts":[{"id":10809,"url":"https:\/\/fmahaiti.org\/site\/2024\/12\/26\/la-joie-detre-ensemble\/","url_meta":{"origin":14074,"position":0},"title":"La joie d\u2019\u00eatre ensemble!","author":"Marie Regine Thorland","date":"26 d\u00e9cembre 2024","format":false,"excerpt":"No\u00ebl\u00a0 c\u2019est la plus belle des f\u00eates de l\u2019histoire de l\u2019humanit\u00e9. C\u2019est l\u2019\u00e9poque o\u00f9 la famille, les amis et les proches se rassemblent tous dans un m\u00eame esprit d\u2019unit\u00e9 et d\u2019amour malgr\u00e9 la divergence de leur croyance. A la naissance d\u2019enfant \u00a0voulu au monde il y a toujours l\u2019all\u00e9gresse qui\u2026","rel":"","context":"Dans &quot;Convivialit\u00e9&quot;","block_context":{"text":"Convivialit\u00e9","link":"https:\/\/fmahaiti.org\/site\/category\/convivialite\/"},"img":{"alt_text":"","src":"https:\/\/i0.wp.com\/fmahaiti.org\/site\/wp-content\/uploads\/2024\/12\/PHOTO-2024-12-26-15-17-39-1.jpg?fit=1200%2C503&ssl=1&resize=350%2C200","width":350,"height":200,"srcset":"https:\/\/i0.wp.com\/fmahaiti.org\/site\/wp-content\/uploads\/2024\/12\/PHOTO-2024-12-26-15-17-39-1.jpg?fit=1200%2C503&ssl=1&resize=350%2C200 1x, https:\/\/i0.wp.com\/fmahaiti.org\/site\/wp-content\/uploads\/2024\/12\/PHOTO-2024-12-26-15-17-39-1.jpg?fit=1200%2C503&ssl=1&resize=525%2C300 1.5x, https:\/\/i0.wp.com\/fmahaiti.org\/site\/wp-content\/uploads\/2024\/12\/PHOTO-2024-12-26-15-17-39-1.jpg?fit=1200%2C503&ssl=1&resize=700%2C400 2x, https:\/\/i0.wp.com\/fmahaiti.org\/site\/wp-content\/uploads\/2024\/12\/PHOTO-2024-12-26-15-17-39-1.jpg?fit=1200%2C503&ssl=1&resize=1050%2C600 3x"},"classes":[]},{"id":7280,"url":"https:\/\/fmahaiti.org\/site\/2023\/12\/25\/celebrons-noel-avec-nos-geants-a-marie-regine\/","url_meta":{"origin":14074,"position":1},"title":"C\u00e9l\u00e9brons No\u00ebl avec nos g\u00e9ants \u00e0 Marie R\u00e9gine!","author":"Marie Regine Thorland","date":"25 d\u00e9cembre 2023","format":false,"excerpt":"Le samedi 23 d\u00e9cembre, une atmosph\u00e8re chaleureuse emplissait l'air \u00e0 Thorland. Chez nous les S\u0153urs sal\u00e9siennes, \u00e0 l\u2019espace de l\u2019Ecole H\u00f4telli\u00e8re, un moment de convivialit\u00e9 exceptionnel a r\u00e9uni tous les professeurs du Coll\u00e8ge Marie R\u00e9gine, les membres du personnel, tant petits que grands, ceux\u00a0 des cours professionnels et de l'h\u00f4tellerie.\u2026","rel":"","context":"Dans &quot;Activit\u00e9s&quot;","block_context":{"text":"Activit\u00e9s","link":"https:\/\/fmahaiti.org\/site\/category\/activites\/"},"img":{"alt_text":"","src":"https:\/\/i0.wp.com\/fmahaiti.org\/site\/wp-content\/uploads\/2023\/12\/PHOTO-2023-12-23-22-56-34-1.jpg?fit=1200%2C540&ssl=1&resize=350%2C200","width":350,"height":200,"srcset":"https:\/\/i0.wp.com\/fmahaiti.org\/site\/wp-content\/uploads\/2023\/12\/PHOTO-2023-12-23-22-56-34-1.jpg?fit=1200%2C540&ssl=1&resize=350%2C200 1x, https:\/\/i0.wp.com\/fmahaiti.org\/site\/wp-content\/uploads\/2023\/12\/PHOTO-2023-12-23-22-56-34-1.jpg?fit=1200%2C540&ssl=1&resize=525%2C300 1.5x, https:\/\/i0.wp.com\/fmahaiti.org\/site\/wp-content\/uploads\/2023\/12\/PHOTO-2023-12-23-22-56-34-1.jpg?fit=1200%2C540&ssl=1&resize=700%2C400 2x, https:\/\/i0.wp.com\/fmahaiti.org\/site\/wp-content\/uploads\/2023\/12\/PHOTO-2023-12-23-22-56-34-1.jpg?fit=1200%2C540&ssl=1&resize=1050%2C600 3x"},"classes":[]},{"id":2840,"url":"https:\/\/fmahaiti.org\/site\/2022\/01\/11\/noel-2021-au-college-marie-regine-de-thorland\/","url_meta":{"origin":14074,"position":2},"title":"NO\u00cbL 2021 au Coll\u00e8ge Marie R\u00e9gine de Thorland","author":"Sr Monette Octave","date":"11 janvier 2022","format":false,"excerpt":"La f\u00eate de no\u00ebl au Coll\u00e8ge Marie R\u00e9gine pour nous membres du Gouvernement Scolaire a \u00e9t\u00e9 un \u00e9v\u00e9nement o\u00f9 l'on songe plus au pass\u00e9 ni au futur mais rien qu'aux pr\u00e9sents et aussi de C\u00e9l\u00e9brer le Myst\u00e8re de la r\u00e9demption tout en mettant en \u0153uvre les talents de nos chers\u2026","rel":"","context":"Dans &quot;Noel&quot;","block_context":{"text":"Noel","link":"https:\/\/fmahaiti.org\/site\/category\/noel\/"},"img":{"alt_text":"","src":"https:\/\/i0.wp.com\/fmahaiti.org\/site\/wp-content\/uploads\/2022\/01\/3c34aa45-8710-461d-b101-979441099fdf.jpg?fit=651%2C1200&ssl=1&resize=350%2C200","width":350,"height":200,"srcset":"https:\/\/i0.wp.com\/fmahaiti.org\/site\/wp-content\/uploads\/2022\/01\/3c34aa45-8710-461d-b101-979441099fdf.jpg?fit=651%2C1200&ssl=1&resize=350%2C200 1x, https:\/\/i0.wp.com\/fmahaiti.org\/site\/wp-content\/uploads\/2022\/01\/3c34aa45-8710-461d-b101-979441099fdf.jpg?fit=651%2C1200&ssl=1&resize=525%2C300 1.5x"},"classes":[]},{"id":6772,"url":"https:\/\/fmahaiti.org\/site\/2023\/11\/20\/ca-bouge-au-college-marie-regine\/","url_meta":{"origin":14074,"position":3},"title":"\u00c7a bouge au coll\u00e8ge Marie R\u00e9gine","author":"Marie Regine Thorland","date":"20 novembre 2023","format":false,"excerpt":"Ce vendredi 17 octobre a eu lieu de mani\u00e8re officielle l\u2019ouverture du G\u00e9nie Scolaire du cours primaire organis\u00e9 par le comit\u00e9 central du cours secondaire de l\u2019Institution Marie R\u00e9gine.Cet \u00e9v\u00e9nement marque un moment sp\u00e9cial dans la vie de l\u2019\u00e9cole o\u00f9, nous c\u00e9l\u00e9brons non seulement l\u2019esprit d\u2019innovation et de cr\u00e9ativit\u00e9 mais\u2026","rel":"","context":"Dans &quot;Activit\u00e9s&quot;","block_context":{"text":"Activit\u00e9s","link":"https:\/\/fmahaiti.org\/site\/category\/activites\/"},"img":{"alt_text":"","src":"https:\/\/i0.wp.com\/fmahaiti.org\/site\/wp-content\/uploads\/2023\/11\/Genie-2-2.jpg?fit=1200%2C540&ssl=1&resize=350%2C200","width":350,"height":200,"srcset":"https:\/\/i0.wp.com\/fmahaiti.org\/site\/wp-content\/uploads\/2023\/11\/Genie-2-2.jpg?fit=1200%2C540&ssl=1&resize=350%2C200 1x, https:\/\/i0.wp.com\/fmahaiti.org\/site\/wp-content\/uploads\/2023\/11\/Genie-2-2.jpg?fit=1200%2C540&ssl=1&resize=525%2C300 1.5x, https:\/\/i0.wp.com\/fmahaiti.org\/site\/wp-content\/uploads\/2023\/11\/Genie-2-2.jpg?fit=1200%2C540&ssl=1&resize=700%2C400 2x, https:\/\/i0.wp.com\/fmahaiti.org\/site\/wp-content\/uploads\/2023\/11\/Genie-2-2.jpg?fit=1200%2C540&ssl=1&resize=1050%2C600 3x"},"classes":[]},{"id":7266,"url":"https:\/\/fmahaiti.org\/site\/2023\/12\/25\/vivons-lesprit-de-noel\/","url_meta":{"origin":14074,"position":4},"title":"Vivons l\u2019esprit de No\u00ebl!","author":"Marie Regine Thorland","date":"25 d\u00e9cembre 2023","format":false,"excerpt":"En pr\u00e9lude \u00e0 la grande c\u00e9l\u00e9bration du Myst\u00e8re de l\u2019Incarnation :( Le Fils\u00a0 de Dieu fait homme parmi nous.)Les coll\u00e9giens de \u00a0Marie R\u00e9gine \u00a0ont c\u00e9l\u00e9br\u00e9 \u00a0ce vendredi 22 d\u00e9cembre avec \u00a0une grande convivialit\u00e9. D\u2019abord nous avons pris le temps pour rendre gr\u00e2ce au Seigneur qui nous a aid\u00e9s \u00e0 sauver\u2026","rel":"","context":"Dans &quot;Activit\u00e9s&quot;","block_context":{"text":"Activit\u00e9s","link":"https:\/\/fmahaiti.org\/site\/category\/activites\/"},"img":{"alt_text":"","src":"https:\/\/i0.wp.com\/fmahaiti.org\/site\/wp-content\/uploads\/2023\/12\/PHOTO-2023-12-22-18-34-27-1.jpg?fit=1200%2C540&ssl=1&resize=350%2C200","width":350,"height":200,"srcset":"https:\/\/i0.wp.com\/fmahaiti.org\/site\/wp-content\/uploads\/2023\/12\/PHOTO-2023-12-22-18-34-27-1.jpg?fit=1200%2C540&ssl=1&resize=350%2C200 1x, https:\/\/i0.wp.com\/fmahaiti.org\/site\/wp-content\/uploads\/2023\/12\/PHOTO-2023-12-22-18-34-27-1.jpg?fit=1200%2C540&ssl=1&resize=525%2C300 1.5x, https:\/\/i0.wp.com\/fmahaiti.org\/site\/wp-content\/uploads\/2023\/12\/PHOTO-2023-12-22-18-34-27-1.jpg?fit=1200%2C540&ssl=1&resize=700%2C400 2x, https:\/\/i0.wp.com\/fmahaiti.org\/site\/wp-content\/uploads\/2023\/12\/PHOTO-2023-12-22-18-34-27-1.jpg?fit=1200%2C540&ssl=1&resize=1050%2C600 3x"},"classes":[]},{"id":13323,"url":"https:\/\/fmahaiti.org\/site\/2025\/10\/22\/journee-mondiale-missionnaire-canonisation-de-sainte-maria-troncatti-et-lancement-des-groupes-a-marie-regine\/","url_meta":{"origin":14074,"position":5},"title":"Journ\u00e9e mondiale Missionnaire, Canonisation de Sainte Maria Troncatti et lancement des groupes \u00e0 Marie R\u00e9gine","author":"Marie Regine Thorland","date":"22 octobre 2025","format":false,"excerpt":"En ce 28\u1d49 dimanche ordinaire de l\u2019ann\u00e9e liturgique C, la communaut\u00e9 des Filles de Marie Auxiliatrice (FMA) de l\u2019Institution Marie R\u00e9gine a v\u00e9cu une journ\u00e9e de gr\u00e2ce et de ferveur exceptionnelle. Trois grands \u00e9v\u00e9nements se sont unis pour illuminer cette c\u00e9l\u00e9bration: la Journ\u00e9e mondiale missionnaire, la canonisation de Sainte Maria\u2026","rel":"","context":"Dans &quot;Activit\u00e9s&quot;","block_context":{"text":"Activit\u00e9s","link":"https:\/\/fmahaiti.org\/site\/category\/activites\/"},"img":{"alt_text":"","src":"https:\/\/i0.wp.com\/fmahaiti.org\/site\/wp-content\/uploads\/2025\/10\/Imagem-do-WhatsApp-de-2025-10-22-as-22.06.52_5c556ec0.jpg?fit=1200%2C1200&ssl=1&resize=350%2C200","width":350,"height":200,"srcset":"https:\/\/i0.wp.com\/fmahaiti.org\/site\/wp-content\/uploads\/2025\/10\/Imagem-do-WhatsApp-de-2025-10-22-as-22.06.52_5c556ec0.jpg?fit=1200%2C1200&ssl=1&resize=350%2C200 1x, https:\/\/i0.wp.com\/fmahaiti.org\/site\/wp-content\/uploads\/2025\/10\/Imagem-do-WhatsApp-de-2025-10-22-as-22.06.52_5c556ec0.jpg?fit=1200%2C1200&ssl=1&resize=525%2C300 1.5x, https:\/\/i0.wp.com\/fmahaiti.org\/site\/wp-content\/uploads\/2025\/10\/Imagem-do-WhatsApp-de-2025-10-22-as-22.06.52_5c556ec0.jpg?fit=1200%2C1200&ssl=1&resize=700%2C400 2x, https:\/\/i0.wp.com\/fmahaiti.org\/site\/wp-content\/uploads\/2025\/10\/Imagem-do-WhatsApp-de-2025-10-22-as-22.06.52_5c556ec0.jpg?fit=1200%2C1200&ssl=1&resize=1050%2C600 3x"},"classes":[]}],"_links":{"self":[{"href":"https:\/\/fmahaiti.org\/site\/wp-json\/wp\/v2\/posts\/14074","targetHints":{"allow":["GET"]}}],"collection":[{"href":"https:\/\/fmahaiti.org\/site\/wp-json\/wp\/v2\/posts"}],"about":[{"href":"https:\/\/fmahaiti.org\/site\/wp-json\/wp\/v2\/types\/post"}],"author":[{"embeddable":true,"href":"https:\/\/fmahaiti.org\/site\/wp-json\/wp\/v2\/users\/19"}],"replies":[{"embeddable":true,"href":"https:\/\/fmahaiti.org\/site\/wp-json\/wp\/v2\/comments?post=14074"}],"version-history":[{"count":2,"href":"https:\/\/fmahaiti.org\/site\/wp-json\/wp\/v2\/posts\/14074\/revisions"}],"predecessor-version":[{"id":14097,"href":"https:\/\/fmahaiti.org\/site\/wp-json\/wp\/v2\/posts\/14074\/revisions\/14097"}],"wp:featuredmedia":[{"embeddable":true,"href":"https:\/\/fmahaiti.org\/site\/wp-json\/wp\/v2\/media\/14091"}],"wp:attachment":[{"href":"https:\/\/fmahaiti.org\/site\/wp-json\/wp\/v2\/media?parent=14074"}],"wp:term":[{"taxonomy":"category","embeddable":true,"href":"https:\/\/fmahaiti.org\/site\/wp-json\/wp\/v2\/categories?post=14074"},{"taxonomy":"post_tag","embeddable":true,"href":"https:\/\/fmahaiti.org\/site\/wp-json\/wp\/v2\/tags?post=14074"}],"curies":[{"name":"wp","href":"https:\/\/api.w.org\/{rel}","templated":true}]}}