{"id":11516,"date":"2025-02-10T16:02:09","date_gmt":"2025-02-10T21:02:09","guid":{"rendered":"https:\/\/fmahaiti.org\/site\/?p=11516"},"modified":"2025-02-10T16:02:09","modified_gmt":"2025-02-10T21:02:09","slug":"fete-des-philosophes-au-college-marie-dominique-mazzarello","status":"publish","type":"post","link":"https:\/\/fmahaiti.org\/site\/2025\/02\/10\/fete-des-philosophes-au-college-marie-dominique-mazzarello\/","title":{"rendered":"F\u00eate des philosophes au coll\u00e8ge Marie Dominique Mazzarello!"},"content":{"rendered":"\r\n<p><img data-recalc-dims=\"1\" loading=\"lazy\" decoding=\"async\" class=\"alignnone wp-image-11529 size-full\" src=\"https:\/\/i0.wp.com\/fmahaiti.org\/site\/wp-content\/uploads\/2025\/02\/WhatsApp-Image-2025-02-07-at-15.34.00-2.jpeg?resize=843%2C330&#038;ssl=1\" alt=\"\" width=\"843\" height=\"330\" srcset=\"https:\/\/i0.wp.com\/fmahaiti.org\/site\/wp-content\/uploads\/2025\/02\/WhatsApp-Image-2025-02-07-at-15.34.00-2.jpeg?w=2560&amp;ssl=1 2560w, https:\/\/i0.wp.com\/fmahaiti.org\/site\/wp-content\/uploads\/2025\/02\/WhatsApp-Image-2025-02-07-at-15.34.00-2.jpeg?resize=300%2C118&amp;ssl=1 300w, https:\/\/i0.wp.com\/fmahaiti.org\/site\/wp-content\/uploads\/2025\/02\/WhatsApp-Image-2025-02-07-at-15.34.00-2.jpeg?resize=1024%2C401&amp;ssl=1 1024w, https:\/\/i0.wp.com\/fmahaiti.org\/site\/wp-content\/uploads\/2025\/02\/WhatsApp-Image-2025-02-07-at-15.34.00-2.jpeg?resize=768%2C301&amp;ssl=1 768w, https:\/\/i0.wp.com\/fmahaiti.org\/site\/wp-content\/uploads\/2025\/02\/WhatsApp-Image-2025-02-07-at-15.34.00-2.jpeg?resize=1536%2C602&amp;ssl=1 1536w, https:\/\/i0.wp.com\/fmahaiti.org\/site\/wp-content\/uploads\/2025\/02\/WhatsApp-Image-2025-02-07-at-15.34.00-2.jpeg?resize=2048%2C802&amp;ssl=1 2048w, https:\/\/i0.wp.com\/fmahaiti.org\/site\/wp-content\/uploads\/2025\/02\/WhatsApp-Image-2025-02-07-at-15.34.00-2.jpeg?w=1686&amp;ssl=1 1686w\" sizes=\"auto, (max-width: 843px) 100vw, 843px\" \/><\/p>\r\n<p>Le 28 janvier 2025, le Coll\u00e8ge Marie Dominique Mazzarello a c\u00e9l\u00e9br\u00e9 la f\u00eate de Saint Thomas d&rsquo;Aquin, patron des philosophes, une journ\u00e9e marqu\u00e9e par la r\u00e9flexion, l\u2019\u00e9tude et la foi. <br \/><img data-recalc-dims=\"1\" loading=\"lazy\" decoding=\"async\" class=\"alignleft wp-image-11533 size-medium\" src=\"https:\/\/i0.wp.com\/fmahaiti.org\/site\/wp-content\/uploads\/2025\/02\/WhatsApp-Image-2025-02-07-at-15.34.00-1.jpeg?resize=300%2C296&#038;ssl=1\" alt=\"\" width=\"300\" height=\"296\" srcset=\"https:\/\/i0.wp.com\/fmahaiti.org\/site\/wp-content\/uploads\/2025\/02\/WhatsApp-Image-2025-02-07-at-15.34.00-1.jpeg?resize=300%2C296&amp;ssl=1 300w, https:\/\/i0.wp.com\/fmahaiti.org\/site\/wp-content\/uploads\/2025\/02\/WhatsApp-Image-2025-02-07-at-15.34.00-1.jpeg?resize=1024%2C1011&amp;ssl=1 1024w, https:\/\/i0.wp.com\/fmahaiti.org\/site\/wp-content\/uploads\/2025\/02\/WhatsApp-Image-2025-02-07-at-15.34.00-1.jpeg?resize=768%2C758&amp;ssl=1 768w, https:\/\/i0.wp.com\/fmahaiti.org\/site\/wp-content\/uploads\/2025\/02\/WhatsApp-Image-2025-02-07-at-15.34.00-1.jpeg?resize=1536%2C1516&amp;ssl=1 1536w, https:\/\/i0.wp.com\/fmahaiti.org\/site\/wp-content\/uploads\/2025\/02\/WhatsApp-Image-2025-02-07-at-15.34.00-1.jpeg?w=1920&amp;ssl=1 1920w, https:\/\/i0.wp.com\/fmahaiti.org\/site\/wp-content\/uploads\/2025\/02\/WhatsApp-Image-2025-02-07-at-15.34.00-1.jpeg?w=1686&amp;ssl=1 1686w\" sizes=\"auto, (max-width: 300px) 100vw, 300px\" \/>La journ\u00e9e a commenc\u00e9 par une messe c\u00e9l\u00e9br\u00e9e par Son Excellence Monseigneur Jean Th\u00e9odule Domond. Cette messe, a rassembl\u00e9 les \u00e9l\u00e8ves de la classe terminale, promotion \u00ab MERAKI \u00bb, qui avaient invit\u00e9 la communaut\u00e9 des s\u0153urs, quelques professeurs et les \u00e9l\u00e8ves du nouveau secondaire III \u00e0 se joindre \u00e0 eux pour cet acte de pri\u00e8re. Monseigneur Domond, dans son hom\u00e9lie, a invit\u00e9 les \u00e9l\u00e8ves \u00e0 r\u00e9fl\u00e9chir sur le r\u00f4le de la philosophie et sur la mani\u00e8re dont la foi et la raison peuvent se rejoindre pour enrichir la compr\u00e9hension de l\u2019homme et du monde. Il a rappel\u00e9 que Saint Thomas d\u2019Aquin, au-del\u00e0 d\u2019\u00eatre un grand philosophe, \u00e9tait avant tout un homme de foi, un chercheur de v\u00e9rit\u00e9 et un amoureux de Dieu. Il a soulign\u00e9 l\u2019importance d\u2019une philosophie qui, tout en cherchant la sagesse et la v\u00e9rit\u00e9, reste humble et tourn\u00e9e vers l\u2019amour de Dieu et de l\u2019humanit\u00e9.<img data-recalc-dims=\"1\" loading=\"lazy\" decoding=\"async\" class=\"alignright wp-image-11530 size-medium\" src=\"https:\/\/i0.wp.com\/fmahaiti.org\/site\/wp-content\/uploads\/2025\/02\/WhatsApp-Image-2025-02-07-at-15.34.00-3.jpeg?resize=300%2C200&#038;ssl=1\" alt=\"\" width=\"300\" height=\"200\" srcset=\"https:\/\/i0.wp.com\/fmahaiti.org\/site\/wp-content\/uploads\/2025\/02\/WhatsApp-Image-2025-02-07-at-15.34.00-3.jpeg?resize=300%2C200&amp;ssl=1 300w, https:\/\/i0.wp.com\/fmahaiti.org\/site\/wp-content\/uploads\/2025\/02\/WhatsApp-Image-2025-02-07-at-15.34.00-3.jpeg?resize=1024%2C683&amp;ssl=1 1024w, https:\/\/i0.wp.com\/fmahaiti.org\/site\/wp-content\/uploads\/2025\/02\/WhatsApp-Image-2025-02-07-at-15.34.00-3.jpeg?resize=768%2C512&amp;ssl=1 768w, https:\/\/i0.wp.com\/fmahaiti.org\/site\/wp-content\/uploads\/2025\/02\/WhatsApp-Image-2025-02-07-at-15.34.00-3.jpeg?resize=1536%2C1024&amp;ssl=1 1536w, https:\/\/i0.wp.com\/fmahaiti.org\/site\/wp-content\/uploads\/2025\/02\/WhatsApp-Image-2025-02-07-at-15.34.00-3.jpeg?w=1920&amp;ssl=1 1920w, https:\/\/i0.wp.com\/fmahaiti.org\/site\/wp-content\/uploads\/2025\/02\/WhatsApp-Image-2025-02-07-at-15.34.00-3.jpeg?w=1686&amp;ssl=1 1686w\" sizes=\"auto, (max-width: 300px) 100vw, 300px\" \/><br \/>Apr\u00e8s cette belle c\u00e9l\u00e9bration, les \u00e9l\u00e8ves se sont rendus \u00e0 l\u2019auditorium pour une conf\u00e9rence passionnante autour du th\u00e8me : \u00ab\u00a0R\u00e9ussir sa carri\u00e8re en Ha\u00efti : d\u00e9construire les mythes et explorer au-del\u00e0 des m\u00e9rites traditionnels\u00a0\u00bb. L\u2019objectif de cette conf\u00e9rence \u00e9tait d\u2019ouvrir un dialogue sur les d\u00e9fis et opportunit\u00e9s d\u2019une carri\u00e8re en Ha\u00efti, tout en d\u00e9construisant certaines id\u00e9es re\u00e7ues et en encourageant les jeunes \u00e0 penser diff\u00e9remment sur leur avenir. Les intervenants \u00e9taient St\u00e9phanie Sophie Louis, politologue, et Mulledina Clerg\u00e9, entrepreneur. Ensemble, ils ont partag\u00e9 leur exp\u00e9rience et ont encourag\u00e9 les \u00e9l\u00e8ves \u00e0 \u00eatre audacieux, \u00e0 chercher au-del\u00e0 des attentes traditionnelles et \u00e0 utiliser leur cr\u00e9ativit\u00e9 et leurs comp\u00e9tences pour b\u00e2tir un avenir prosp\u00e8re.<br \/><img data-recalc-dims=\"1\" loading=\"lazy\" decoding=\"async\" class=\"alignleft wp-image-11531 size-medium\" src=\"https:\/\/i0.wp.com\/fmahaiti.org\/site\/wp-content\/uploads\/2025\/02\/WhatsApp-Image-2025-02-07-at-15.53.59.jpeg?resize=219%2C300&#038;ssl=1\" alt=\"\" width=\"219\" height=\"300\" srcset=\"https:\/\/i0.wp.com\/fmahaiti.org\/site\/wp-content\/uploads\/2025\/02\/WhatsApp-Image-2025-02-07-at-15.53.59.jpeg?resize=219%2C300&amp;ssl=1 219w, https:\/\/i0.wp.com\/fmahaiti.org\/site\/wp-content\/uploads\/2025\/02\/WhatsApp-Image-2025-02-07-at-15.53.59.jpeg?resize=748%2C1024&amp;ssl=1 748w, https:\/\/i0.wp.com\/fmahaiti.org\/site\/wp-content\/uploads\/2025\/02\/WhatsApp-Image-2025-02-07-at-15.53.59.jpeg?resize=768%2C1051&amp;ssl=1 768w, https:\/\/i0.wp.com\/fmahaiti.org\/site\/wp-content\/uploads\/2025\/02\/WhatsApp-Image-2025-02-07-at-15.53.59.jpeg?resize=1122%2C1536&amp;ssl=1 1122w, https:\/\/i0.wp.com\/fmahaiti.org\/site\/wp-content\/uploads\/2025\/02\/WhatsApp-Image-2025-02-07-at-15.53.59.jpeg?w=1455&amp;ssl=1 1455w\" sizes=\"auto, (max-width: 219px) 100vw, 219px\" \/>La conf\u00e9rence a \u00e9t\u00e9 un grand succ\u00e8s, notamment gr\u00e2ce \u00e0 l\u2019implication des \u00e9l\u00e8ves du secondaire IV, qui avaient invit\u00e9 plusieurs \u00e9coles voisines \u00e0 participer \u00e0 cet \u00e9v\u00e9nement enrichissant.<br \/>La f\u00eate de Saint Thomas d&rsquo;Aquin a continu\u00e9 avec une derni\u00e8re c\u00e9l\u00e9bration pr\u00e9vue pour le samedi 2 f\u00e9vrier : un apr\u00e8s-midi de gala \u201cAll Black\u201d, r\u00e9serv\u00e9 aux \u00e9l\u00e8ves du nouveau secondaire IV. Cette soir\u00e9e a \u00e9t\u00e9 l\u2019occasion pour tous de c\u00e9l\u00e9brer l\u2019esprit de fraternit\u00e9 et de partager un moment convivial. <br \/>\u00c0 travers cette f\u00eate, le Coll\u00e8ge Marie Dominique Mazzarello a voulu non seulement rendre hommage \u00e0 Saint Thomas d\u2019Aquin, mais aussi encourager ses \u00e9l\u00e8ves \u00e0 s\u2019engager dans une r\u00e9flexion profonde sur leur avenir, leur r\u00f4le dans la soci\u00e9t\u00e9 et la mani\u00e8re dont ils peuvent contribuer \u00e0 b\u00e2tir un monde meilleur. Les enseignements de Saint Thomas d\u2019Aquin, qui ont su allier foi et raison, sont plus que jamais pertinents pour guider les jeunes g\u00e9n\u00e9rations dans leur qu\u00eate de sagesse et de v\u00e9rit\u00e9.<br \/>S\u0153ur Yves Marie Anastha AZOR, responsable de communication pour la communaut\u00e9 Marie Dominique Mazzarello de P\u00e9tion-Ville.<\/p>\r\n<p><img data-recalc-dims=\"1\" loading=\"lazy\" decoding=\"async\" class=\"alignleft wp-image-11534 size-medium\" src=\"https:\/\/i0.wp.com\/fmahaiti.org\/site\/wp-content\/uploads\/2025\/02\/WhatsApp-Image-2025-02-07-at-15.50.31.jpeg?resize=300%2C204&#038;ssl=1\" alt=\"\" width=\"300\" height=\"204\" srcset=\"https:\/\/i0.wp.com\/fmahaiti.org\/site\/wp-content\/uploads\/2025\/02\/WhatsApp-Image-2025-02-07-at-15.50.31.jpeg?resize=300%2C204&amp;ssl=1 300w, https:\/\/i0.wp.com\/fmahaiti.org\/site\/wp-content\/uploads\/2025\/02\/WhatsApp-Image-2025-02-07-at-15.50.31.jpeg?resize=1024%2C696&amp;ssl=1 1024w, https:\/\/i0.wp.com\/fmahaiti.org\/site\/wp-content\/uploads\/2025\/02\/WhatsApp-Image-2025-02-07-at-15.50.31.jpeg?resize=768%2C522&amp;ssl=1 768w, https:\/\/i0.wp.com\/fmahaiti.org\/site\/wp-content\/uploads\/2025\/02\/WhatsApp-Image-2025-02-07-at-15.50.31.jpeg?resize=1536%2C1043&amp;ssl=1 1536w, https:\/\/i0.wp.com\/fmahaiti.org\/site\/wp-content\/uploads\/2025\/02\/WhatsApp-Image-2025-02-07-at-15.50.31.jpeg?resize=2048%2C1391&amp;ssl=1 2048w, https:\/\/i0.wp.com\/fmahaiti.org\/site\/wp-content\/uploads\/2025\/02\/WhatsApp-Image-2025-02-07-at-15.50.31.jpeg?w=1686&amp;ssl=1 1686w, https:\/\/i0.wp.com\/fmahaiti.org\/site\/wp-content\/uploads\/2025\/02\/WhatsApp-Image-2025-02-07-at-15.50.31.jpeg?w=2529&amp;ssl=1 2529w\" sizes=\"auto, (max-width: 300px) 100vw, 300px\" \/> <img data-recalc-dims=\"1\" loading=\"lazy\" decoding=\"async\" class=\"alignright wp-image-11532 size-medium\" src=\"https:\/\/i0.wp.com\/fmahaiti.org\/site\/wp-content\/uploads\/2025\/02\/WhatsApp-Image-2025-02-07-at-15.50.31-1.jpeg?resize=300%2C253&#038;ssl=1\" alt=\"\" width=\"300\" height=\"253\" srcset=\"https:\/\/i0.wp.com\/fmahaiti.org\/site\/wp-content\/uploads\/2025\/02\/WhatsApp-Image-2025-02-07-at-15.50.31-1.jpeg?resize=300%2C253&amp;ssl=1 300w, https:\/\/i0.wp.com\/fmahaiti.org\/site\/wp-content\/uploads\/2025\/02\/WhatsApp-Image-2025-02-07-at-15.50.31-1.jpeg?resize=1024%2C863&amp;ssl=1 1024w, https:\/\/i0.wp.com\/fmahaiti.org\/site\/wp-content\/uploads\/2025\/02\/WhatsApp-Image-2025-02-07-at-15.50.31-1.jpeg?resize=768%2C647&amp;ssl=1 768w, https:\/\/i0.wp.com\/fmahaiti.org\/site\/wp-content\/uploads\/2025\/02\/WhatsApp-Image-2025-02-07-at-15.50.31-1.jpeg?resize=1536%2C1295&amp;ssl=1 1536w, https:\/\/i0.wp.com\/fmahaiti.org\/site\/wp-content\/uploads\/2025\/02\/WhatsApp-Image-2025-02-07-at-15.50.31-1.jpeg?w=1878&amp;ssl=1 1878w, https:\/\/i0.wp.com\/fmahaiti.org\/site\/wp-content\/uploads\/2025\/02\/WhatsApp-Image-2025-02-07-at-15.50.31-1.jpeg?w=1686&amp;ssl=1 1686w\" sizes=\"auto, (max-width: 300px) 100vw, 300px\" \/><\/p>\r\n","protected":false},"excerpt":{"rendered":"<p>Le 28 janvier 2025, le Coll\u00e8ge Marie Dominique Mazzarello a c\u00e9l\u00e9br\u00e9 la f\u00eate de Saint Thomas d&rsquo;Aquin, patron des philosophes, une journ\u00e9e marqu\u00e9e par la&hellip;<\/p>\n","protected":false},"author":16,"featured_media":11529,"comment_status":"open","ping_status":"open","sticky":false,"template":"","format":"standard","meta":{"_jetpack_memberships_contains_paid_content":false,"footnotes":"","jetpack_publicize_message":"","jetpack_publicize_feature_enabled":true,"jetpack_social_post_already_shared":true,"jetpack_social_options":{"image_generator_settings":{"template":"highway","default_image_id":0,"font":"","enabled":false},"version":2}},"categories":[17,9],"tags":[],"class_list":["post-11516","post","type-post","status-publish","format-standard","has-post-thumbnail","hentry","category-eglise","category-jeunes"],"jetpack_publicize_connections":[],"jetpack_featured_media_url":"https:\/\/i0.wp.com\/fmahaiti.org\/site\/wp-content\/uploads\/2025\/02\/WhatsApp-Image-2025-02-07-at-15.34.00-2.jpeg?fit=2560%2C1003&ssl=1","jetpack_sharing_enabled":true,"jetpack_shortlink":"https:\/\/wp.me\/pcR5kd-2ZK","jetpack-related-posts":[{"id":10815,"url":"https:\/\/fmahaiti.org\/site\/2024\/12\/30\/un-noel-inoubliable-la-benediction-pastorale-de-mgr-sander-louis-jean\/","url_meta":{"origin":11516,"position":0},"title":"\u00ab\u00a0Un No\u00ebl Inoubliable : La B\u00e9n\u00e9diction Pastorale de Mgr Sander Louis-Jean\u00a0\u00bb","author":"Dominique Mazzarello Petion-Ville","date":"30 d\u00e9cembre 2024","format":false,"excerpt":"Dans une atmosph\u00e8re empreinte de respect, de joie et de fiert\u00e9, le Coll\u00e8ge Marie Dominique Mazzarello a re\u00e7u, le mercredi 17 d\u00e9cembre, la visite de Mgr Sander Louis-Jean, \u00e9v\u00eaque auxiliaire de l\u2019archidioc\u00e8se de Port-au-Prince.\u00c0 l\u2019heure du mot du jour, les \u00e9l\u00e8ves se sont rassembl\u00e9s dans la cour pour accueillir Monseigneur\u2026","rel":"","context":"Dans &quot;Eglise&quot;","block_context":{"text":"Eglise","link":"https:\/\/fmahaiti.org\/site\/category\/eglise\/"},"img":{"alt_text":"","src":"https:\/\/i0.wp.com\/fmahaiti.org\/site\/wp-content\/uploads\/2024\/12\/IMG_20241218_091736_630%401650186126-scaled.jpg?fit=1200%2C785&ssl=1&resize=350%2C200","width":350,"height":200,"srcset":"https:\/\/i0.wp.com\/fmahaiti.org\/site\/wp-content\/uploads\/2024\/12\/IMG_20241218_091736_630%401650186126-scaled.jpg?fit=1200%2C785&ssl=1&resize=350%2C200 1x, https:\/\/i0.wp.com\/fmahaiti.org\/site\/wp-content\/uploads\/2024\/12\/IMG_20241218_091736_630%401650186126-scaled.jpg?fit=1200%2C785&ssl=1&resize=525%2C300 1.5x, https:\/\/i0.wp.com\/fmahaiti.org\/site\/wp-content\/uploads\/2024\/12\/IMG_20241218_091736_630%401650186126-scaled.jpg?fit=1200%2C785&ssl=1&resize=700%2C400 2x, https:\/\/i0.wp.com\/fmahaiti.org\/site\/wp-content\/uploads\/2024\/12\/IMG_20241218_091736_630%401650186126-scaled.jpg?fit=1200%2C785&ssl=1&resize=1050%2C600 3x"},"classes":[]},{"id":11512,"url":"https:\/\/fmahaiti.org\/site\/2025\/02\/10\/la-fete-de-saint-jean-bosco-au-college-marie-dominique-mazzarello\/","url_meta":{"origin":11516,"position":1},"title":"\u00ab\u00a0La f\u00eate de Saint Jean Bosco au Coll\u00e8ge Marie Dominique Mazzarello\u00a0\u00bb","author":"Dominique Mazzarello Petion-Ville","date":"10 f\u00e9vrier 2025","format":false,"excerpt":"Du 29 au 31 janvier 2025, le Coll\u00e8ge Marie Dominique Mazzarello a v\u00e9cu trois jours de festivit\u00e9s d\u00e9di\u00e9s \u00e0 Saint Jean Bosco, une occasion de rendre gr\u00e2ce pour son h\u00e9ritage spirituel et \u00e9ducatif. Chaque journ\u00e9e a \u00e9t\u00e9 marqu\u00e9e par des moments forts, m\u00ealant pri\u00e8re, culture et solidarit\u00e9, dans une ambiance\u2026","rel":"","context":"Dans &quot;Espace Jeunes&quot;","block_context":{"text":"Espace Jeunes","link":"https:\/\/fmahaiti.org\/site\/category\/jeunes\/"},"img":{"alt_text":"","src":"https:\/\/i0.wp.com\/fmahaiti.org\/site\/wp-content\/uploads\/2025\/02\/WhatsApp-Image-2025-02-07-at-14.48.15-2.jpeg?fit=1190%2C597&ssl=1&resize=350%2C200","width":350,"height":200,"srcset":"https:\/\/i0.wp.com\/fmahaiti.org\/site\/wp-content\/uploads\/2025\/02\/WhatsApp-Image-2025-02-07-at-14.48.15-2.jpeg?fit=1190%2C597&ssl=1&resize=350%2C200 1x, https:\/\/i0.wp.com\/fmahaiti.org\/site\/wp-content\/uploads\/2025\/02\/WhatsApp-Image-2025-02-07-at-14.48.15-2.jpeg?fit=1190%2C597&ssl=1&resize=525%2C300 1.5x, https:\/\/i0.wp.com\/fmahaiti.org\/site\/wp-content\/uploads\/2025\/02\/WhatsApp-Image-2025-02-07-at-14.48.15-2.jpeg?fit=1190%2C597&ssl=1&resize=700%2C400 2x, https:\/\/i0.wp.com\/fmahaiti.org\/site\/wp-content\/uploads\/2025\/02\/WhatsApp-Image-2025-02-07-at-14.48.15-2.jpeg?fit=1190%2C597&ssl=1&resize=1050%2C600 3x"},"classes":[]},{"id":7872,"url":"https:\/\/fmahaiti.org\/site\/2024\/03\/04\/visite-pastorale-de-larcheveque-metropolitain-de-port-au-prince-au-cmdm\/","url_meta":{"origin":11516,"position":2},"title":"Visite Pastorale de l\u2019Archev\u00eaque m\u00e9tropolitain de Port au Prince au CMDM","author":"Dominique Mazzarello Petion-Ville","date":"4 mars 2024","format":false,"excerpt":"Au milieu des d\u00e9boires que connait notre pays et de la d\u00e9tresse de l\u2019\u00c9glise d\u2019Ha\u00efti qui voit ses fils, s\u00e9questr\u00e9s et pourchass\u00e9s de leurs lieux de mission, \u00e0 la communaut\u00e9 Marie Dominique Mazzarello, une visite inou\u00efe vient rallumer notre esp\u00e9rance et raffermir notre foi.En effet nous accueillons l\u2019Archev\u00eaque m\u00e9tropolitain de\u2026","rel":"","context":"Dans &quot;Eglise&quot;","block_context":{"text":"Eglise","link":"https:\/\/fmahaiti.org\/site\/category\/eglise\/"},"img":{"alt_text":"","src":"https:\/\/i0.wp.com\/fmahaiti.org\/site\/wp-content\/uploads\/2024\/03\/WhatsApp-Image-2024-03-02-at-03.56.54-3.jpeg?fit=1200%2C900&ssl=1&resize=350%2C200","width":350,"height":200,"srcset":"https:\/\/i0.wp.com\/fmahaiti.org\/site\/wp-content\/uploads\/2024\/03\/WhatsApp-Image-2024-03-02-at-03.56.54-3.jpeg?fit=1200%2C900&ssl=1&resize=350%2C200 1x, https:\/\/i0.wp.com\/fmahaiti.org\/site\/wp-content\/uploads\/2024\/03\/WhatsApp-Image-2024-03-02-at-03.56.54-3.jpeg?fit=1200%2C900&ssl=1&resize=525%2C300 1.5x, https:\/\/i0.wp.com\/fmahaiti.org\/site\/wp-content\/uploads\/2024\/03\/WhatsApp-Image-2024-03-02-at-03.56.54-3.jpeg?fit=1200%2C900&ssl=1&resize=700%2C400 2x, https:\/\/i0.wp.com\/fmahaiti.org\/site\/wp-content\/uploads\/2024\/03\/WhatsApp-Image-2024-03-02-at-03.56.54-3.jpeg?fit=1200%2C900&ssl=1&resize=1050%2C600 3x"},"classes":[]},{"id":12128,"url":"https:\/\/fmahaiti.org\/site\/2025\/05\/15\/hommage-a-une-educatrice-passionnee-sainte-marie-dominique-mazzarello\/","url_meta":{"origin":11516,"position":3},"title":"Hommage \u00e0 une \u00e9ducatrice passionn\u00e9e : Sainte Marie Dominique Mazzarello","author":"Sacre-Coeur Hinche","date":"15 mai 2025","format":false,"excerpt":"La communaut\u00e9 du Sacr\u00e9-C\u0153ur de Hinche a vibr\u00e9 au rythme de la foi et de la gratitude en honorant Sainte Marie Dominique Mazzarello, cofondatrice de l'Institut des Filles de Marie Auxiliatrice. Les festivit\u00e9s ont culmin\u00e9 le mardi 13 mai, jour d\u00e9di\u00e9 \u00e0 cette figure inspirante, pr\u00e9c\u00e9d\u00e9es d'une messe significative le\u2026","rel":"","context":"Dans &quot;Eglise&quot;","block_context":{"text":"Eglise","link":"https:\/\/fmahaiti.org\/site\/category\/eglise\/"},"img":{"alt_text":"","src":"https:\/\/i0.wp.com\/fmahaiti.org\/site\/wp-content\/uploads\/2025\/05\/IMG-20250514-WA0041.jpg?fit=1020%2C690&ssl=1&resize=350%2C200","width":350,"height":200,"srcset":"https:\/\/i0.wp.com\/fmahaiti.org\/site\/wp-content\/uploads\/2025\/05\/IMG-20250514-WA0041.jpg?fit=1020%2C690&ssl=1&resize=350%2C200 1x, https:\/\/i0.wp.com\/fmahaiti.org\/site\/wp-content\/uploads\/2025\/05\/IMG-20250514-WA0041.jpg?fit=1020%2C690&ssl=1&resize=525%2C300 1.5x, https:\/\/i0.wp.com\/fmahaiti.org\/site\/wp-content\/uploads\/2025\/05\/IMG-20250514-WA0041.jpg?fit=1020%2C690&ssl=1&resize=700%2C400 2x"},"classes":[]},{"id":12208,"url":"https:\/\/fmahaiti.org\/site\/2025\/06\/05\/linstitution-marie-auxiliatrice-celebre-avec-ferveur-sainte-marie-dominique-mazzarello\/","url_meta":{"origin":11516,"position":4},"title":"L\u2019institution Marie Auxiliatrice C\u00e9l\u00e8bre avec Ferveur Sainte Marie Dominique Mazzarello","author":"Marie Auxiliatrice Cap-Haitien","date":"5 juin 2025","format":false,"excerpt":"\u00a0 \u00a0 Le mardi 13 Mai 2025 restera grav\u00e9 dans les m\u00e9moires des \u00e9l\u00e8ves du cours secondaire de l\u2019Institution Marie Auxiliatrice du Cap-Ha\u00eftien. En ce jour empreint de solennit\u00e9, la communaut\u00e9 \u00e9ducative s'est rassembl\u00e9e pour c\u00e9l\u00e9brer avec une joie et une d\u00e9votion palpables Sainte Marie Dominique Mazzarello, figure inspirante et\u2026","rel":"","context":"Dans &quot;Eglise&quot;","block_context":{"text":"Eglise","link":"https:\/\/fmahaiti.org\/site\/category\/eglise\/"},"img":{"alt_text":"","src":"https:\/\/i0.wp.com\/fmahaiti.org\/site\/wp-content\/uploads\/2025\/05\/IMG_20250513_094847674_HDR-scaled.jpg?fit=1027%2C1200&ssl=1&resize=350%2C200","width":350,"height":200,"srcset":"https:\/\/i0.wp.com\/fmahaiti.org\/site\/wp-content\/uploads\/2025\/05\/IMG_20250513_094847674_HDR-scaled.jpg?fit=1027%2C1200&ssl=1&resize=350%2C200 1x, https:\/\/i0.wp.com\/fmahaiti.org\/site\/wp-content\/uploads\/2025\/05\/IMG_20250513_094847674_HDR-scaled.jpg?fit=1027%2C1200&ssl=1&resize=525%2C300 1.5x, https:\/\/i0.wp.com\/fmahaiti.org\/site\/wp-content\/uploads\/2025\/05\/IMG_20250513_094847674_HDR-scaled.jpg?fit=1027%2C1200&ssl=1&resize=700%2C400 2x"},"classes":[]},{"id":2893,"url":"https:\/\/fmahaiti.org\/site\/2022\/01\/12\/festi-noel-au-college-marie-dominique-mazzarello\/","url_meta":{"origin":11516,"position":5},"title":"Festi No\u00ebl au Coll\u00e8ge Marie Dominique Mazzarello","author":"Sr Monette Octave","date":"12 janvier 2022","format":false,"excerpt":"\u00ab\u00a0Unissons-nous pour c\u00e9l\u00e9brer la Noel dans un environnement de z\u00e9ro d\u00e9chets.\u00a0\u00bb Tel est le th\u00e8me autour duquel, les \u00e9l\u00e8ves du Coll\u00e8ge Marie Dominique MAZZARELLO ont c\u00e9l\u00e9br\u00e9 la No\u00ebl 2021. C\u2019est No\u00ebl chaque fois qu\u2019on se donne la main, C\u2019est No\u00ebl chaque fois que l\u2019on partage\u2026 Bref, c\u2019est No\u00ebl sur la\u2026","rel":"","context":"Dans &quot;Noel&quot;","block_context":{"text":"Noel","link":"https:\/\/fmahaiti.org\/site\/category\/noel\/"},"img":{"alt_text":"","src":"https:\/\/i0.wp.com\/fmahaiti.org\/site\/wp-content\/uploads\/2022\/01\/IMG-20220114-WA0009.jpg?fit=1200%2C898&ssl=1&resize=350%2C200","width":350,"height":200,"srcset":"https:\/\/i0.wp.com\/fmahaiti.org\/site\/wp-content\/uploads\/2022\/01\/IMG-20220114-WA0009.jpg?fit=1200%2C898&ssl=1&resize=350%2C200 1x, https:\/\/i0.wp.com\/fmahaiti.org\/site\/wp-content\/uploads\/2022\/01\/IMG-20220114-WA0009.jpg?fit=1200%2C898&ssl=1&resize=525%2C300 1.5x, https:\/\/i0.wp.com\/fmahaiti.org\/site\/wp-content\/uploads\/2022\/01\/IMG-20220114-WA0009.jpg?fit=1200%2C898&ssl=1&resize=700%2C400 2x, https:\/\/i0.wp.com\/fmahaiti.org\/site\/wp-content\/uploads\/2022\/01\/IMG-20220114-WA0009.jpg?fit=1200%2C898&ssl=1&resize=1050%2C600 3x"},"classes":[]}],"_links":{"self":[{"href":"https:\/\/fmahaiti.org\/site\/wp-json\/wp\/v2\/posts\/11516","targetHints":{"allow":["GET"]}}],"collection":[{"href":"https:\/\/fmahaiti.org\/site\/wp-json\/wp\/v2\/posts"}],"about":[{"href":"https:\/\/fmahaiti.org\/site\/wp-json\/wp\/v2\/types\/post"}],"author":[{"embeddable":true,"href":"https:\/\/fmahaiti.org\/site\/wp-json\/wp\/v2\/users\/16"}],"replies":[{"embeddable":true,"href":"https:\/\/fmahaiti.org\/site\/wp-json\/wp\/v2\/comments?post=11516"}],"version-history":[{"count":3,"href":"https:\/\/fmahaiti.org\/site\/wp-json\/wp\/v2\/posts\/11516\/revisions"}],"predecessor-version":[{"id":11535,"href":"https:\/\/fmahaiti.org\/site\/wp-json\/wp\/v2\/posts\/11516\/revisions\/11535"}],"wp:featuredmedia":[{"embeddable":true,"href":"https:\/\/fmahaiti.org\/site\/wp-json\/wp\/v2\/media\/11529"}],"wp:attachment":[{"href":"https:\/\/fmahaiti.org\/site\/wp-json\/wp\/v2\/media?parent=11516"}],"wp:term":[{"taxonomy":"category","embeddable":true,"href":"https:\/\/fmahaiti.org\/site\/wp-json\/wp\/v2\/categories?post=11516"},{"taxonomy":"post_tag","embeddable":true,"href":"https:\/\/fmahaiti.org\/site\/wp-json\/wp\/v2\/tags?post=11516"}],"curies":[{"name":"wp","href":"https:\/\/api.w.org\/{rel}","templated":true}]}}