{"id":11514,"date":"2025-02-10T15:49:25","date_gmt":"2025-02-10T20:49:25","guid":{"rendered":"https:\/\/fmahaiti.org\/site\/?p=11514"},"modified":"2025-02-10T15:49:25","modified_gmt":"2025-02-10T20:49:25","slug":"une-fete-de-don-bosco-en-ludique","status":"publish","type":"post","link":"https:\/\/fmahaiti.org\/site\/2025\/02\/10\/une-fete-de-don-bosco-en-ludique\/","title":{"rendered":"Une f\u00eate de \u00a0Don Bosco en ludique!"},"content":{"rendered":"<p><img data-recalc-dims=\"1\" loading=\"lazy\" decoding=\"async\" class=\"alignleft wp-image-11522 size-medium\" src=\"https:\/\/i0.wp.com\/fmahaiti.org\/site\/wp-content\/uploads\/2025\/02\/InShot_20250210_000332108.jpg?resize=300%2C300&#038;ssl=1\" alt=\"\" width=\"300\" height=\"300\" srcset=\"https:\/\/i0.wp.com\/fmahaiti.org\/site\/wp-content\/uploads\/2025\/02\/InShot_20250210_000332108.jpg?resize=300%2C300&amp;ssl=1 300w, https:\/\/i0.wp.com\/fmahaiti.org\/site\/wp-content\/uploads\/2025\/02\/InShot_20250210_000332108.jpg?resize=1024%2C1024&amp;ssl=1 1024w, https:\/\/i0.wp.com\/fmahaiti.org\/site\/wp-content\/uploads\/2025\/02\/InShot_20250210_000332108.jpg?resize=150%2C150&amp;ssl=1 150w, https:\/\/i0.wp.com\/fmahaiti.org\/site\/wp-content\/uploads\/2025\/02\/InShot_20250210_000332108.jpg?resize=768%2C768&amp;ssl=1 768w, https:\/\/i0.wp.com\/fmahaiti.org\/site\/wp-content\/uploads\/2025\/02\/InShot_20250210_000332108.jpg?resize=1536%2C1536&amp;ssl=1 1536w, https:\/\/i0.wp.com\/fmahaiti.org\/site\/wp-content\/uploads\/2025\/02\/InShot_20250210_000332108.jpg?w=1920&amp;ssl=1 1920w, https:\/\/i0.wp.com\/fmahaiti.org\/site\/wp-content\/uploads\/2025\/02\/InShot_20250210_000332108.jpg?w=1686&amp;ssl=1 1686w\" sizes=\"auto, (max-width: 300px) 100vw, 300px\" \/>Le vendredi 31 janvier 2025 l\u2019Institution Marie R\u00e9gine des S\u0153urs Sal\u00e9siennes de Carrefour a c\u00e9l\u00e9br\u00e9 la solennit\u00e9 de la f\u00eate du Saint Fondateur de la grande Famille Sal\u00e9sienne Don Bosco, qui est \u00e0 la fois P\u00e8re et Ma\u00eetre de la jeunesse.<\/p>\n<p>La c\u00e9r\u00e9monie de cette journ\u00e9e festive a d\u00e9but\u00e9 \u00a0\u00e0 8 heures AM avec l\u2019Eucharistie, qui est l\u2019un des sacrements privil\u00e9gi\u00e9s de notre Saint Jean Bosco.\u00a0Le c\u00e9l\u00e9brant principal\u00a0: Le r\u00e9v\u00e9rend p\u00e8re Drood -Guy \u00a0Dupont Joseph, \u00a0Sal\u00e9sien de Don Bosco a fait un bref\u00a0 rappel sur cette figure embl\u00e9matique que nous c\u00e9l\u00e9brons. Sa devise \u00e9tait de sauver des \u00e2mes pour le Seigneur, il l\u2019a fait jusqu\u2019au terme de sa vie terrestre. En c\u00e9l\u00e9brant la nouvelle naissance de notre fondateur, le p\u00e8re nous a exhort\u00e9s \u00e0 vivre ces quatre points.<img data-recalc-dims=\"1\" loading=\"lazy\" decoding=\"async\" class=\"alignright wp-image-11523 size-medium\" src=\"https:\/\/i0.wp.com\/fmahaiti.org\/site\/wp-content\/uploads\/2025\/02\/IMG-20250131-WA0058.jpg?resize=300%2C139&#038;ssl=1\" alt=\"\" width=\"300\" height=\"139\" srcset=\"https:\/\/i0.wp.com\/fmahaiti.org\/site\/wp-content\/uploads\/2025\/02\/IMG-20250131-WA0058.jpg?resize=300%2C139&amp;ssl=1 300w, https:\/\/i0.wp.com\/fmahaiti.org\/site\/wp-content\/uploads\/2025\/02\/IMG-20250131-WA0058.jpg?resize=1024%2C476&amp;ssl=1 1024w, https:\/\/i0.wp.com\/fmahaiti.org\/site\/wp-content\/uploads\/2025\/02\/IMG-20250131-WA0058.jpg?resize=768%2C357&amp;ssl=1 768w, https:\/\/i0.wp.com\/fmahaiti.org\/site\/wp-content\/uploads\/2025\/02\/IMG-20250131-WA0058.jpg?resize=1536%2C713&amp;ssl=1 1536w, https:\/\/i0.wp.com\/fmahaiti.org\/site\/wp-content\/uploads\/2025\/02\/IMG-20250131-WA0058.jpg?w=1830&amp;ssl=1 1830w, https:\/\/i0.wp.com\/fmahaiti.org\/site\/wp-content\/uploads\/2025\/02\/IMG-20250131-WA0058.jpg?w=1686&amp;ssl=1 1686w\" sizes=\"auto, (max-width: 300px) 100vw, 300px\" \/><\/p>\n<p>1-Dieu veut que tous les hommes soient sauv\u00e9s<br \/>\n2-Pour \u00eatre sauv\u00e9 il faut aimer Dieu.<br \/>\n3-comment aimer Dieu\u00a0? En faisant des efforts pour vivre chaque jour selon sa Parole.<br \/>\n4- pour \u00eatre grand devant Dieu, il faut apprendre \u00e0 aimer et \u00e0 servir nos fr\u00e8res et s\u0153urs. Ce sont ces quatre pratiques qu\u2019il a invit\u00e9es les \u00e9l\u00e8ves \u00e0 vivre.<\/p>\n<p>Ce fut une belle messe, les \u00e9l\u00e8ves \u00a0ont particip\u00e9 activement dans cette partie spirituelle.<\/p>\n<p><img data-recalc-dims=\"1\" loading=\"lazy\" decoding=\"async\" class=\"alignleft wp-image-11525 size-medium\" src=\"https:\/\/i0.wp.com\/fmahaiti.org\/site\/wp-content\/uploads\/2025\/02\/InShot_20250210_000530395.jpg?resize=300%2C300&#038;ssl=1\" alt=\"\" width=\"300\" height=\"300\" srcset=\"https:\/\/i0.wp.com\/fmahaiti.org\/site\/wp-content\/uploads\/2025\/02\/InShot_20250210_000530395.jpg?resize=300%2C300&amp;ssl=1 300w, https:\/\/i0.wp.com\/fmahaiti.org\/site\/wp-content\/uploads\/2025\/02\/InShot_20250210_000530395.jpg?resize=1024%2C1024&amp;ssl=1 1024w, https:\/\/i0.wp.com\/fmahaiti.org\/site\/wp-content\/uploads\/2025\/02\/InShot_20250210_000530395.jpg?resize=150%2C150&amp;ssl=1 150w, https:\/\/i0.wp.com\/fmahaiti.org\/site\/wp-content\/uploads\/2025\/02\/InShot_20250210_000530395.jpg?resize=768%2C768&amp;ssl=1 768w, https:\/\/i0.wp.com\/fmahaiti.org\/site\/wp-content\/uploads\/2025\/02\/InShot_20250210_000530395.jpg?resize=1536%2C1536&amp;ssl=1 1536w, https:\/\/i0.wp.com\/fmahaiti.org\/site\/wp-content\/uploads\/2025\/02\/InShot_20250210_000530395.jpg?w=1920&amp;ssl=1 1920w, https:\/\/i0.wp.com\/fmahaiti.org\/site\/wp-content\/uploads\/2025\/02\/InShot_20250210_000530395.jpg?w=1686&amp;ssl=1 1686w\" sizes=\"auto, (max-width: 300px) 100vw, 300px\" \/>\u00ab\u00a0Sautez, bondissez, jouez \u00a0pourvu que vous ne commettiez pas de p\u00e9ch\u00e9.\u00a0\u00bb disait Jean Bosco.<br \/>\nApr\u00e8s avoir fini de \u00a0ressourcer notre \u00e2me, c\u2019est exactement \u00a0ce que les acteurs et athl\u00e8tes \u00a0avec l\u2019aide des moniteurs ont fait. Sous le th\u00e8me\u00a0:\u00a0\u00ab\u00a0Faisons du sport pour \u00eatre fort.\u00a0\u00bb Pour donner un nouvel \u00e9lan aux activit\u00e9s parascolaires de l\u2019\u00e9cole, la Direction de concert avec\u00a0 les moniteurs ont choisi de rehausser l\u2019\u00e9clat de cette f\u00eate par un d\u00e9fil\u00e9 avec \u00a0la fanfare de l\u2019\u00e9cole, des danses folkloriques, des championnats \u00a0\u00e9l\u00e8ves face professeurs (volley Ball, football ) et des jeux\u00a0:(course \u00e0 sac, \u0153uf). \u00a0Un public enthousiasm\u00e9 qui applaudissait les \u00e9quipes, la cour de l\u2019\u00e9cole \u00e9tait mouvement\u00e9e, les enfants\u00a0 v\u00eatus de leur\u00a0 short bleu \u00e9taient fiers et contents. C\u2019\u00e9tait une journ\u00e9e \u00a0ensoleill\u00e9e par des \u00e9clats de rire et de divertissement\u00a0!<img data-recalc-dims=\"1\" loading=\"lazy\" decoding=\"async\" class=\"alignright wp-image-11524 size-medium\" src=\"https:\/\/i0.wp.com\/fmahaiti.org\/site\/wp-content\/uploads\/2025\/02\/InShot_20250209_234511292.jpg?resize=300%2C296&#038;ssl=1\" alt=\"\" width=\"300\" height=\"296\" srcset=\"https:\/\/i0.wp.com\/fmahaiti.org\/site\/wp-content\/uploads\/2025\/02\/InShot_20250209_234511292.jpg?resize=300%2C296&amp;ssl=1 300w, https:\/\/i0.wp.com\/fmahaiti.org\/site\/wp-content\/uploads\/2025\/02\/InShot_20250209_234511292.jpg?resize=1024%2C1009&amp;ssl=1 1024w, https:\/\/i0.wp.com\/fmahaiti.org\/site\/wp-content\/uploads\/2025\/02\/InShot_20250209_234511292.jpg?resize=768%2C757&amp;ssl=1 768w, https:\/\/i0.wp.com\/fmahaiti.org\/site\/wp-content\/uploads\/2025\/02\/InShot_20250209_234511292.jpg?resize=1536%2C1513&amp;ssl=1 1536w, https:\/\/i0.wp.com\/fmahaiti.org\/site\/wp-content\/uploads\/2025\/02\/InShot_20250209_234511292.jpg?w=1830&amp;ssl=1 1830w, https:\/\/i0.wp.com\/fmahaiti.org\/site\/wp-content\/uploads\/2025\/02\/InShot_20250209_234511292.jpg?w=1686&amp;ssl=1 1686w\" sizes=\"auto, (max-width: 300px) 100vw, 300px\" \/><\/p>\n<p>Cette journ\u00e9e festive et sportive \u00a0a pris fin vers 3h PM, les enfants, professeurs et quelques parents qui \u00e9taient pr\u00e9sents sont partis joyeux car ce fut une f\u00eate sp\u00e9ciale cette ann\u00e9e.<\/p>\n<p>Nous esp\u00e9rons que cette journ\u00e9e apportera du fruit dans la vie des destinataires du CMR.<\/p>\n<p>Que Saint Jean Bosco continue d\u2019interc\u00e9der \u00a0pour notre jeunesse\u00a0!<\/p>\n<p>&nbsp;<\/p>\n<p>S\u0153ur Johana Pierre antenne de communication pour la communaut\u00e9 de Marie R\u00e9gine.<\/p>\n","protected":false},"excerpt":{"rendered":"<p>Le vendredi 31 janvier 2025 l\u2019Institution Marie R\u00e9gine des S\u0153urs Sal\u00e9siennes de Carrefour a c\u00e9l\u00e9br\u00e9 la solennit\u00e9 de la f\u00eate du Saint Fondateur de la&hellip;<\/p>\n","protected":false},"author":19,"featured_media":11525,"comment_status":"open","ping_status":"open","sticky":false,"template":"","format":"standard","meta":{"_jetpack_memberships_contains_paid_content":false,"footnotes":"","jetpack_publicize_message":"","jetpack_publicize_feature_enabled":true,"jetpack_social_post_already_shared":true,"jetpack_social_options":{"image_generator_settings":{"template":"highway","default_image_id":0,"font":"","enabled":false},"version":2}},"categories":[4],"tags":[],"class_list":["post-11514","post","type-post","status-publish","format-standard","has-post-thumbnail","hentry","category-fetes"],"jetpack_publicize_connections":[],"jetpack_featured_media_url":"https:\/\/i0.wp.com\/fmahaiti.org\/site\/wp-content\/uploads\/2025\/02\/InShot_20250210_000530395.jpg?fit=1920%2C1920&ssl=1","jetpack_sharing_enabled":true,"jetpack_shortlink":"https:\/\/wp.me\/pcR5kd-2ZI","jetpack-related-posts":[{"id":4730,"url":"https:\/\/fmahaiti.org\/site\/2023\/02\/02\/une-grande-fete-pour-don-bosco\/","url_meta":{"origin":11514,"position":0},"title":"Une grande f\u00eate pour Don Bosco","author":"Sr. Marie Pierrette Louijuste","date":"2 f\u00e9vrier 2023","format":false,"excerpt":"Une grande f\u00eate pour Don Bosco \"Dans son admirable providence le Seigneur \u00e0 donner a Don Bosco un coeur grand comme les rivages de la mer ! Dans un ce m\u00eame dessein de saintet\u00e9 et de gr\u00e2ce\u00a0 il l'a institu\u00e9 p\u00e8re et ma\u00eetre de la jeunesse! La jeunesse\"\u00a0 Pour rendre\u2026","rel":"","context":"Dans &quot;Famille Sal\u00e9sienne&quot;","block_context":{"text":"Famille Sal\u00e9sienne","link":"https:\/\/fmahaiti.org\/site\/category\/famille-salesienne\/"},"img":{"alt_text":"","src":"https:\/\/i0.wp.com\/fmahaiti.org\/site\/wp-content\/uploads\/2023\/02\/bosco-1.jpg?fit=960%2C720&ssl=1&resize=350%2C200","width":350,"height":200,"srcset":"https:\/\/i0.wp.com\/fmahaiti.org\/site\/wp-content\/uploads\/2023\/02\/bosco-1.jpg?fit=960%2C720&ssl=1&resize=350%2C200 1x, https:\/\/i0.wp.com\/fmahaiti.org\/site\/wp-content\/uploads\/2023\/02\/bosco-1.jpg?fit=960%2C720&ssl=1&resize=525%2C300 1.5x, https:\/\/i0.wp.com\/fmahaiti.org\/site\/wp-content\/uploads\/2023\/02\/bosco-1.jpg?fit=960%2C720&ssl=1&resize=700%2C400 2x"},"classes":[]},{"id":11446,"url":"https:\/\/fmahaiti.org\/site\/2025\/02\/01\/don-bosco-au-milieu-de-ses-enfants-et-ses-jeunes-aux-anses-a-pitres\/","url_meta":{"origin":11514,"position":1},"title":"Don Bosco au milieu de ses enfants et ses jeunes aux Anses-\u00e0-Pitres!","author":"Sr Monette Octave","date":"1 f\u00e9vrier 2025","format":false,"excerpt":"Aujourd\u2019hui gr\u00e2ce \u00e0 cette figure extraordinaire qu\u2019est Don Bosco nous sentons r\u00e9sonner en nous fortement cette parole\u00a0:\u00a0\u00abLes jeunes ne doivent pas seulement \u00eatre aim\u00e9s, ils doivent se sentir aim\u00e9s\u00a0\u00bb \u00a0Notre\u00a0 Saint Jean Bosco, pr\u00eatre et \u00e9ducateur, qui a marqu\u00e9 les esprits par sa m\u00e9thode \u00e9ducative pleine de douceur, nous donne\u2026","rel":"","context":"Dans &quot;Eglise&quot;","block_context":{"text":"Eglise","link":"https:\/\/fmahaiti.org\/site\/category\/eglise\/"},"img":{"alt_text":"","src":"https:\/\/i0.wp.com\/fmahaiti.org\/site\/wp-content\/uploads\/2025\/02\/IMG_20250131_121352_967-scaled.jpg?fit=1200%2C1200&ssl=1&resize=350%2C200","width":350,"height":200,"srcset":"https:\/\/i0.wp.com\/fmahaiti.org\/site\/wp-content\/uploads\/2025\/02\/IMG_20250131_121352_967-scaled.jpg?fit=1200%2C1200&ssl=1&resize=350%2C200 1x, https:\/\/i0.wp.com\/fmahaiti.org\/site\/wp-content\/uploads\/2025\/02\/IMG_20250131_121352_967-scaled.jpg?fit=1200%2C1200&ssl=1&resize=525%2C300 1.5x, https:\/\/i0.wp.com\/fmahaiti.org\/site\/wp-content\/uploads\/2025\/02\/IMG_20250131_121352_967-scaled.jpg?fit=1200%2C1200&ssl=1&resize=700%2C400 2x, https:\/\/i0.wp.com\/fmahaiti.org\/site\/wp-content\/uploads\/2025\/02\/IMG_20250131_121352_967-scaled.jpg?fit=1200%2C1200&ssl=1&resize=1050%2C600 3x"},"classes":[]},{"id":7661,"url":"https:\/\/fmahaiti.org\/site\/2024\/02\/05\/sans-foule-celebrons-notre-fondateur-avec-grandeur-et-ferveur\/","url_meta":{"origin":11514,"position":2},"title":"Sans foule,  C\u00e9l\u00e9brons notre Fondateur  avec grandeur et ferveur.","author":"Dominique Mazzarello Petion-Ville","date":"5 f\u00e9vrier 2024","format":false,"excerpt":"Alors que le coll\u00e8ge Marie Dominique Mazzarello, se pr\u00e9pare \u00e0 c\u00e9l\u00e9brer la f\u00eate de notre P\u00e8re Saint Jean Bosco, une gr\u00e8ve intervient pour les 29-30-et 31 janvier 2024 sous l\u2019initiative de la Brigade syndicale anti-corruption(BSAC).Une situation qui nous contraint de c\u00e9l\u00e9brer le p\u00e8re et maitre de la jeunesse, sans les\u2026","rel":"","context":"Dans &quot;Eglise&quot;","block_context":{"text":"Eglise","link":"https:\/\/fmahaiti.org\/site\/category\/eglise\/"},"img":{"alt_text":"","src":"https:\/\/i0.wp.com\/fmahaiti.org\/site\/wp-content\/uploads\/2024\/02\/WhatsApp-Image-2024-02-04-at-11.20.08.jpeg?fit=449%2C869&ssl=1&resize=350%2C200","width":350,"height":200},"classes":[]},{"id":14389,"url":"https:\/\/fmahaiti.org\/site\/2026\/02\/02\/celebration-de-la-saint-jean-bosco-a-linstitution-marie-regine\/","url_meta":{"origin":11514,"position":3},"title":"C\u00e9l\u00e9bration de la Saint-Jean Bosco \u00e0 l&rsquo;Institution Marie R\u00e9gine","author":"Marie Regine Thorland","date":"2 f\u00e9vrier 2026","format":false,"excerpt":"La Communaut\u00e9 \u00e9ducative de l\u2019Institution Marie R\u00e9gine des S\u0153urs Sal\u00e9siennes de Carrefour a c\u00e9l\u00e9br\u00e9 dans la foi et la ferveur, les vendredi 30 et samedi 31 janvier 2026, la solennit\u00e9 de la f\u00eate de Saint Jean Bosco, p\u00e8re et ma\u00eetre de la jeunesse. Fid\u00e8les aux souhaits du saint patron, les\u2026","rel":"","context":"Dans &quot;Famille Sal\u00e9sienne&quot;","block_context":{"text":"Famille Sal\u00e9sienne","link":"https:\/\/fmahaiti.org\/site\/category\/famille-salesienne\/"},"img":{"alt_text":"","src":"https:\/\/i0.wp.com\/fmahaiti.org\/site\/wp-content\/uploads\/2026\/02\/IMG-20260201-WA0188.jpg?fit=1200%2C679&ssl=1&resize=350%2C200","width":350,"height":200,"srcset":"https:\/\/i0.wp.com\/fmahaiti.org\/site\/wp-content\/uploads\/2026\/02\/IMG-20260201-WA0188.jpg?fit=1200%2C679&ssl=1&resize=350%2C200 1x, https:\/\/i0.wp.com\/fmahaiti.org\/site\/wp-content\/uploads\/2026\/02\/IMG-20260201-WA0188.jpg?fit=1200%2C679&ssl=1&resize=525%2C300 1.5x, https:\/\/i0.wp.com\/fmahaiti.org\/site\/wp-content\/uploads\/2026\/02\/IMG-20260201-WA0188.jpg?fit=1200%2C679&ssl=1&resize=700%2C400 2x, https:\/\/i0.wp.com\/fmahaiti.org\/site\/wp-content\/uploads\/2026\/02\/IMG-20260201-WA0188.jpg?fit=1200%2C679&ssl=1&resize=1050%2C600 3x"},"classes":[]},{"id":14337,"url":"https:\/\/fmahaiti.org\/site\/2026\/02\/01\/celebration-de-la-fete-de-saint-jean-bosco-et-anniversaire-des-ecoles-eni-et-cps\/","url_meta":{"origin":11514,"position":4},"title":"C\u00e9l\u00e9bration de la f\u00eate de Saint Jean Bosco  et anniversaire des \u00e9coles ENI et CPS","author":"Madeleine Morano Jacmel","date":"1 f\u00e9vrier 2026","format":false,"excerpt":"La Famille sal\u00e9sienne a c\u00e9l\u00e9br\u00e9 avec joie la f\u00eate de Saint Jean Bosco, grand \u00e9ducateur et p\u00e9dagogue du XIX\u1d49 si\u00e8cle, qui a consacr\u00e9 toute sa vie \u00e0 l\u2019\u00e9ducation et \u00e0 l\u2019accompagnement des jeunes, en particulier les plus pauvres et les plus abandonn\u00e9s. Cette c\u00e9l\u00e9bration a \u00e9t\u00e9 \u00e9galement l\u2019occasion de marquer\u2026","rel":"","context":"Dans &quot;\u00c9ducation&quot;","block_context":{"text":"\u00c9ducation","link":"https:\/\/fmahaiti.org\/site\/category\/education\/"},"img":{"alt_text":"","src":"https:\/\/i0.wp.com\/fmahaiti.org\/site\/wp-content\/uploads\/2026\/02\/thumbnail-2.jpeg?fit=960%2C702&ssl=1&resize=350%2C200","width":350,"height":200,"srcset":"https:\/\/i0.wp.com\/fmahaiti.org\/site\/wp-content\/uploads\/2026\/02\/thumbnail-2.jpeg?fit=960%2C702&ssl=1&resize=350%2C200 1x, https:\/\/i0.wp.com\/fmahaiti.org\/site\/wp-content\/uploads\/2026\/02\/thumbnail-2.jpeg?fit=960%2C702&ssl=1&resize=525%2C300 1.5x, https:\/\/i0.wp.com\/fmahaiti.org\/site\/wp-content\/uploads\/2026\/02\/thumbnail-2.jpeg?fit=960%2C702&ssl=1&resize=700%2C400 2x"},"classes":[]},{"id":7722,"url":"https:\/\/fmahaiti.org\/site\/2024\/02\/02\/un-pere-immortel-dans-les-coeurs\/","url_meta":{"origin":11514,"position":5},"title":"Un P\u00e8re immortel dans  les c\u0153urs.","author":"Therese Davila Kenscoff","date":"2 f\u00e9vrier 2024","format":false,"excerpt":"Comme membre de la famille sal\u00e9sienne, l\u2019\u00e9cole Sainte H\u00e9l\u00e8ne de Kenscoff c\u00e9l\u00e8bre dans la joie la f\u00eate de Saint Jean Bosco en ce 31 janvier 2024. Tout a d\u00e9but\u00e9 \u00e0 9h du matin. A l\u2019amphith\u00e9\u00e2tre de l\u2019\u00e9tablissement, une messe d\u2019action de gr\u00e2ce a \u00e9t\u00e9 c\u00e9l\u00e9br\u00e9e, elle fut pr\u00e9sid\u00e9e par le\u2026","rel":"","context":"Dans &quot;Famille Sal\u00e9sienne&quot;","block_context":{"text":"Famille Sal\u00e9sienne","link":"https:\/\/fmahaiti.org\/site\/category\/famille-salesienne\/"},"img":{"alt_text":"","src":"https:\/\/i0.wp.com\/fmahaiti.org\/site\/wp-content\/uploads\/2024\/02\/20240131_120521-scaled.jpg?fit=1200%2C936&ssl=1&resize=350%2C200","width":350,"height":200,"srcset":"https:\/\/i0.wp.com\/fmahaiti.org\/site\/wp-content\/uploads\/2024\/02\/20240131_120521-scaled.jpg?fit=1200%2C936&ssl=1&resize=350%2C200 1x, https:\/\/i0.wp.com\/fmahaiti.org\/site\/wp-content\/uploads\/2024\/02\/20240131_120521-scaled.jpg?fit=1200%2C936&ssl=1&resize=525%2C300 1.5x, https:\/\/i0.wp.com\/fmahaiti.org\/site\/wp-content\/uploads\/2024\/02\/20240131_120521-scaled.jpg?fit=1200%2C936&ssl=1&resize=700%2C400 2x, https:\/\/i0.wp.com\/fmahaiti.org\/site\/wp-content\/uploads\/2024\/02\/20240131_120521-scaled.jpg?fit=1200%2C936&ssl=1&resize=1050%2C600 3x"},"classes":[]}],"_links":{"self":[{"href":"https:\/\/fmahaiti.org\/site\/wp-json\/wp\/v2\/posts\/11514","targetHints":{"allow":["GET"]}}],"collection":[{"href":"https:\/\/fmahaiti.org\/site\/wp-json\/wp\/v2\/posts"}],"about":[{"href":"https:\/\/fmahaiti.org\/site\/wp-json\/wp\/v2\/types\/post"}],"author":[{"embeddable":true,"href":"https:\/\/fmahaiti.org\/site\/wp-json\/wp\/v2\/users\/19"}],"replies":[{"embeddable":true,"href":"https:\/\/fmahaiti.org\/site\/wp-json\/wp\/v2\/comments?post=11514"}],"version-history":[{"count":2,"href":"https:\/\/fmahaiti.org\/site\/wp-json\/wp\/v2\/posts\/11514\/revisions"}],"predecessor-version":[{"id":11526,"href":"https:\/\/fmahaiti.org\/site\/wp-json\/wp\/v2\/posts\/11514\/revisions\/11526"}],"wp:featuredmedia":[{"embeddable":true,"href":"https:\/\/fmahaiti.org\/site\/wp-json\/wp\/v2\/media\/11525"}],"wp:attachment":[{"href":"https:\/\/fmahaiti.org\/site\/wp-json\/wp\/v2\/media?parent=11514"}],"wp:term":[{"taxonomy":"category","embeddable":true,"href":"https:\/\/fmahaiti.org\/site\/wp-json\/wp\/v2\/categories?post=11514"},{"taxonomy":"post_tag","embeddable":true,"href":"https:\/\/fmahaiti.org\/site\/wp-json\/wp\/v2\/tags?post=11514"}],"curies":[{"name":"wp","href":"https:\/\/api.w.org\/{rel}","templated":true}]}}