{"id":10123,"date":"2024-11-16T13:44:57","date_gmt":"2024-11-16T18:44:57","guid":{"rendered":"https:\/\/fmahaiti.org\/site\/?p=10123"},"modified":"2024-11-16T13:45:09","modified_gmt":"2024-11-16T18:45:09","slug":"une-journee-desperance-au-coeur-du-grand-nord","status":"publish","type":"post","link":"https:\/\/fmahaiti.org\/site\/2024\/11\/16\/une-journee-desperance-au-coeur-du-grand-nord\/","title":{"rendered":"Une journ\u00e9e d&rsquo;Esp\u00e9rance au c\u0153ur du Grand Nord!"},"content":{"rendered":"<p><img data-recalc-dims=\"1\" loading=\"lazy\" decoding=\"async\" class=\"alignnone wp-image-10143 size-full\" src=\"https:\/\/i0.wp.com\/fmahaiti.org\/site\/wp-content\/uploads\/2024\/11\/ph.jpg?resize=843%2C474&#038;ssl=1\" alt=\"\" width=\"843\" height=\"474\" srcset=\"https:\/\/i0.wp.com\/fmahaiti.org\/site\/wp-content\/uploads\/2024\/11\/ph.jpg?w=1280&amp;ssl=1 1280w, https:\/\/i0.wp.com\/fmahaiti.org\/site\/wp-content\/uploads\/2024\/11\/ph.jpg?resize=300%2C169&amp;ssl=1 300w, https:\/\/i0.wp.com\/fmahaiti.org\/site\/wp-content\/uploads\/2024\/11\/ph.jpg?resize=1024%2C576&amp;ssl=1 1024w, https:\/\/i0.wp.com\/fmahaiti.org\/site\/wp-content\/uploads\/2024\/11\/ph.jpg?resize=768%2C432&amp;ssl=1 768w\" sizes=\"auto, (max-width: 843px) 100vw, 843px\" \/><\/p>\n<p>R\u00e9unis autour du th\u00e8me inspirant \u00ab\u00a0Plonje nan lesperans lan ansanm ann f\u00e8 misyon an\u00a0\u00bb (Plongeons ensemble dans l&rsquo;Esp\u00e9rance pour accomplir notre mission), les participants ont \u00e9t\u00e9 invit\u00e9s \u00e0 une profonde r\u00e9flexion. Pour d\u00e9buter la journ\u00e9e, S\u0153ur PIARD Mathilde, responsable de la pastorale au niveau de la province notre Dame du Perp\u00e9tuel Secours a exhort\u00e9 les jeunes \u00e0 tenir allum\u00e9s leur Esp\u00e9rance. Elle est leur boussole, leur phare dans les t\u00e9n\u00e8bres. Elle leur donne la force d&rsquo;avancer, m\u00eame lorsque les chemins sont difficiles.\u2019 \u00ab Le R\u00e9v\u00e9rend P\u00e8re Jean Paul, dans une conf\u00e9rence passionnante, a mis en lumi\u00e8re le concept d&rsquo;esp\u00e9rance, s&rsquo;appuyant sur le document \u00ab\u00a0L&rsquo;Esp\u00e9rance ne d\u00e9\u00e7oit pas\u00a0\u00bb. Il a soulign\u00e9 la diff\u00e9rence fondamentale entre espoir et esp\u00e9rance : si l&rsquo;espoir est un d\u00e9sir souvent li\u00e9 au temporel, l&rsquo;esp\u00e9rance, elle, est un ancrage profond, une certitude qui ne s&rsquo;\u00e9teint jamais.<\/p>\n<figure id=\"attachment_10144\" aria-describedby=\"caption-attachment-10144\" style=\"width: 300px\" class=\"wp-caption alignright\"><img data-recalc-dims=\"1\" loading=\"lazy\" decoding=\"async\" class=\"wp-image-10144 size-medium\" src=\"https:\/\/i0.wp.com\/fmahaiti.org\/site\/wp-content\/uploads\/2024\/11\/1731605358713blob-1.jpg?resize=300%2C152&#038;ssl=1\" alt=\"\" width=\"300\" height=\"152\" srcset=\"https:\/\/i0.wp.com\/fmahaiti.org\/site\/wp-content\/uploads\/2024\/11\/1731605358713blob-1.jpg?resize=300%2C152&amp;ssl=1 300w, https:\/\/i0.wp.com\/fmahaiti.org\/site\/wp-content\/uploads\/2024\/11\/1731605358713blob-1.jpg?resize=1024%2C520&amp;ssl=1 1024w, https:\/\/i0.wp.com\/fmahaiti.org\/site\/wp-content\/uploads\/2024\/11\/1731605358713blob-1.jpg?resize=768%2C390&amp;ssl=1 768w, https:\/\/i0.wp.com\/fmahaiti.org\/site\/wp-content\/uploads\/2024\/11\/1731605358713blob-1.jpg?w=1172&amp;ssl=1 1172w\" sizes=\"auto, (max-width: 300px) 100vw, 300px\" \/><figcaption id=\"caption-attachment-10144\" class=\"wp-caption-text\">PASTORAL GRAND NORD &#8211; 2<\/figcaption><\/figure>\n<figure id=\"attachment_10140\" aria-describedby=\"caption-attachment-10140\" style=\"width: 300px\" class=\"wp-caption alignleft\"><img data-recalc-dims=\"1\" loading=\"lazy\" decoding=\"async\" class=\"wp-image-10140 size-medium\" src=\"https:\/\/i0.wp.com\/fmahaiti.org\/site\/wp-content\/uploads\/2024\/11\/1731605606878blob-1.jpg?resize=300%2C139&#038;ssl=1\" alt=\"\" width=\"300\" height=\"139\" srcset=\"https:\/\/i0.wp.com\/fmahaiti.org\/site\/wp-content\/uploads\/2024\/11\/1731605606878blob-1.jpg?resize=300%2C139&amp;ssl=1 300w, https:\/\/i0.wp.com\/fmahaiti.org\/site\/wp-content\/uploads\/2024\/11\/1731605606878blob-1.jpg?resize=1024%2C475&amp;ssl=1 1024w, https:\/\/i0.wp.com\/fmahaiti.org\/site\/wp-content\/uploads\/2024\/11\/1731605606878blob-1.jpg?resize=768%2C357&amp;ssl=1 768w, https:\/\/i0.wp.com\/fmahaiti.org\/site\/wp-content\/uploads\/2024\/11\/1731605606878blob-1.jpg?w=1189&amp;ssl=1 1189w\" sizes=\"auto, (max-width: 300px) 100vw, 300px\" \/><figcaption id=\"caption-attachment-10140\" class=\"wp-caption-text\">PASTORAL GRAND NORD &#8211; 7<\/figcaption><\/figure>\n<p>Pour illustrer ces propos, les jeunes ont effectu\u00e9 un p\u00e8lerinage symbolique de la DBTEC \u00e0 la Paroisse de la D\u00e9livrance, o\u00f9 une c\u00e9l\u00e9bration Eucharistique a \u00e9t\u00e9 pr\u00e9sid\u00e9e par le R\u00e9v\u00e9rend P\u00e8re Jean Emile CLAUDIUS (sdb). De retour, un repas convivial a permis aux participants de se d\u00e9tendre et de partager des moments de joie. La journ\u00e9e s&rsquo;est achev\u00e9e sur une note festive avec une partie culturelle riche en couleurs : danses, d\u00e9clamations et autres performances ont t\u00e9moign\u00e9 de la cr\u00e9ativit\u00e9 et de l&rsquo;enthousiasme des jeunes.<\/p>\n<p>\u00c0 l&rsquo;issue de cette journ\u00e9e m\u00e9morable, le comit\u00e9 d&rsquo;organisation a exprim\u00e9 sa profonde gratitude au R\u00e9v\u00e9rend P\u00e8re Jean Paul pour sa pr\u00e9sence et son soutien. Les jeunes, quant \u00e0 eux, ont remerci\u00e9 chaleureusement les organisateurs pour leur d\u00e9vouement.<\/p>\n<p>C&rsquo;est avec le c\u0153ur rempli de reconnaissance que nous \u00e9levons nos pri\u00e8res vers le Seigneur, le Ma\u00eetre de la mission, Lui qui ne cesse de faire route avec nous avec les jeunes pour leur plein \u00e9panouissement.<\/p>\n<p>Cette journ\u00e9e a \u00e9t\u00e9 une v\u00e9ritable source d&rsquo;inspiration et un appel \u00e0 poursuivre notre chemin avec Esp\u00e9rance et d\u00e9termination.<\/p>\n<p><img data-recalc-dims=\"1\" loading=\"lazy\" decoding=\"async\" class=\"alignright wp-image-10141 size-medium\" src=\"https:\/\/i0.wp.com\/fmahaiti.org\/site\/wp-content\/uploads\/2024\/11\/1731605505674blob.jpg?resize=300%2C169&#038;ssl=1\" alt=\"\" width=\"300\" height=\"169\" srcset=\"https:\/\/i0.wp.com\/fmahaiti.org\/site\/wp-content\/uploads\/2024\/11\/1731605505674blob.jpg?resize=300%2C169&amp;ssl=1 300w, https:\/\/i0.wp.com\/fmahaiti.org\/site\/wp-content\/uploads\/2024\/11\/1731605505674blob.jpg?resize=1024%2C576&amp;ssl=1 1024w, https:\/\/i0.wp.com\/fmahaiti.org\/site\/wp-content\/uploads\/2024\/11\/1731605505674blob.jpg?resize=768%2C432&amp;ssl=1 768w, https:\/\/i0.wp.com\/fmahaiti.org\/site\/wp-content\/uploads\/2024\/11\/1731605505674blob.jpg?w=1280&amp;ssl=1 1280w\" sizes=\"auto, (max-width: 300px) 100vw, 300px\" \/><\/p>\n<p><strong>S\u0153ur CHERY Rose Andr\u00e9e pour la communaut\u00e9 de Ouanaminthe.<\/strong><\/p>\n","protected":false},"excerpt":{"rendered":"<p>R\u00e9unis autour du th\u00e8me inspirant \u00ab\u00a0Plonje nan lesperans lan ansanm ann f\u00e8 misyon an\u00a0\u00bb (Plongeons ensemble dans l&rsquo;Esp\u00e9rance pour accomplir notre mission), les participants ont&hellip;<\/p>\n","protected":false},"author":4,"featured_media":10143,"comment_status":"open","ping_status":"open","sticky":false,"template":"","format":"standard","meta":{"_jetpack_memberships_contains_paid_content":false,"footnotes":"","jetpack_publicize_message":"","jetpack_publicize_feature_enabled":true,"jetpack_social_post_already_shared":true,"jetpack_social_options":{"image_generator_settings":{"template":"highway","default_image_id":0,"font":"","enabled":false},"version":2}},"categories":[13],"tags":[],"class_list":["post-10123","post","type-post","status-publish","format-standard","has-post-thumbnail","hentry","category-activites"],"jetpack_publicize_connections":[],"jetpack_featured_media_url":"https:\/\/i0.wp.com\/fmahaiti.org\/site\/wp-content\/uploads\/2024\/11\/ph.jpg?fit=1280%2C720&ssl=1","jetpack_sharing_enabled":true,"jetpack_shortlink":"https:\/\/wp.me\/pcR5kd-2Dh","jetpack-related-posts":[{"id":9401,"url":"https:\/\/fmahaiti.org\/site\/2024\/08\/31\/journee-mondiale-de-priere-pour-la-sauvegarde-de-la-creation-2024\/","url_meta":{"origin":10123,"position":0},"title":"Journ\u00e9e Mondiale de Pri\u00e8re pour la Sauvegarde de la Cr\u00e9ation 2024","author":"Sr Martha Seide","date":"31 ao\u00fbt 2024","format":false,"excerpt":"Th\u00e8me \u00ab Esp\u00e9rons et agissons avec la cr\u00e9ation \u00bb Extrait de l'introduction du Guide de c\u00e9l\u00e9bration : Esp\u00e9rer et agir avec la cr\u00e9ation \"Chaque ann\u00e9e, du 1er septembre au 4 octobre, la famille chr\u00e9tienne s\u2019unit pour cette c\u00e9l\u00e9bration mondiale de pri\u00e8re et d\u2019action afin de prot\u00e9ger notre maison commune. C\u2019est\u2026","rel":"","context":"Dans &quot;Ecologie&quot;","block_context":{"text":"Ecologie","link":"https:\/\/fmahaiti.org\/site\/category\/ecologie\/"},"img":{"alt_text":"","src":"https:\/\/i0.wp.com\/fmahaiti.org\/site\/wp-content\/uploads\/2024\/08\/creation-2024.jpeg?fit=1200%2C675&ssl=1&resize=350%2C200","width":350,"height":200,"srcset":"https:\/\/i0.wp.com\/fmahaiti.org\/site\/wp-content\/uploads\/2024\/08\/creation-2024.jpeg?fit=1200%2C675&ssl=1&resize=350%2C200 1x, https:\/\/i0.wp.com\/fmahaiti.org\/site\/wp-content\/uploads\/2024\/08\/creation-2024.jpeg?fit=1200%2C675&ssl=1&resize=525%2C300 1.5x, https:\/\/i0.wp.com\/fmahaiti.org\/site\/wp-content\/uploads\/2024\/08\/creation-2024.jpeg?fit=1200%2C675&ssl=1&resize=700%2C400 2x, https:\/\/i0.wp.com\/fmahaiti.org\/site\/wp-content\/uploads\/2024\/08\/creation-2024.jpeg?fit=1200%2C675&ssl=1&resize=1050%2C600 3x"},"classes":[]},{"id":10246,"url":"https:\/\/fmahaiti.org\/site\/2024\/11\/23\/ancres-dans-lesperance-pelerins-avec-les-jeunes\/","url_meta":{"origin":10123,"position":1},"title":"\u00ab Ancr\u00e9s dans l\u2019Esp\u00e9rance, P\u00e8lerins avec les Jeunes \u00bb","author":"Sr Monette Octave","date":"23 novembre 2024","format":false,"excerpt":"En ce temps o\u00f9 l'esp\u00e9rance chr\u00e9tienne\u00a0 perd\u00a0 un peu de sa valeur et o\u00f9 la vie semble parfois d\u00e9nu\u00e9e de sens, les affaires religieuses n'int\u00e9ressent presque plus la majorit\u00e9 de nos jeunes; les communaut\u00e9s du Noviciat et de Marie R\u00e9gine\u00a0 ont \u00a0rassembl\u00e9 en ce lundi 18 novembre 2024, un groupe\u2026","rel":"","context":"Dans &quot;Activit\u00e9s&quot;","block_context":{"text":"Activit\u00e9s","link":"https:\/\/fmahaiti.org\/site\/category\/activites\/"},"img":{"alt_text":"","src":"https:\/\/i0.wp.com\/fmahaiti.org\/site\/wp-content\/uploads\/2024\/11\/Sr-Ad.jpg?fit=1080%2C705&ssl=1&resize=350%2C200","width":350,"height":200,"srcset":"https:\/\/i0.wp.com\/fmahaiti.org\/site\/wp-content\/uploads\/2024\/11\/Sr-Ad.jpg?fit=1080%2C705&ssl=1&resize=350%2C200 1x, https:\/\/i0.wp.com\/fmahaiti.org\/site\/wp-content\/uploads\/2024\/11\/Sr-Ad.jpg?fit=1080%2C705&ssl=1&resize=525%2C300 1.5x, https:\/\/i0.wp.com\/fmahaiti.org\/site\/wp-content\/uploads\/2024\/11\/Sr-Ad.jpg?fit=1080%2C705&ssl=1&resize=700%2C400 2x, https:\/\/i0.wp.com\/fmahaiti.org\/site\/wp-content\/uploads\/2024\/11\/Sr-Ad.jpg?fit=1080%2C705&ssl=1&resize=1050%2C600 3x"},"classes":[]},{"id":11791,"url":"https:\/\/fmahaiti.org\/site\/2025\/04\/07\/pelerins-desperance-cultivons-la-joie-du-merci\/","url_meta":{"origin":10123,"position":2},"title":"P\u00e8lerins d\u2019esp\u00e9rance, cultivons la joie du merci\u00a0!","author":"Sacre-Coeur Hinche","date":"7 avril 2025","format":false,"excerpt":"La f\u00eate de gratitude est plus qu'un simple \u00e9v\u00e9nement religieux ou culturel ; elle est un v\u00e9ritable point de rencontre pour les membres de la communaut\u00e9. C'est un moment o\u00f9 les diff\u00e9rences sont c\u00e9l\u00e9br\u00e9es, o\u00f9 l'on se souvient des moments difficiles et o\u00f9 l'on se r\u00e9jouit des petites et grandes\u2026","rel":"","context":"Dans &quot;F\u00eate de la reconnaissance&quot;","block_context":{"text":"F\u00eate de la reconnaissance","link":"https:\/\/fmahaiti.org\/site\/category\/fete-de-la-reconnaissance\/"},"img":{"alt_text":"","src":"https:\/\/i0.wp.com\/fmahaiti.org\/site\/wp-content\/uploads\/2025\/04\/IMG-20250403-WA0033.jpg?fit=1080%2C591&ssl=1&resize=350%2C200","width":350,"height":200,"srcset":"https:\/\/i0.wp.com\/fmahaiti.org\/site\/wp-content\/uploads\/2025\/04\/IMG-20250403-WA0033.jpg?fit=1080%2C591&ssl=1&resize=350%2C200 1x, https:\/\/i0.wp.com\/fmahaiti.org\/site\/wp-content\/uploads\/2025\/04\/IMG-20250403-WA0033.jpg?fit=1080%2C591&ssl=1&resize=525%2C300 1.5x, https:\/\/i0.wp.com\/fmahaiti.org\/site\/wp-content\/uploads\/2025\/04\/IMG-20250403-WA0033.jpg?fit=1080%2C591&ssl=1&resize=700%2C400 2x, https:\/\/i0.wp.com\/fmahaiti.org\/site\/wp-content\/uploads\/2025\/04\/IMG-20250403-WA0033.jpg?fit=1080%2C591&ssl=1&resize=1050%2C600 3x"},"classes":[]},{"id":10283,"url":"https:\/\/fmahaiti.org\/site\/2024\/11\/24\/a-hinche-lesperance-fleurit-dans-le-coeur-des-enfants\/","url_meta":{"origin":10123,"position":3},"title":"A Hinche, l\u2019Esp\u00e9rance fleurit dans le c\u0153ur des enfants!","author":"Sacre-Coeur Hinche","date":"24 novembre 2024","format":false,"excerpt":"Pour reprendre les mots du Pape :\u00ab Tout le monde esp\u00e8re. L\u2019esp\u00e9rance est contenue dans le c\u0153ur de chaque personne comme un d\u00e9sir et une attente du bien, bien qu\u2019en ne sachant pas de quoi demain sera fait. L'esp\u00e9rance chr\u00e9tienne est celle qui ne d\u00e9\u00e7oit pas, qui ne trompe pas,\u2026","rel":"","context":"Dans &quot;Activit\u00e9s&quot;","block_context":{"text":"Activit\u00e9s","link":"https:\/\/fmahaiti.org\/site\/category\/activites\/"},"img":{"alt_text":"","src":"https:\/\/i0.wp.com\/fmahaiti.org\/site\/wp-content\/uploads\/2024\/11\/IMG-20241123-WA0056.jpg?fit=1040%2C404&ssl=1&resize=350%2C200","width":350,"height":200,"srcset":"https:\/\/i0.wp.com\/fmahaiti.org\/site\/wp-content\/uploads\/2024\/11\/IMG-20241123-WA0056.jpg?fit=1040%2C404&ssl=1&resize=350%2C200 1x, https:\/\/i0.wp.com\/fmahaiti.org\/site\/wp-content\/uploads\/2024\/11\/IMG-20241123-WA0056.jpg?fit=1040%2C404&ssl=1&resize=525%2C300 1.5x, https:\/\/i0.wp.com\/fmahaiti.org\/site\/wp-content\/uploads\/2024\/11\/IMG-20241123-WA0056.jpg?fit=1040%2C404&ssl=1&resize=700%2C400 2x"},"classes":[]},{"id":9427,"url":"https:\/\/fmahaiti.org\/site\/2024\/09\/19\/unissons-nous-dans-le-prendre-soin-de-la-creation\/","url_meta":{"origin":10123,"position":4},"title":"Unissons-nous dans le \u00ab\u00a0prendre soin\u00a0\u00bb  de la cr\u00e9ation!","author":"Marie Dominique Saint Martin","date":"19 septembre 2024","format":false,"excerpt":"\"Esp\u00e9rer et agir avec la cr\u00e9ation\" Pour concr\u00e9tiser ce th\u00e8me donn\u00e9 par l\u2019Eglise pour la journ\u00e9e mondiale de pri\u00e8re pour la sauvegarde de la cr\u00e9ation, la communaut\u00e9 Marie Dominique Mazzarello de Saint Martin a pris du temps dans la pri\u00e8re des V\u00eapres, le lundi 2 septembre 2024 pour remercier Dieu\u2026","rel":"","context":"Dans &quot;Ecologie&quot;","block_context":{"text":"Ecologie","link":"https:\/\/fmahaiti.org\/site\/category\/ecologie\/"},"img":{"alt_text":"","src":"https:\/\/i0.wp.com\/fmahaiti.org\/site\/wp-content\/uploads\/2024\/09\/Vraie.jpg?fit=819%2C489&ssl=1&resize=350%2C200","width":350,"height":200,"srcset":"https:\/\/i0.wp.com\/fmahaiti.org\/site\/wp-content\/uploads\/2024\/09\/Vraie.jpg?fit=819%2C489&ssl=1&resize=350%2C200 1x, https:\/\/i0.wp.com\/fmahaiti.org\/site\/wp-content\/uploads\/2024\/09\/Vraie.jpg?fit=819%2C489&ssl=1&resize=525%2C300 1.5x, https:\/\/i0.wp.com\/fmahaiti.org\/site\/wp-content\/uploads\/2024\/09\/Vraie.jpg?fit=819%2C489&ssl=1&resize=700%2C400 2x"},"classes":[]},{"id":5318,"url":"https:\/\/fmahaiti.org\/site\/2023\/06\/19\/journee-mondiale-2023-du-refugie\/","url_meta":{"origin":10123,"position":5},"title":"Journ\u00e9e mondiale 2023 du r\u00e9fugi\u00e9","author":"Sr Martha Seide","date":"19 juin 2023","format":false,"excerpt":"TH\u00c8ME De l'espoir loin de chez soi. Pour un monde o\u00f9 les r\u00e9fugi\u00e9s auront toujours leur place. Cette journ\u00e9e mondiale touche particuli\u00e8rement le peuple Ha\u00eftien, plus que jamais en mode d'exode. En nous unissant aux objectifs de cette journ\u00e9e, redoublons notre engagement \u00e9ducatif pour donner de l'esp\u00e9rance \u00e0 nos jeunes\u2026","rel":"","context":"Dans &quot;\u00c9ducation&quot;","block_context":{"text":"\u00c9ducation","link":"https:\/\/fmahaiti.org\/site\/category\/education\/"},"img":{"alt_text":"","src":"https:\/\/i0.wp.com\/fmahaiti.org\/site\/wp-content\/uploads\/2023\/06\/Journee-refugies.jpg?fit=900%2C505&ssl=1&resize=350%2C200","width":350,"height":200,"srcset":"https:\/\/i0.wp.com\/fmahaiti.org\/site\/wp-content\/uploads\/2023\/06\/Journee-refugies.jpg?fit=900%2C505&ssl=1&resize=350%2C200 1x, https:\/\/i0.wp.com\/fmahaiti.org\/site\/wp-content\/uploads\/2023\/06\/Journee-refugies.jpg?fit=900%2C505&ssl=1&resize=525%2C300 1.5x, https:\/\/i0.wp.com\/fmahaiti.org\/site\/wp-content\/uploads\/2023\/06\/Journee-refugies.jpg?fit=900%2C505&ssl=1&resize=700%2C400 2x"},"classes":[]}],"_links":{"self":[{"href":"https:\/\/fmahaiti.org\/site\/wp-json\/wp\/v2\/posts\/10123","targetHints":{"allow":["GET"]}}],"collection":[{"href":"https:\/\/fmahaiti.org\/site\/wp-json\/wp\/v2\/posts"}],"about":[{"href":"https:\/\/fmahaiti.org\/site\/wp-json\/wp\/v2\/types\/post"}],"author":[{"embeddable":true,"href":"https:\/\/fmahaiti.org\/site\/wp-json\/wp\/v2\/users\/4"}],"replies":[{"embeddable":true,"href":"https:\/\/fmahaiti.org\/site\/wp-json\/wp\/v2\/comments?post=10123"}],"version-history":[{"count":2,"href":"https:\/\/fmahaiti.org\/site\/wp-json\/wp\/v2\/posts\/10123\/revisions"}],"predecessor-version":[{"id":10146,"href":"https:\/\/fmahaiti.org\/site\/wp-json\/wp\/v2\/posts\/10123\/revisions\/10146"}],"wp:featuredmedia":[{"embeddable":true,"href":"https:\/\/fmahaiti.org\/site\/wp-json\/wp\/v2\/media\/10143"}],"wp:attachment":[{"href":"https:\/\/fmahaiti.org\/site\/wp-json\/wp\/v2\/media?parent=10123"}],"wp:term":[{"taxonomy":"category","embeddable":true,"href":"https:\/\/fmahaiti.org\/site\/wp-json\/wp\/v2\/categories?post=10123"},{"taxonomy":"post_tag","embeddable":true,"href":"https:\/\/fmahaiti.org\/site\/wp-json\/wp\/v2\/tags?post=10123"}],"curies":[{"name":"wp","href":"https:\/\/api.w.org\/{rel}","templated":true}]}}