{"id":10120,"date":"2024-11-16T15:22:07","date_gmt":"2024-11-16T20:22:07","guid":{"rendered":"https:\/\/fmahaiti.org\/site\/?p=10120"},"modified":"2024-11-16T15:23:24","modified_gmt":"2024-11-16T20:23:24","slug":"vertieres-la-victoire-de-la-liberte-en-scene","status":"publish","type":"post","link":"https:\/\/fmahaiti.org\/site\/2024\/11\/16\/vertieres-la-victoire-de-la-liberte-en-scene\/","title":{"rendered":"Verti\u00e8res : La victoire  de la libert\u00e9 en sc\u00e8ne!"},"content":{"rendered":"<p><img data-recalc-dims=\"1\" loading=\"lazy\" decoding=\"async\" class=\"alignleft wp-image-10163 size-full\" src=\"https:\/\/i0.wp.com\/fmahaiti.org\/site\/wp-content\/uploads\/2024\/11\/thumbnail-7.jpg?resize=843%2C389&#038;ssl=1\" alt=\"\" width=\"843\" height=\"389\" srcset=\"https:\/\/i0.wp.com\/fmahaiti.org\/site\/wp-content\/uploads\/2024\/11\/thumbnail-7.jpg?w=960&amp;ssl=1 960w, https:\/\/i0.wp.com\/fmahaiti.org\/site\/wp-content\/uploads\/2024\/11\/thumbnail-7.jpg?resize=300%2C138&amp;ssl=1 300w, https:\/\/i0.wp.com\/fmahaiti.org\/site\/wp-content\/uploads\/2024\/11\/thumbnail-7.jpg?resize=768%2C354&amp;ssl=1 768w\" sizes=\"auto, (max-width: 843px) 100vw, 843px\" \/><\/p>\n<p>La Bataille de Verti\u00e8res, survenue le 18 novembre 1803, est l\u2019un des \u00e9v\u00e9nements les plus marquants de l\u2019histoire d\u2019Ha\u00efti et un symbole puissant de la lutte pour la libert\u00e9. Elle repr\u00e9sente la derni\u00e8re grande bataille de la guerre d&rsquo;ind\u00e9pendance d&rsquo;Ha\u00efti contre les troupes coloniales fran\u00e7aises. \u00c0 travers une d\u00e9termination in\u00e9branlable, les troupes dirig\u00e9es par le g\u00e9n\u00e9ral Jean-Jacques Dessalines r\u00e9ussirent \u00e0 vaincre l\u2019arm\u00e9e napol\u00e9onienne, faisant d\u2019Ha\u00efti la premi\u00e8re r\u00e9publique noire ind\u00e9pendante au monde en 1804. C&rsquo;est dans cet esprit que les \u00e9l\u00e8ves de la 5\u00e8me ann\u00e9e de l&rsquo;\u00e9cole Madeleine Morano se sont rendus \u00e0 l&rsquo;\u00e9cole nationale de Marie Auxiliatrice pour se joindre \u00e0 leurs camarades et pr\u00e9parer une prestation th\u00e9\u00e2trale qui honore cette lutte h\u00e9ro\u00efque. Ensemble, ils ont fusionn\u00e9 leurs talents et leur passion pour offrir une repr\u00e9sentation vibrante, pleine de fiert\u00e9 et de respect pour cet h\u00e9ritage apr\u00e8s le mot du jour. Leurs sc\u00e8nes ont plong\u00e9 les spectateurs dans l&rsquo;ambiance de l&rsquo;\u00e9poque, faisant revivre le courage et la force des h\u00e9ros ha\u00eftiens qui ont combattu pour la libert\u00e9. \u00a0\u00a0Cette bataille d\u00e9cisive mena \u00e0 la victoire des soldats ha\u00eftiens, sous la direction du g\u00e9n\u00e9ral Jean-Jacques Dessalines, et permit \u00e0 Ha\u00efti de devenir la premi\u00e8re r\u00e9publique noire ind\u00e9pendante au monde.<img data-recalc-dims=\"1\" loading=\"lazy\" decoding=\"async\" class=\"alignright wp-image-10164 size-medium\" src=\"https:\/\/i0.wp.com\/fmahaiti.org\/site\/wp-content\/uploads\/2024\/11\/danse.jpg?resize=300%2C208&#038;ssl=1\" alt=\"\" width=\"300\" height=\"208\" srcset=\"https:\/\/i0.wp.com\/fmahaiti.org\/site\/wp-content\/uploads\/2024\/11\/danse.jpg?resize=300%2C208&amp;ssl=1 300w, https:\/\/i0.wp.com\/fmahaiti.org\/site\/wp-content\/uploads\/2024\/11\/danse.jpg?w=695&amp;ssl=1 695w\" sizes=\"auto, (max-width: 300px) 100vw, 300px\" \/><\/p>\n<p><strong>Le Contexte Historique\u00a0:<\/strong> Le sketch d\u00e9bute par un narrateur qui introduit le contexte de la bataille de Verti\u00e8res, expliquant comment Ha\u00efti, sous domination fran\u00e7aise, se battait pour sa libert\u00e9. La voix off disait\u00a0: Nous sommes en 1803. Ha\u00efti, alors colonie fran\u00e7aise, se bat pour sa libert\u00e9. Les esclaves et affranchis, lass\u00e9s de l&rsquo;injustice et de la souffrance, sont d\u00e9termin\u00e9s \u00e0 se lib\u00e9rer du joug colonial. La Bataille de Verti\u00e8res, dirig\u00e9e par des h\u00e9ros comme Jean-Jacques Dessalines, sera d\u00e9cisive. \u00c0 ce moment, des \u00e9l\u00e8ves incarnant les esclaves, maltrait\u00e9s et opprim\u00e9s, entrent en sc\u00e8ne, illustrant les injustices de l&rsquo;\u00e9poque et la d\u00e9termination qui les pousse \u00e0 se soulever contre l&rsquo;injustice.<\/p>\n<p><strong>Les Commandants Pr\u00e9parent la Bataille<\/strong>\u00a0: La sc\u00e8ne suivante se concentre sur les pr\u00e9paratifs avant la bataille, avec le g\u00e9n\u00e9ral Dessalines s\u2019adressant \u00e0 ses troupes. Il leur parle du courage et de la n\u00e9cessit\u00e9 de la victoire pour assurer l\u2019avenir du peuple ha\u00eftien : \u201cMes fr\u00e8res, nous n\u2019avons rien d\u2019autre que notre courage et notre volont\u00e9. Aujourd\u2019hui, nous nous battons pour notre avenir et celui de nos enfants. Demain, notre terre sera libre ! Verti\u00e8res sera notre victoire ou notre dernier souffle, mais nous ne reculerons pas ! Un autre chef de troupe r\u00e9pond, exprimant la confiance de ses hommes : Mon g\u00e9n\u00e9ral, nous sommes pr\u00eats. Chaque homme est arm\u00e9 d\u2019un courage plus fort que les fusils des Fran\u00e7ais.<\/p>\n<p><strong><img data-recalc-dims=\"1\" loading=\"lazy\" decoding=\"async\" class=\"alignleft wp-image-10159 size-medium\" src=\"https:\/\/i0.wp.com\/fmahaiti.org\/site\/wp-content\/uploads\/2024\/11\/IMG-20241114-WA0028.jpg?resize=250%2C300&#038;ssl=1\" alt=\"\" width=\"250\" height=\"300\" srcset=\"https:\/\/i0.wp.com\/fmahaiti.org\/site\/wp-content\/uploads\/2024\/11\/IMG-20241114-WA0028.jpg?resize=250%2C300&amp;ssl=1 250w, https:\/\/i0.wp.com\/fmahaiti.org\/site\/wp-content\/uploads\/2024\/11\/IMG-20241114-WA0028.jpg?w=505&amp;ssl=1 505w\" sizes=\"auto, (max-width: 250px) 100vw, 250px\" \/>La Bataille en Action\u00a0:<\/strong> Les tambours commencent \u00e0 battre, symbolisant la mont\u00e9e en tension avant le combat. Les \u00e9l\u00e8ves prennent position en formation et imitent la bataille, chacun montrant la force et la d\u00e9termination des soldats ha\u00eftiens. Les dialogues, ponctu\u00e9s de cris de guerre, r\u00e9sonnent avec passion : \u201cPour notre libert\u00e9 ! Pour Ha\u00efti ! Ne laissez pas les Fran\u00e7ais passer ! Nous sommes la derni\u00e8re d\u00e9fense de la libert\u00e9 ! Les soldats se battent avec \u00e9nergie, d\u00e9termin\u00e9s \u00e0 gagner la libert\u00e9 pour leur peuple.<\/p>\n<p><strong>Les Sacrifices et la R\u00e9sistance\u00a0:<\/strong> Au c\u0153ur de la bataille, un soldat, gravement bless\u00e9, tombe, mais il transmet ses derni\u00e8res paroles \u00e0 son camarade, soulignant l&rsquo;importance de la lutte : Mon fr\u00e8re, je tombe pour que toi, tu te tiennes debout demain. Bats-toi jusqu\u2019au bout. Un autre soldat, t\u00e9moin de cet acte de sacrifice, s&rsquo;\u00e9crie : Nous ne les oublierons jamais. Pour chaque fr\u00e8re tomb\u00e9, nous nous battrons plus fort.<\/p>\n<p><strong>La Victoire et l\u2019Annonce de l\u2019Ind\u00e9pendance\u00a0: <\/strong>La sc\u00e8ne suivante marque la fin du combat. Le narrateur explique comment, apr\u00e8s des heures de lutte acharn\u00e9e, les troupes coloniales fran\u00e7aises sont repouss\u00e9es et battent en retraite : Apr\u00e8s des heures de lutte intense, les troupes coloniales reculent. Les Ha\u00eftiens ont vaincu l\u2019arm\u00e9e fran\u00e7aise, et la libert\u00e9 est \u00e0 port\u00e9e de main.<\/p>\n<p>Dessalines, avec un regard fier et solennel, s&rsquo;adresse \u00e0 ses hommes : \u201cAujourd\u2019hui, nous avons fait l\u2019impossible. Aujourd\u2019hui, nous avons gagn\u00e9 la libert\u00e9 ! Ha\u00efti est enfin libre ! Tous les acteurs se rassemblent alors, levant les bras en signe de victoire, criant ensemble : Pour Ha\u00efti ! Pour notre libert\u00e9 !<\/p>\n<p><strong>La Signification de la Bataille\u00a0:<\/strong> Le narrateur conclut le sketch en soulignant l&rsquo;importance historique de la victoire de Verti\u00e8res<\/p>\n<p>Les \u00e9l\u00e8ves \u00e9taient v\u00eatus de costumes simples, repr\u00e9sentant les soldats ha\u00eftiens, et certains avaient des bandeaux ou des foulards pour illustrer l\u2019unit\u00e9 et la fraternit\u00e9 des troupes. Les tambours ont rythm\u00e9 la tension de la bataille, tandis que les drapeaux ha\u00eftiens ont \u00e9t\u00e9 brandis \u00e0 la fin de la prestation, symbolisant la victoire et l\u2019ind\u00e9pendance du pays.<\/p>\n<p>La Bataille de Verti\u00e8res marque non seulement la victoire des Ha\u00eftiens, mais aussi celle de tous les peuples opprim\u00e9s. Elle nous rappelle que, m\u00eame face \u00e0 l\u2019impossible, la libert\u00e9 vaut tous les sacrifices. En r\u00e9unissant les \u00e9l\u00e8ves de l\u2019\u00e9cole Madeleine Morano et de l\u2019\u00e9cole Marie Auxiliatrice dans cette dramatique comm\u00e9moration, l\u2019objectif \u00e9tait non seulement de rendre hommage \u00e0 la m\u00e9moire des h\u00e9ros de Verti\u00e8res, mais aussi de faire vivre aux jeunes g\u00e9n\u00e9rations l\u2019esprit de lutte, de solidarit\u00e9 et de libert\u00e9 qui a forg\u00e9 l\u2019histoire d\u2019Ha\u00efti. Cette prestation th\u00e9\u00e2trale, avec ses moments de grande intensit\u00e9 et d\u2019\u00e9motion, a permis aux spectateurs de ressentir la force de cette \u00e9poque, et de comprendre que la libert\u00e9, bien qu\u2019acquise par le sacrifice, est un bien pr\u00e9cieux \u00e0 pr\u00e9server.<img data-recalc-dims=\"1\" loading=\"lazy\" decoding=\"async\" class=\"alignright wp-image-10157 size-full\" src=\"https:\/\/i0.wp.com\/fmahaiti.org\/site\/wp-content\/uploads\/2024\/11\/oke.jpg?resize=635%2C540&#038;ssl=1\" alt=\"\" width=\"635\" height=\"540\" srcset=\"https:\/\/i0.wp.com\/fmahaiti.org\/site\/wp-content\/uploads\/2024\/11\/oke.jpg?w=635&amp;ssl=1 635w, https:\/\/i0.wp.com\/fmahaiti.org\/site\/wp-content\/uploads\/2024\/11\/oke.jpg?resize=300%2C255&amp;ssl=1 300w\" sizes=\"auto, (max-width: 635px) 100vw, 635px\" \/><\/p>\n<p>&nbsp;<\/p>\n<p>Soeur Sophie Auguste AUGUSTE, antenne de communication pour la communaut\u00e9 Madeleine Morano.<\/p>\n<p>&nbsp;<\/p>\n<p>&nbsp;<\/p>\n<p>&nbsp;<\/p>\n<p>&nbsp;<\/p>\n<p>&nbsp;<\/p>\n<p>&nbsp;<\/p>\n<p>&nbsp;<\/p>\n","protected":false},"excerpt":{"rendered":"<p>La Bataille de Verti\u00e8res, survenue le 18 novembre 1803, est l\u2019un des \u00e9v\u00e9nements les plus marquants de l\u2019histoire d\u2019Ha\u00efti et un symbole puissant de la&hellip;<\/p>\n","protected":false},"author":11,"featured_media":10159,"comment_status":"open","ping_status":"open","sticky":false,"template":"","format":"standard","meta":{"_jetpack_memberships_contains_paid_content":false,"footnotes":"","jetpack_publicize_message":"","jetpack_publicize_feature_enabled":true,"jetpack_social_post_already_shared":true,"jetpack_social_options":{"image_generator_settings":{"template":"highway","default_image_id":0,"font":"","enabled":false},"version":2}},"categories":[13,7],"tags":[],"class_list":["post-10120","post","type-post","status-publish","format-standard","has-post-thumbnail","hentry","category-activites","category-education"],"jetpack_publicize_connections":[],"jetpack_featured_media_url":"https:\/\/i0.wp.com\/fmahaiti.org\/site\/wp-content\/uploads\/2024\/11\/IMG-20241114-WA0028.jpg?fit=505%2C606&ssl=1","jetpack_sharing_enabled":true,"jetpack_shortlink":"https:\/\/wp.me\/pcR5kd-2De","jetpack-related-posts":[{"id":6774,"url":"https:\/\/fmahaiti.org\/site\/2023\/11\/20\/celebrons-le-courage-et-la-determination-de-nos-heros\/","url_meta":{"origin":10120,"position":0},"title":"C\u00e9l\u00e9brons  le courage et la d\u00e9termination de nos h\u00e9ros","author":"Marie Regine Thorland","date":"20 novembre 2023","format":false,"excerpt":"Par anticipation, en ce vendredi du 17 novembre la communaut\u00e9 \u00e9ducative du coll\u00e8ge Marie R\u00e9gine( CMR) de Thorland s'est rassembl\u00e9e \u00e0 l\u2019auditorium, avec joie et fiert\u00e9 pour comm\u00e9morer la c\u00e9l\u00e8bre bataille de Verti\u00e8res. Cet \u00e9v\u00e9nement historique repr\u00e9sente une pierre angulaire de l'histoire de notre patrie. La bataille de Verti\u00e8res, qui\u2026","rel":"","context":"Dans &quot;Activit\u00e9s&quot;","block_context":{"text":"Activit\u00e9s","link":"https:\/\/fmahaiti.org\/site\/category\/activites\/"},"img":{"alt_text":"","src":"https:\/\/i0.wp.com\/fmahaiti.org\/site\/wp-content\/uploads\/2023\/11\/18-Novembre-v.jpg?fit=576%2C408&ssl=1&resize=350%2C200","width":350,"height":200,"srcset":"https:\/\/i0.wp.com\/fmahaiti.org\/site\/wp-content\/uploads\/2023\/11\/18-Novembre-v.jpg?fit=576%2C408&ssl=1&resize=350%2C200 1x, https:\/\/i0.wp.com\/fmahaiti.org\/site\/wp-content\/uploads\/2023\/11\/18-Novembre-v.jpg?fit=576%2C408&ssl=1&resize=525%2C300 1.5x"},"classes":[]},{"id":6823,"url":"https:\/\/fmahaiti.org\/site\/2023\/11\/21\/ceremonie-spectaculaire-de-la-bataille-de-vertieres-hinche\/","url_meta":{"origin":10120,"position":1},"title":"C\u00e9r\u00e9monie spectaculaire \u00a0de la bataille de Verti\u00e8res (Hinche)","author":"Sacre-Coeur Hinche","date":"21 novembre 2023","format":false,"excerpt":"La Bataille de Verti\u00e8res est un \u00e9v\u00e9nement historique de tr\u00e8s grande importance qui appartient d'abord et en tout premier lieu \u00e0 la nation ha\u00eftienne. Situ\u00e9 pr\u00e8s de la ville du Cap dans le Nord d\u2019 Ha\u00efti, Verti\u00e8res est le lieu d\u2019une bataille d\u00e9cisive de l\u2019Histoire Ha\u00eftienne. Le 18 Novembre 1803,\u2026","rel":"","context":"Dans &quot;Activit\u00e9s&quot;","block_context":{"text":"Activit\u00e9s","link":"https:\/\/fmahaiti.org\/site\/category\/activites\/"},"img":{"alt_text":"","src":"https:\/\/i0.wp.com\/fmahaiti.org\/site\/wp-content\/uploads\/2023\/11\/18-No.jpg?fit=1040%2C478&ssl=1&resize=350%2C200","width":350,"height":200,"srcset":"https:\/\/i0.wp.com\/fmahaiti.org\/site\/wp-content\/uploads\/2023\/11\/18-No.jpg?fit=1040%2C478&ssl=1&resize=350%2C200 1x, https:\/\/i0.wp.com\/fmahaiti.org\/site\/wp-content\/uploads\/2023\/11\/18-No.jpg?fit=1040%2C478&ssl=1&resize=525%2C300 1.5x, https:\/\/i0.wp.com\/fmahaiti.org\/site\/wp-content\/uploads\/2023\/11\/18-No.jpg?fit=1040%2C478&ssl=1&resize=700%2C400 2x"},"classes":[]},{"id":10285,"url":"https:\/\/fmahaiti.org\/site\/2024\/11\/24\/bataille-de-vertieres-un-evenement-inoubliable\/","url_meta":{"origin":10120,"position":2},"title":"Bataille de Verti\u00e8res, un \u00e9v\u00e8nement inoubliable!","author":"Sacre-Coeur Hinche","date":"24 novembre 2024","format":false,"excerpt":"La bataille de Verti\u00e8res, ultime affrontement ayant conduit \u00e0 l\u2019ind\u00e9pendance d\u2019Ha\u00efti, est c\u00e9l\u00e9br\u00e9e non seulement comme une victoire militaire, mais surtout comme un symbole universel d\u2019espoir et de libert\u00e9. C\u2019est une comm\u00e9moration nationale en m\u00e9moire de nos combattants pour la lib\u00e9ration contre l\u2019esclavage. Cette bataille nous interpelle encore aujourd\u2019hui, c\u2019est\u2026","rel":"","context":"Dans &quot;Activit\u00e9s&quot;","block_context":{"text":"Activit\u00e9s","link":"https:\/\/fmahaiti.org\/site\/category\/activites\/"},"img":{"alt_text":"","src":"https:\/\/i0.wp.com\/fmahaiti.org\/site\/wp-content\/uploads\/2024\/11\/IMG_20241115_084054_639-scaled.jpg?fit=1200%2C593&ssl=1&resize=350%2C200","width":350,"height":200,"srcset":"https:\/\/i0.wp.com\/fmahaiti.org\/site\/wp-content\/uploads\/2024\/11\/IMG_20241115_084054_639-scaled.jpg?fit=1200%2C593&ssl=1&resize=350%2C200 1x, https:\/\/i0.wp.com\/fmahaiti.org\/site\/wp-content\/uploads\/2024\/11\/IMG_20241115_084054_639-scaled.jpg?fit=1200%2C593&ssl=1&resize=525%2C300 1.5x, https:\/\/i0.wp.com\/fmahaiti.org\/site\/wp-content\/uploads\/2024\/11\/IMG_20241115_084054_639-scaled.jpg?fit=1200%2C593&ssl=1&resize=700%2C400 2x, https:\/\/i0.wp.com\/fmahaiti.org\/site\/wp-content\/uploads\/2024\/11\/IMG_20241115_084054_639-scaled.jpg?fit=1200%2C593&ssl=1&resize=1050%2C600 3x"},"classes":[]},{"id":13560,"url":"https:\/\/fmahaiti.org\/site\/2025\/11\/23\/lesprit-de-vertieres-revient\/","url_meta":{"origin":10120,"position":3},"title":"L&rsquo;esprit de Vertieres revient!","author":"Marie Auxiliatrice Gommiers","date":"23 novembre 2025","format":false,"excerpt":"\u200bLa date du 17 novembre 2025 restera grav\u00e9e dans les m\u00e9moires gr\u00e2ce \u00e0 une comm\u00e9moration vibrante et \u00e9mouvante de la Bataille de Verti\u00e8res v\u00e9cue avec la classe de la 4eme ann\u00e9e accompagn\u00e9e de leur professeur Mr Paul Roody CHERY. Cette l\u00e9gendaire bataille fut l'un des plus grands \u00e9v\u00e9nements de notre\u2026","rel":"","context":"Dans &quot;Comm\u00e9moration&quot;","block_context":{"text":"Comm\u00e9moration","link":"https:\/\/fmahaiti.org\/site\/category\/commemoration\/"},"img":{"alt_text":"","src":"https:\/\/i0.wp.com\/fmahaiti.org\/site\/wp-content\/uploads\/2025\/11\/eac25a3d-39ef-4a85-aaef-e151647f6286.jpeg?fit=395%2C962&ssl=1&resize=350%2C200","width":350,"height":200},"classes":[]},{"id":6770,"url":"https:\/\/fmahaiti.org\/site\/2023\/11\/20\/un-18-novembre-pas-comme-les-autres\/","url_meta":{"origin":10120,"position":4},"title":"Un 18 Novembre pas comme les autres","author":"Marie Auxiliatrice Cap-Haitien","date":"20 novembre 2023","format":false,"excerpt":"\u00ab\u00a0Un peuple sans m\u00e9moire est un peuple sans avenir\u00a0\u00bb, disait Aim\u00e9 C\u00e9saire. La Bataille de Verti\u00e8res fut le dernier combat sanglant de l\u2019arm\u00e9e indig\u00e8ne de Jean Jacques Dessalines contre la plus forte arm\u00e9e de l\u2019Europe de Napol\u00e9on Bonaparte. 18 Novembre 1803-18Novembre 2023, 220 ans d\u00e9j\u00e0 depuis que nos h\u00e9ros ont\u2026","rel":"","context":"Dans &quot;Comm\u00e9moration&quot;","block_context":{"text":"Comm\u00e9moration","link":"https:\/\/fmahaiti.org\/site\/category\/commemoration\/"},"img":{"alt_text":"","src":"https:\/\/i0.wp.com\/fmahaiti.org\/site\/wp-content\/uploads\/2023\/11\/18-Nov-scaled.jpg?fit=900%2C1200&ssl=1&resize=350%2C200","width":350,"height":200,"srcset":"https:\/\/i0.wp.com\/fmahaiti.org\/site\/wp-content\/uploads\/2023\/11\/18-Nov-scaled.jpg?fit=900%2C1200&ssl=1&resize=350%2C200 1x, https:\/\/i0.wp.com\/fmahaiti.org\/site\/wp-content\/uploads\/2023\/11\/18-Nov-scaled.jpg?fit=900%2C1200&ssl=1&resize=525%2C300 1.5x, https:\/\/i0.wp.com\/fmahaiti.org\/site\/wp-content\/uploads\/2023\/11\/18-Nov-scaled.jpg?fit=900%2C1200&ssl=1&resize=700%2C400 2x"},"classes":[]},{"id":10289,"url":"https:\/\/fmahaiti.org\/site\/2024\/11\/24\/vertieres-fierte-dun-passe-defis-dun-present\/","url_meta":{"origin":10120,"position":5},"title":"Verti\u00e8res : Fiert\u00e9 d&rsquo;un pass\u00e9, d\u00e9fis d&rsquo;un pr\u00e9sent!","author":"Sr Monette Octave","date":"24 novembre 2024","format":false,"excerpt":"Le vendredi 15 novembre dernier, l'Institution la Sal\u00e9sienne a plong\u00e9 ses \u00e9l\u00e8ves et tout le personnel au c\u0153ur de l'histoire d'Ha\u00efti en comm\u00e9morant la bataille de Verti\u00e8res. Cet \u00e9v\u00e9nement marquant, qui a scell\u00e9 l'ind\u00e9pendance du premier \u00c9tat noir libre, a \u00e9t\u00e9 c\u00e9l\u00e9br\u00e9 avec une ferveur particuli\u00e8re au sein de l'\u00e9tablissement.\u2026","rel":"","context":"Dans &quot;Activit\u00e9s&quot;","block_context":{"text":"Activit\u00e9s","link":"https:\/\/fmahaiti.org\/site\/category\/activites\/"},"img":{"alt_text":"","src":"https:\/\/i0.wp.com\/fmahaiti.org\/site\/wp-content\/uploads\/2024\/11\/1732310760145blob.png?fit=1200%2C675&ssl=1&resize=350%2C200","width":350,"height":200,"srcset":"https:\/\/i0.wp.com\/fmahaiti.org\/site\/wp-content\/uploads\/2024\/11\/1732310760145blob.png?fit=1200%2C675&ssl=1&resize=350%2C200 1x, https:\/\/i0.wp.com\/fmahaiti.org\/site\/wp-content\/uploads\/2024\/11\/1732310760145blob.png?fit=1200%2C675&ssl=1&resize=525%2C300 1.5x, https:\/\/i0.wp.com\/fmahaiti.org\/site\/wp-content\/uploads\/2024\/11\/1732310760145blob.png?fit=1200%2C675&ssl=1&resize=700%2C400 2x, https:\/\/i0.wp.com\/fmahaiti.org\/site\/wp-content\/uploads\/2024\/11\/1732310760145blob.png?fit=1200%2C675&ssl=1&resize=1050%2C600 3x"},"classes":[]}],"_links":{"self":[{"href":"https:\/\/fmahaiti.org\/site\/wp-json\/wp\/v2\/posts\/10120","targetHints":{"allow":["GET"]}}],"collection":[{"href":"https:\/\/fmahaiti.org\/site\/wp-json\/wp\/v2\/posts"}],"about":[{"href":"https:\/\/fmahaiti.org\/site\/wp-json\/wp\/v2\/types\/post"}],"author":[{"embeddable":true,"href":"https:\/\/fmahaiti.org\/site\/wp-json\/wp\/v2\/users\/11"}],"replies":[{"embeddable":true,"href":"https:\/\/fmahaiti.org\/site\/wp-json\/wp\/v2\/comments?post=10120"}],"version-history":[{"count":4,"href":"https:\/\/fmahaiti.org\/site\/wp-json\/wp\/v2\/posts\/10120\/revisions"}],"predecessor-version":[{"id":10167,"href":"https:\/\/fmahaiti.org\/site\/wp-json\/wp\/v2\/posts\/10120\/revisions\/10167"}],"wp:featuredmedia":[{"embeddable":true,"href":"https:\/\/fmahaiti.org\/site\/wp-json\/wp\/v2\/media\/10159"}],"wp:attachment":[{"href":"https:\/\/fmahaiti.org\/site\/wp-json\/wp\/v2\/media?parent=10120"}],"wp:term":[{"taxonomy":"category","embeddable":true,"href":"https:\/\/fmahaiti.org\/site\/wp-json\/wp\/v2\/categories?post=10120"},{"taxonomy":"post_tag","embeddable":true,"href":"https:\/\/fmahaiti.org\/site\/wp-json\/wp\/v2\/tags?post=10120"}],"curies":[{"name":"wp","href":"https:\/\/api.w.org\/{rel}","templated":true}]}}