{"id":10111,"date":"2024-11-16T14:45:26","date_gmt":"2024-11-16T19:45:26","guid":{"rendered":"https:\/\/fmahaiti.org\/site\/?p=10111"},"modified":"2024-11-16T14:45:26","modified_gmt":"2024-11-16T19:45:26","slug":"formation-inspirante-des-profajistes","status":"publish","type":"post","link":"https:\/\/fmahaiti.org\/site\/2024\/11\/16\/formation-inspirante-des-profajistes\/","title":{"rendered":"Formation inspirante des profajistes!"},"content":{"rendered":"<p><img data-recalc-dims=\"1\" loading=\"lazy\" decoding=\"async\" class=\"alignnone wp-image-10148 size-full\" src=\"https:\/\/i0.wp.com\/fmahaiti.org\/site\/wp-content\/uploads\/2024\/11\/anima.png?resize=843%2C843&#038;ssl=1\" alt=\"\" width=\"843\" height=\"843\" srcset=\"https:\/\/i0.wp.com\/fmahaiti.org\/site\/wp-content\/uploads\/2024\/11\/anima.png?w=1080&amp;ssl=1 1080w, https:\/\/i0.wp.com\/fmahaiti.org\/site\/wp-content\/uploads\/2024\/11\/anima.png?resize=300%2C300&amp;ssl=1 300w, https:\/\/i0.wp.com\/fmahaiti.org\/site\/wp-content\/uploads\/2024\/11\/anima.png?resize=1024%2C1024&amp;ssl=1 1024w, https:\/\/i0.wp.com\/fmahaiti.org\/site\/wp-content\/uploads\/2024\/11\/anima.png?resize=150%2C150&amp;ssl=1 150w, https:\/\/i0.wp.com\/fmahaiti.org\/site\/wp-content\/uploads\/2024\/11\/anima.png?resize=768%2C768&amp;ssl=1 768w\" sizes=\"auto, (max-width: 843px) 100vw, 843px\" \/><\/p>\n<p>L\u2019activit\u00e9 PROFAJ, destin\u00e9 \u00e0 former et \u00e0 accompagner les animateurs de la pastorale sal\u00e9sienne des jeunes, a r\u00e9cemment repris son envol avec une premi\u00e8re session de formation en ligne, qui s&rsquo;est tenue du vendredi au 1<sup>er<\/sup> dimanche 3 novembre 2024. Cette rencontre, orchestr\u00e9e par le comit\u00e9 mixte de la pastorale sal\u00e9sienne, a r\u00e9uni les jeunes animateurs dans une dynamique de partage et de croissance spirituelle. Les FMA juniores ont \u00e9galement pris part \u00e0 cette formation. Pendant trois jours, les participants ont approfondi des th\u00e8mes essentiels pour leur mission \u00e9ducative, enrichissant leur vocation d\u2019animateurs (trices) au sein de la communaut\u00e9 sal\u00e9sienne. Ce temps de formation s\u2019est r\u00e9v\u00e9l\u00e9 bien plus qu&rsquo;un simple apprentissage th\u00e9orique : il s&rsquo;est impos\u00e9 comme une exp\u00e9rience immersive et transformatrice, portant en lui une promesse de renouveau et d&rsquo;inspiration pour l\u2019accompagnement des jeunes.<img data-recalc-dims=\"1\" loading=\"lazy\" decoding=\"async\" class=\"alignright wp-image-10150 size-medium\" src=\"https:\/\/i0.wp.com\/fmahaiti.org\/site\/wp-content\/uploads\/2024\/11\/Anse-a-P.jpg?resize=300%2C225&#038;ssl=1\" alt=\"\" width=\"300\" height=\"225\" srcset=\"https:\/\/i0.wp.com\/fmahaiti.org\/site\/wp-content\/uploads\/2024\/11\/Anse-a-P.jpg?resize=300%2C225&amp;ssl=1 300w, https:\/\/i0.wp.com\/fmahaiti.org\/site\/wp-content\/uploads\/2024\/11\/Anse-a-P.jpg?resize=1024%2C768&amp;ssl=1 1024w, https:\/\/i0.wp.com\/fmahaiti.org\/site\/wp-content\/uploads\/2024\/11\/Anse-a-P.jpg?resize=768%2C576&amp;ssl=1 768w, https:\/\/i0.wp.com\/fmahaiti.org\/site\/wp-content\/uploads\/2024\/11\/Anse-a-P.jpg?w=1040&amp;ssl=1 1040w\" sizes=\"auto, (max-width: 300px) 100vw, 300px\" \/><\/p>\n<p>Cette formation, introduite avec bienveillance par la conseill\u00e8re provinciale FMA d\u00e9l\u00e9gu\u00e9e de la pastorale, s\u0153ur Mathilde PIARD, s\u2019\u00e9tendra sur un cycle de deux ans. Par son mot de bienvenue, Sr Mathilde a ouvert la voie \u00e0 des r\u00e9flexions profondes sur notre r\u00f4le en tant qu\u2019animateurs profajistes en guidant les participants dans une consid\u00e9ration des fondements m\u00eames de leur vocation. Pour l&rsquo;ouverture, une atmosph\u00e8re de recueillement et de fraternit\u00e9 s&rsquo;est \u00e9tablie, marqu\u00e9e par la pri\u00e8re initiale guid\u00e9e par s\u0153ur Lucienne FRANCOIS fma, qui a invit\u00e9 chaque participant \u00e0 se pr\u00e9parer int\u00e9rieurement pour ces trois jours d\u2019apprentissage et de r\u00e9flexion. Sous la mod\u00e9ration bienveillante du p\u00e8re Frantz-Kerly JEAN-BAPTISTE sdb, la session a pris un envol spirituel et didactique, int\u00e9grant des moments d\u2019introspection, de partage, et de formation autour de la mission sal\u00e9sienne. La formation a \u00e9t\u00e9 men\u00e9e avec profondeur par la psychologue, s\u0153ur Rose Dominique GIRAUD fma, qui a su \u00e9veiller les c\u0153urs et stimuler les esprits. \u00c0 travers des \u00e9changes riches et des ateliers interactifs, elle a guid\u00e9 les s\u0153urs et les jeunes accompagnateurs dans une exploration des diff\u00e9rents types de temp\u00e9raments humains, soulignant l&rsquo;importance d&rsquo;accueillir et de valoriser la diversit\u00e9 au sein de leur communaut\u00e9 \u00e9ducative. Ce voyage int\u00e9rieur \u00e9tait une invitation \u00e0 comprendre chaque temp\u00e9rament comme une richesse, un atout permettant de cr\u00e9er un environnement d&rsquo;apprentissage inclusif et harmonieux o\u00f9 chaque jeune peut s\u2019\u00e9panouir pleinement. Elle a \u00e9galement mis l\u2019accent sur les quatre dimensions essentielles de l\u2019engagement sal\u00e9sien, \u00e0 savoir, les dimensions humaine, chr\u00e9tienne, sal\u00e9sienne et citoyenne. Chaque dimension a \u00e9t\u00e9 abord\u00e9e de mani\u00e8re approfondie pour aider les profajistes \u00e0 int\u00e9grer l\u2019id\u00e9e que leur mission \u00e9ducative d\u00e9passe la simple transmission de savoirs acad\u00e9miques. Il s\u2019agit d\u2019inspirer, de former des jeunes \u00e9panouis, conscients de leurs responsabilit\u00e9s envers autrui et la soci\u00e9t\u00e9. En cela, le PROFAJ incarne une approche holistique qui invite les profajistes \u00e0 puiser dans leur propre potentiel pour mieux accompagner ceux qu\u2019ils encadrent.<\/p>\n<p><img data-recalc-dims=\"1\" loading=\"lazy\" decoding=\"async\" class=\"alignleft wp-image-10151 size-medium\" src=\"https:\/\/i0.wp.com\/fmahaiti.org\/site\/wp-content\/uploads\/2024\/11\/Jacmel.jpg?resize=225%2C300&#038;ssl=1\" alt=\"\" width=\"225\" height=\"300\" srcset=\"https:\/\/i0.wp.com\/fmahaiti.org\/site\/wp-content\/uploads\/2024\/11\/Jacmel.jpg?resize=225%2C300&amp;ssl=1 225w, https:\/\/i0.wp.com\/fmahaiti.org\/site\/wp-content\/uploads\/2024\/11\/Jacmel.jpg?resize=768%2C1024&amp;ssl=1 768w, https:\/\/i0.wp.com\/fmahaiti.org\/site\/wp-content\/uploads\/2024\/11\/Jacmel.jpg?w=1080&amp;ssl=1 1080w\" sizes=\"auto, (max-width: 225px) 100vw, 225px\" \/>Par cette formation, Sr Rose Dominique a rappel\u00e9 \u00e0 chacun l&rsquo;importance de la connaissance de soi. Pour \u00eatre pleinement pr\u00e9sents dans nos relations et d\u00e9couvrir notre potentiel cr\u00e9atif, nous devons d&rsquo;abord plonger au c\u0153ur de nous-m\u00eames, a-t-elle d\u00e9clar\u00e9. Elle a encourag\u00e9 les accompagnateurs \u00e0 prendre le temps de s&rsquo;accepter, de reconna\u00eetre leur valeur unique et irrempla\u00e7able, comme un acte fondamental pour pouvoir aimer et cr\u00e9er avec authenticit\u00e9. En se connaissant mieux, les profajistes peuvent devenir des \u00eatres plus ouverts, capables d\u2019offrir le meilleur d\u2019eux-m\u00eames au monde qui les entoure.<\/p>\n<p>Dans un appel touchant, p\u00e8re Morachel BONHOMME sup\u00e9rieur provincial des sal\u00e9siens de Don Bosco en Ha\u00efti, a rappel\u00e9, au terme de la journ\u00e9e, l&rsquo;importance de \u00ab former notre c\u0153ur \u00bb. Ses paroles ont retenti comme un rappel bienveillant de la n\u00e9cessit\u00e9 d&rsquo;incarner la compassion, la patience et l&#8217;empathie dans chaque geste quotidien. C\u2019est \u00e0 travers un c\u0153ur ouvert et g\u00e9n\u00e9reux que les accompagnateurs peuvent toucher et inspirer ceux qu\u2019ils accompagnent. Nous avons \u00e9galement eu l\u2019honneur d\u2019entendre le p\u00e8re Rolin\u00e9 JOSEPH sdb, qui a partag\u00e9 avec passion les caract\u00e9ristiques essentielles d\u2019un profajiste, soulignant notamment l\u2019importance cruciale de la ponctualit\u00e9. Ses mots ont \u00e9t\u00e9 un rappel pertinent de l\u2019engagement que chacun doit cultiver dans son parcours, tant sur le plan personnel que professionnel. Chaque journ\u00e9e de formation a \u00e9t\u00e9 ponctu\u00e9e de moments d\u2019introspections, d\u2019ateliers de travail et d\u2019animation permettant aux participants de mieux se situer en tant que jeunes et de renforcer leur connexion spirituelle. \u00c0 la fin de cette exp\u00e9rience transformatrice, s\u0153ur Judith DELISMA, fma a anim\u00e9 la pri\u00e8re finale, un moment de gr\u00e2ce qui a clos la session sur une note d\u2019inspiration et de gratitude, laissant \u00e0 chacun des participants un sentiment de renouveau et de d\u00e9termination.<\/p>\n<p>Cette premi\u00e8re session du PROFAJ n\u2019a pas seulement transmis des comp\u00e9tences p\u00e9dagogiques aux profajistes ; elle a aussi nourri leur esprit et fortifi\u00e9 leur vocation. En repartant, ils sont plus d\u00e9termin\u00e9s, pr\u00eats \u00e0 incarner les valeurs sal\u00e9siennes et \u00e0 accompagner les jeunes avec un amour authentique et bienveillant.<img data-recalc-dims=\"1\" loading=\"lazy\" decoding=\"async\" class=\"alignright wp-image-10152 size-medium\" src=\"https:\/\/i0.wp.com\/fmahaiti.org\/site\/wp-content\/uploads\/2024\/11\/Kens.jpg?resize=300%2C300&#038;ssl=1\" alt=\"\" width=\"300\" height=\"300\" srcset=\"https:\/\/i0.wp.com\/fmahaiti.org\/site\/wp-content\/uploads\/2024\/11\/Kens.jpg?resize=300%2C300&amp;ssl=1 300w, https:\/\/i0.wp.com\/fmahaiti.org\/site\/wp-content\/uploads\/2024\/11\/Kens.jpg?resize=1024%2C1024&amp;ssl=1 1024w, https:\/\/i0.wp.com\/fmahaiti.org\/site\/wp-content\/uploads\/2024\/11\/Kens.jpg?resize=150%2C150&amp;ssl=1 150w, https:\/\/i0.wp.com\/fmahaiti.org\/site\/wp-content\/uploads\/2024\/11\/Kens.jpg?resize=768%2C768&amp;ssl=1 768w, https:\/\/i0.wp.com\/fmahaiti.org\/site\/wp-content\/uploads\/2024\/11\/Kens.jpg?w=1080&amp;ssl=1 1080w\" sizes=\"auto, (max-width: 300px) 100vw, 300px\" \/><\/p>\n<p>Que cet \u00e9lan continue de guider leur mission, les inspirant \u00e0 semer des graines de sagesse et de compassion dans le c\u0153ur des g\u00e9n\u00e9rations \u00e0 venir\u00a0!<\/p>\n<p>Les S\u0153urs juniores de la communaut\u00e9 Madeleine Morano de Jacmel.<\/p>\n<p>&nbsp;<\/p>\n","protected":false},"excerpt":{"rendered":"<p>L\u2019activit\u00e9 PROFAJ, destin\u00e9 \u00e0 former et \u00e0 accompagner les animateurs de la pastorale sal\u00e9sienne des jeunes, a r\u00e9cemment repris son envol avec une premi\u00e8re session&hellip;<\/p>\n","protected":false},"author":11,"featured_media":10148,"comment_status":"open","ping_status":"open","sticky":false,"template":"","format":"standard","meta":{"_jetpack_memberships_contains_paid_content":false,"footnotes":"","jetpack_publicize_message":"","jetpack_publicize_feature_enabled":true,"jetpack_social_post_already_shared":true,"jetpack_social_options":{"image_generator_settings":{"template":"highway","default_image_id":0,"font":"","enabled":false},"version":2}},"categories":[13,9],"tags":[],"class_list":["post-10111","post","type-post","status-publish","format-standard","has-post-thumbnail","hentry","category-activites","category-jeunes"],"jetpack_publicize_connections":[],"jetpack_featured_media_url":"https:\/\/i0.wp.com\/fmahaiti.org\/site\/wp-content\/uploads\/2024\/11\/anima.png?fit=1080%2C1080&ssl=1","jetpack_sharing_enabled":true,"jetpack_shortlink":"https:\/\/wp.me\/pcR5kd-2D5","jetpack-related-posts":[{"id":11748,"url":"https:\/\/fmahaiti.org\/site\/2025\/03\/25\/don-fabio-attard-xi-successeur-de-don-bosco-felicitations\/","url_meta":{"origin":10111,"position":0},"title":"Don Fabio Attard XI Successeur de Don Bosco: F\u00e9licitations!","author":"Sr Martha Seide","date":"25 mars 2025","format":false,"excerpt":"Les Filles de Marie Auxiliatrice d'Haiti pr\u00e9sentent leurs chaleureuses F\u00e9licitations au Nouveau Recteur Majeur, Don Fabio Attard, XI\u00b0 Successeur de Don Bosco. Nous l'accompagnons par notre pri\u00e8re et nous lui souhaitons: Bonne mission! \u00a0 (ANS \u2013 Turin)\u00a0\u2013 L\u2019\u00e9lection du P\u00e8re\u00a0Fabio Attard\u00a0comme\u00a011e successeur de Don Bosco\u00a0marque un moment historique pour la\u2026","rel":"","context":"Dans &quot;Famille Sal\u00e9sienne&quot;","block_context":{"text":"Famille Sal\u00e9sienne","link":"https:\/\/fmahaiti.org\/site\/category\/famille-salesienne\/"},"img":{"alt_text":"","src":"https:\/\/i0.wp.com\/fmahaiti.org\/site\/wp-content\/uploads\/2025\/03\/don-Attard.jpg?fit=655%2C457&ssl=1&resize=350%2C200","width":350,"height":200,"srcset":"https:\/\/i0.wp.com\/fmahaiti.org\/site\/wp-content\/uploads\/2025\/03\/don-Attard.jpg?fit=655%2C457&ssl=1&resize=350%2C200 1x, https:\/\/i0.wp.com\/fmahaiti.org\/site\/wp-content\/uploads\/2025\/03\/don-Attard.jpg?fit=655%2C457&ssl=1&resize=525%2C300 1.5x"},"classes":[]},{"id":1344,"url":"https:\/\/fmahaiti.org\/site\/2021\/04\/09\/paques-des-jeunes-2021\/","url_meta":{"origin":10111,"position":1},"title":"P\u00e2ques des jeunes en Haiti, une lueur d&rsquo;esp\u00e9rance","author":"Sr Martha Seide","date":"9 avril 2021","format":false,"excerpt":"Du 1er au 4 Avril 2021, la majorit\u00e9 des communaut\u00e9s ont r\u00e9alis\u00e9 la P\u00e2ques des jeunes; dans plusieurs endroits. Les Filles de Marie Auxiliatrice et les Sal\u00e9siens de Don Bosco l\u2019ont fait ensemble. Une occasion, pour eux d\"aider les jeunes \u00e0 vivre les diff\u00e9rents moments du Saint Triduum pascal dans\u2026","rel":"","context":"Dans &quot;Espace Jeunes&quot;","block_context":{"text":"Espace Jeunes","link":"https:\/\/fmahaiti.org\/site\/category\/jeunes\/"},"img":{"alt_text":"","src":"https:\/\/i0.wp.com\/fmahaiti.org\/site\/wp-content\/uploads\/2021\/04\/pajeunes-3-1.jpeg?fit=1008%2C756&ssl=1&resize=350%2C200","width":350,"height":200,"srcset":"https:\/\/i0.wp.com\/fmahaiti.org\/site\/wp-content\/uploads\/2021\/04\/pajeunes-3-1.jpeg?fit=1008%2C756&ssl=1&resize=350%2C200 1x, https:\/\/i0.wp.com\/fmahaiti.org\/site\/wp-content\/uploads\/2021\/04\/pajeunes-3-1.jpeg?fit=1008%2C756&ssl=1&resize=525%2C300 1.5x, https:\/\/i0.wp.com\/fmahaiti.org\/site\/wp-content\/uploads\/2021\/04\/pajeunes-3-1.jpeg?fit=1008%2C756&ssl=1&resize=700%2C400 2x"},"classes":[]},{"id":11769,"url":"https:\/\/fmahaiti.org\/site\/2025\/04\/01\/la-fructueuse-session-des-profajistes\/","url_meta":{"origin":10111,"position":2},"title":"La fructueuse session des Profajistes!","author":"Sr Monette Octave","date":"1 avril 2025","format":false,"excerpt":"Le comit\u00e9 mixte de la pastorale des jeunes a organis\u00e9 du 28 au 30 mars, la deuxi\u00e8me session de PROFAJ autour du th\u00e8me : \u00ab La dimension chr\u00e9tienne d\u2019un animateur \u00bb. Cette session de formation avait pour objectif d\u2019aider les jeunes animateurs \u00e0 r\u00e9fl\u00e9chir sur leur propre r\u00e9alit\u00e9 avec le\u2026","rel":"","context":"Dans &quot;Activit\u00e9s&quot;","block_context":{"text":"Activit\u00e9s","link":"https:\/\/fmahaiti.org\/site\/category\/activites\/"},"img":{"alt_text":"","src":"https:\/\/i0.wp.com\/fmahaiti.org\/site\/wp-content\/uploads\/2025\/04\/thumbnail-4.jpg?fit=675%2C686&ssl=1&resize=350%2C200","width":350,"height":200,"srcset":"https:\/\/i0.wp.com\/fmahaiti.org\/site\/wp-content\/uploads\/2025\/04\/thumbnail-4.jpg?fit=675%2C686&ssl=1&resize=350%2C200 1x, https:\/\/i0.wp.com\/fmahaiti.org\/site\/wp-content\/uploads\/2025\/04\/thumbnail-4.jpg?fit=675%2C686&ssl=1&resize=525%2C300 1.5x"},"classes":[]},{"id":11921,"url":"https:\/\/fmahaiti.org\/site\/2025\/04\/21\/paques-des-jeunes-2025-aux-anses-a-pitres\/","url_meta":{"origin":10111,"position":3},"title":"P\u00e2ques des jeunes 2025 aux Anses-\u00e0-Pitres!","author":"Sr Monette Octave","date":"21 avril 2025","format":false,"excerpt":"P\u00e2ques des jeunes 2025 aux Anses-\u00e0-Pitres,\u00a0Une exp\u00e9rience qui fait na\u00eetre la joie du ressuscit\u00e9 et qui enflamme le c\u0153ur des Enfants et\u00a0 des jeunes Le Jeudi 17 Avril, quatri\u00e8me \u00a0jour de la semaine sainte,\u00a0 une centaine de jeunes sortant des diff\u00e9rentes chapelles de\u00a0: (Bony, T\u00eate \u00e0 l\u2019eau, Banane) foulent le\u2026","rel":"","context":"Dans &quot;Activit\u00e9s&quot;","block_context":{"text":"Activit\u00e9s","link":"https:\/\/fmahaiti.org\/site\/category\/activites\/"},"img":{"alt_text":"","src":"https:\/\/i0.wp.com\/fmahaiti.org\/site\/wp-content\/uploads\/2025\/04\/IMG_20250420_104851_399-scaled.jpg?fit=1092%2C1200&ssl=1&resize=350%2C200","width":350,"height":200,"srcset":"https:\/\/i0.wp.com\/fmahaiti.org\/site\/wp-content\/uploads\/2025\/04\/IMG_20250420_104851_399-scaled.jpg?fit=1092%2C1200&ssl=1&resize=350%2C200 1x, https:\/\/i0.wp.com\/fmahaiti.org\/site\/wp-content\/uploads\/2025\/04\/IMG_20250420_104851_399-scaled.jpg?fit=1092%2C1200&ssl=1&resize=525%2C300 1.5x, https:\/\/i0.wp.com\/fmahaiti.org\/site\/wp-content\/uploads\/2025\/04\/IMG_20250420_104851_399-scaled.jpg?fit=1092%2C1200&ssl=1&resize=700%2C400 2x, https:\/\/i0.wp.com\/fmahaiti.org\/site\/wp-content\/uploads\/2025\/04\/IMG_20250420_104851_399-scaled.jpg?fit=1092%2C1200&ssl=1&resize=1050%2C600 3x"},"classes":[]},{"id":13407,"url":"https:\/\/fmahaiti.org\/site\/2025\/11\/06\/lancement-des-groupes-2025-2026-a-linstitution-la-salesienne\/","url_meta":{"origin":10111,"position":4},"title":"Lancement des groupes 2025-2026 \u00e0 l\u2019Institution La Sal\u00e9sienne","author":"La Salesienne Ouanaminthe","date":"6 novembre 2025","format":false,"excerpt":"Th\u00e8me : \u00ab Soude nan lafwa, lib nan lespri, n\u2019ap s\u00e8vi \u00bb. Le samedi 25 octobre 2025, l\u2019Institution La Sal\u00e9sienne a vibr\u00e9 au rythme de la foi, de la joie et de la communion \u00e0 l\u2019occasion du lancement des groupes d\u2019engagement pour l\u2019ann\u00e9e pastorale 2025-2026. Cette activit\u00e9 annuelle tr\u00e8s attendue\u2026","rel":"","context":"Dans &quot;Activit\u00e9s&quot;","block_context":{"text":"Activit\u00e9s","link":"https:\/\/fmahaiti.org\/site\/category\/activites\/"},"img":{"alt_text":"","src":"https:\/\/i0.wp.com\/fmahaiti.org\/site\/wp-content\/uploads\/2025\/11\/thumbnail-1.jpeg?fit=1200%2C426&ssl=1&resize=350%2C200","width":350,"height":200,"srcset":"https:\/\/i0.wp.com\/fmahaiti.org\/site\/wp-content\/uploads\/2025\/11\/thumbnail-1.jpeg?fit=1200%2C426&ssl=1&resize=350%2C200 1x, https:\/\/i0.wp.com\/fmahaiti.org\/site\/wp-content\/uploads\/2025\/11\/thumbnail-1.jpeg?fit=1200%2C426&ssl=1&resize=525%2C300 1.5x, https:\/\/i0.wp.com\/fmahaiti.org\/site\/wp-content\/uploads\/2025\/11\/thumbnail-1.jpeg?fit=1200%2C426&ssl=1&resize=700%2C400 2x, https:\/\/i0.wp.com\/fmahaiti.org\/site\/wp-content\/uploads\/2025\/11\/thumbnail-1.jpeg?fit=1200%2C426&ssl=1&resize=1050%2C600 3x"},"classes":[]},{"id":11123,"url":"https:\/\/fmahaiti.org\/site\/2024\/12\/31\/evaluation-de-litineraire-de-lequipe-pastorale-des-salesiennes-dhaiti\/","url_meta":{"origin":10111,"position":5},"title":"Evaluation de l\u2019itin\u00e9raire de l\u2019Equipe Pastorale des Sal\u00e9siennes d&rsquo;Ha\u00efti!","author":"Sr Monette Octave","date":"31 d\u00e9cembre 2024","format":false,"excerpt":"Ce\u00a0 Lundi 30 D\u00e9cembre 2024, \u00e0 compter de 8h 30 AM, a eu lieu l\u2019\u00e9valuation du parcours de l\u2019\u00e9quipe pastorale en compagnie des diff\u00e9rentes d\u00e9l\u00e9gu\u00e9es en ligne. Sr Mathilde Piard a introduit ce moment par la pri\u00e8re suivie de la salutation de la Provinciale Sr Altagr\u00e2ce Mathias qui a encourag\u00e9\u2026","rel":"","context":"Dans &quot;Vie de la Province&quot;","block_context":{"text":"Vie de la Province","link":"https:\/\/fmahaiti.org\/site\/category\/vie-de-la-province\/"},"img":{"alt_text":"","src":"https:\/\/i0.wp.com\/fmahaiti.org\/site\/wp-content\/uploads\/2025\/01\/6ada4638-6c57-40bd-9bcd-5ba31a8d1091.jpg?fit=1200%2C415&ssl=1&resize=350%2C200","width":350,"height":200,"srcset":"https:\/\/i0.wp.com\/fmahaiti.org\/site\/wp-content\/uploads\/2025\/01\/6ada4638-6c57-40bd-9bcd-5ba31a8d1091.jpg?fit=1200%2C415&ssl=1&resize=350%2C200 1x, https:\/\/i0.wp.com\/fmahaiti.org\/site\/wp-content\/uploads\/2025\/01\/6ada4638-6c57-40bd-9bcd-5ba31a8d1091.jpg?fit=1200%2C415&ssl=1&resize=525%2C300 1.5x, https:\/\/i0.wp.com\/fmahaiti.org\/site\/wp-content\/uploads\/2025\/01\/6ada4638-6c57-40bd-9bcd-5ba31a8d1091.jpg?fit=1200%2C415&ssl=1&resize=700%2C400 2x, https:\/\/i0.wp.com\/fmahaiti.org\/site\/wp-content\/uploads\/2025\/01\/6ada4638-6c57-40bd-9bcd-5ba31a8d1091.jpg?fit=1200%2C415&ssl=1&resize=1050%2C600 3x"},"classes":[]}],"_links":{"self":[{"href":"https:\/\/fmahaiti.org\/site\/wp-json\/wp\/v2\/posts\/10111","targetHints":{"allow":["GET"]}}],"collection":[{"href":"https:\/\/fmahaiti.org\/site\/wp-json\/wp\/v2\/posts"}],"about":[{"href":"https:\/\/fmahaiti.org\/site\/wp-json\/wp\/v2\/types\/post"}],"author":[{"embeddable":true,"href":"https:\/\/fmahaiti.org\/site\/wp-json\/wp\/v2\/users\/11"}],"replies":[{"embeddable":true,"href":"https:\/\/fmahaiti.org\/site\/wp-json\/wp\/v2\/comments?post=10111"}],"version-history":[{"count":3,"href":"https:\/\/fmahaiti.org\/site\/wp-json\/wp\/v2\/posts\/10111\/revisions"}],"predecessor-version":[{"id":10155,"href":"https:\/\/fmahaiti.org\/site\/wp-json\/wp\/v2\/posts\/10111\/revisions\/10155"}],"wp:featuredmedia":[{"embeddable":true,"href":"https:\/\/fmahaiti.org\/site\/wp-json\/wp\/v2\/media\/10148"}],"wp:attachment":[{"href":"https:\/\/fmahaiti.org\/site\/wp-json\/wp\/v2\/media?parent=10111"}],"wp:term":[{"taxonomy":"category","embeddable":true,"href":"https:\/\/fmahaiti.org\/site\/wp-json\/wp\/v2\/categories?post=10111"},{"taxonomy":"post_tag","embeddable":true,"href":"https:\/\/fmahaiti.org\/site\/wp-json\/wp\/v2\/tags?post=10111"}],"curies":[{"name":"wp","href":"https:\/\/api.w.org\/{rel}","templated":true}]}}